{"id":114727,"date":"2025-12-16T14:44:10","date_gmt":"2025-12-16T14:44:10","guid":{"rendered":"https:\/\/www.europesays.com\/no\/114727\/"},"modified":"2025-12-16T14:44:10","modified_gmt":"2025-12-16T14:44:10","slug":"telenors-myanmar-exit-skal-granskes-av-kontrollkomiteen","status":"publish","type":"post","link":"https:\/\/www.europesays.com\/no\/114727\/","title":{"rendered":"Telenors Myanmar-exit skal granskes av Kontrollkomiteen"},"content":{"rendered":"\n<p class=\"_lead_o9xde_2 _lead_xtcu6_50 layout-component text-serif-m layout-normal text-serif-l layout-component layout-wide layout-padded _wide_17hqh_1 layout-padded\">Stortingets kontroll- og konstitusjonskomit\u00e9 har vedtatt \u00e5 \u00e5pne kontrollsak om Telenor og deres engasjement i Myanmar.<\/p>\n<p><img alt=\"Gatene i Myanmars hovedstad Yangon var teppelagt med Telenor-bannere da Telenor Myanmar ble lansert i 2014. Sju \u00e5r senere ble selskapets teledata brukt av milit\u00e6rjuntaen som kuppet makten, og n\u00e5 har kontroll- og konstitusjonskomiteen \u00e5pnet kontrollsak.  Foto: Heiko Junge \/ NTB\" class=\"_image_qp4xg_65 layout-component layout-wide\" data-fullscreen- data-track-element-type=\"Article image fullscreen\" data-track-name=\"ImageFullscreen\" fetchpriority=\"high\" decoding=\"sync\" loading=\"eager\" height=\"3456\" itemprop=\"image\"  src=\"https:\/\/www.europesays.com\/no\/wp-content\/uploads\/2025\/12\/7971104b-3ff1-4f96-8720-d6674a063d81\"  style=\"object-position:0% 0%\" width=\"5184\"\/>Gatene i Myanmars hovedstad Yangon var teppelagt med Telenor-bannere da Telenor Myanmar ble lansert i 2014. Sju \u00e5r senere ble selskapets teledata brukt av milit\u00e6rjuntaen som kuppet makten, og n\u00e5 har kontroll- og konstitusjonskomiteen \u00e5pnet kontrollsak.  Foto: Heiko Junge \/ NTB<\/p>\n<ul aria-hidden=\"true\" class=\"_images_ntbth_112\">\n<li><a class=\"_link_ntbth_117\" href=\"https:\/\/www.vg.no\/forfatter\/ntb\" style=\"z-index:1\" title=\"NTB\" rel=\"nofollow noopener\" target=\"_blank\"><img alt=\"Bilde av NTB\" class=\"_image_ntbth_93\" fetchpriority=\"low\" loading=\"lazy\" decoding=\"async\" itemprop=\"image\"  src=\"https:\/\/www.europesays.com\/no\/wp-content\/uploads\/2025\/12\/1765896250_653_c33980b0-5d07-4027-84a1-813f90a7c8d6\"  width=\"480\"\/><\/a><\/li>\n<\/ul>\n<p> Oppdatert tirsdag 16. desember kl. 14:41     <\/p>\n<p class=\"_paragraph_o9xde_4 _paragraph_xtcu6_10 layout-component text-serif-m layout-normal text-serif-m layout-padded\"> Telenors datterselskap Telenor <a href=\"https:\/\/www.vg.no\/tag\/myanmar?utm_source=vg-article&amp;utm_medium=auto-tagger&amp;utm_campaign=5pV5Re\" class=\"_link_o9xde_39\" rel=\"nofollow noopener\" target=\"_blank\">Myanmar<\/a> utleverte sensitive data om innbyggere i landet etter milit\u00e6rkuppet i 2021. Milit\u00e6rjuntaen fikk dermed tilgang til persondata om hundrevis av opposisjonelle og andre som sto i fare for \u00e5 bli p\u00e5grepet, if\u00f8lge <a href=\"https:\/\/www.nrk.no\/dokumentar\/nrk-avslorer_-telenor-delte-sensitive-persondata-med-militaerjunta-1.17532141\" class=\"_link_o9xde_39\" rel=\"nofollow noopener\" target=\"_blank\">NRK<\/a>.<\/p>\n<p class=\"_paragraph_o9xde_4 _paragraph_xtcu6_10 layout-component text-serif-m layout-normal text-serif-m layout-padded\">\u2013 Det som til n\u00e5 har kommet frem om Telenors opptreden i Myanmar, er totalt uakseptabelt. Vi m\u00e5 f\u00e5 avdekket hvordan et statseid norsk selskap kunne bist\u00e5 et brutalt milit\u00e6rregime med kundeinformasjon om opposisjonelle, og hvilken rolle regjeringen har hatt, sier komit\u00e9leder Per-Willy Amundsen (Frp).<\/p>\n<p class=\"_paragraph_o9xde_4 _paragraph_xtcu6_10 layout-component text-serif-m layout-normal text-serif-m layout-padded\">Komiteen stilte f\u00f8rst i oktober flere sp\u00f8rsm\u00e5l tilknyttet Telenors virksomhet og eierdialogen mellom regjeringen og selskapet om Myanmar-avviklingen og milit\u00e6rjuntaens bruk av teleselskapets data.<\/p>\n<p class=\"_paragraph_o9xde_4 _paragraph_xtcu6_10 layout-component text-serif-m layout-normal text-serif-m layout-padded\">Svarene var if\u00f8lge Amundsen ikke tilfredsstillende, og han mener N\u00e6ringsdepartementet holder tilbake viktige dokumenter i saken.<\/p>\n<p class=\"_paragraph_o9xde_4 _paragraph_xtcu6_10 layout-component text-serif-m layout-normal text-serif-m layout-padded\">Etter et ti\u00e5r med fors\u00f8k p\u00e5 demokrati i Myanmar grep milit\u00e6ret makten i et kupp i februar 2021, like f\u00f8r den demokratisk valgte regjeringen skulle tiltre. Tusenvis ble drept i demonstrasjonene som br\u00f8t ut.<\/p>\n<p class=\"_paragraph_o9xde_4 _paragraph_xtcu6_10 layout-component text-serif-m layout-normal text-serif-m layout-padded\">Landets sivile leder Aung San Suu Kyi og mer enn 20.000 andre er blitt p\u00e5grepet. Opposisjonen har de siste \u00e5rene dannet militser, som i samarbeid med etnisk baserte oppr\u00f8rsgrupper har tatt kontroll over store deler av landet.<\/p>\n","protected":false},"excerpt":{"rendered":"Stortingets kontroll- og konstitusjonskomit\u00e9 har vedtatt \u00e5 \u00e5pne kontrollsak om Telenor og deres engasjement i Myanmar. Gatene i&hellip;\n","protected":false},"author":2,"featured_media":114728,"comment_status":"","ping_status":"","sticky":false,"template":"","format":"standard","meta":{"footnotes":""},"categories":[10],"tags":[2627,20,21,24,25,15,22,23,2626,13,30,28,29,14,16,1418,26,27],"class_list":{"0":"post-114727","1":"post","2":"type-post","3":"status-publish","4":"format-standard","5":"has-post-thumbnail","7":"category-norge","8":"tag-aung-san-suu-kyi","9":"tag-breaking-news","10":"tag-breakingnews","11":"tag-featured-news","12":"tag-featurednews","13":"tag-headlines","14":"tag-latest-news","15":"tag-latestnews","16":"tag-myanmar","17":"tag-news","18":"tag-no","19":"tag-norge","20":"tag-norway","21":"tag-nyheter","22":"tag-overskrifter","23":"tag-telenor","24":"tag-top-stories","25":"tag-topstories"},"share_on_mastodon":{"url":"https:\/\/pubeurope.com\/@no\/115729784639970718","error":""},"_links":{"self":[{"href":"https:\/\/www.europesays.com\/no\/wp-json\/wp\/v2\/posts\/114727","targetHints":{"allow":["GET"]}}],"collection":[{"href":"https:\/\/www.europesays.com\/no\/wp-json\/wp\/v2\/posts"}],"about":[{"href":"https:\/\/www.europesays.com\/no\/wp-json\/wp\/v2\/types\/post"}],"author":[{"embeddable":true,"href":"https:\/\/www.europesays.com\/no\/wp-json\/wp\/v2\/users\/2"}],"replies":[{"embeddable":true,"href":"https:\/\/www.europesays.com\/no\/wp-json\/wp\/v2\/comments?post=114727"}],"version-history":[{"count":0,"href":"https:\/\/www.europesays.com\/no\/wp-json\/wp\/v2\/posts\/114727\/revisions"}],"wp:featuredmedia":[{"embeddable":true,"href":"https:\/\/www.europesays.com\/no\/wp-json\/wp\/v2\/media\/114728"}],"wp:attachment":[{"href":"https:\/\/www.europesays.com\/no\/wp-json\/wp\/v2\/media?parent=114727"}],"wp:term":[{"taxonomy":"category","embeddable":true,"href":"https:\/\/www.europesays.com\/no\/wp-json\/wp\/v2\/categories?post=114727"},{"taxonomy":"post_tag","embeddable":true,"href":"https:\/\/www.europesays.com\/no\/wp-json\/wp\/v2\/tags?post=114727"}],"curies":[{"name":"wp","href":"https:\/\/api.w.org\/{rel}","templated":true}]}}