{"id":114733,"date":"2025-12-16T14:51:10","date_gmt":"2025-12-16T14:51:10","guid":{"rendered":"https:\/\/www.europesays.com\/no\/114733\/"},"modified":"2025-12-16T14:51:10","modified_gmt":"2025-12-16T14:51:10","slug":"forbrukerradet-regnskogfondet-forbrukerradet-og-regnskogfondet-klager-kjokkenredskap-selger-inn-til-forbrukertilsynet","status":"publish","type":"post","link":"https:\/\/www.europesays.com\/no\/114733\/","title":{"rendered":"Forbrukerr\u00e5det, Regnskogfondet | Forbrukerr\u00e5det og Regnskogfondet klager kj\u00f8kkenredskap-selger inn til Forbrukertilsynet"},"content":{"rendered":"\n<p>Det opplyser Forbrukerr\u00e5det i en pressemelding.<\/p>\n<p>Skogshjerte selger kj\u00f8kkenredskaper i tre med p\u00e5stander som \u00ab100% kjemikaliefrie\u00bb og \u00ab100% tre i skandinavisk kvalitet\u00bb, men forbrukere rapporterer om postsendinger fra Kina.<\/p>\n<p>\u2013 Nettbutikken ser norsk ut, men forbrukere vi har snakket med rapporterer om postsendinger fra Kina, sier fagsjef for b\u00e6rekraft Elin Volder Rutle i Forbrukerr\u00e5det.<\/p>\n<p>De har i 2025 mottatt 30 henvendelser om Skogshjerte, som i stor grad handler om kvalitet og angrerett. P\u00e5 Trustpilot f\u00e5r nettbutikken 1,7 av 5 stjerner.<\/p>\n<p>Nettsiden mangler grunnleggende informasjon om foretakets navn og telefonnummer, noe som er p\u00e5krevd etter markedsf\u00f8ringsloven og angreloven.<\/p>\n<p>\u2013 If\u00f8lge Forbrukertilsynets retningslinjer er slike brede og vage milj\u00f8p\u00e5stander i utgangspunktet villedende og forbudt etter markedsf\u00f8ringsloven, sier Volder Rutle.<\/p>\n<p>NTB har bedt om kommentar fra Skogshjerte, men har forel\u00f8pig ikke f\u00e5tt svar.<\/p>\n<p>I desember i fjor sa Robin Lindgren i det svenske selskapet Rwl Ecom AB, som driver Skogshjerte, til <a rel=\"noopener nofollow\" href=\"https:\/\/www.nationen.no\/skogshjerte-kjokkenredskap-er-laget-av-regnskogtre\/s\/5-148-656631\" target=\"_blank\">Nationen <\/a>at \u00abvi snakker ikke om skandinavisk skog i v\u00e5r markedsf\u00f8ring, men om skandinavisk design. Skandinavisk design st\u00e5r for funksjonalitet, b\u00e6rekraft og tidl\u00f8s estetikk \u2013 noe vi synes speiler produktene v\u00e5re godt\u00bb.<\/p>\n","protected":false},"excerpt":{"rendered":"Det opplyser Forbrukerr\u00e5det i en pressemelding. Skogshjerte selger kj\u00f8kkenredskaper i tre med p\u00e5stander som \u00ab100% kjemikaliefrie\u00bb og \u00ab100%&hellip;\n","protected":false},"author":2,"featured_media":2136,"comment_status":"","ping_status":"","sticky":false,"template":"","format":"standard","meta":{"footnotes":""},"categories":[12],"tags":[36,20,21,24,25,4624,15,4486,22,23,13,30,28,29,14,16,13935,1510,26,27,42,43,44,45],"class_list":{"0":"post-114733","1":"post","2":"type-post","3":"status-publish","4":"format-standard","5":"has-post-thumbnail","7":"category-verden","8":"tag-art","9":"tag-breaking-news","10":"tag-breakingnews","11":"tag-featured-news","12":"tag-featurednews","13":"tag-forbrukerradet","14":"tag-headlines","15":"tag-kjokken","16":"tag-latest-news","17":"tag-latestnews","18":"tag-news","19":"tag-no","20":"tag-norge","21":"tag-norway","22":"tag-nyheter","23":"tag-overskrifter","24":"tag-regnskogfondet","25":"tag-story","26":"tag-top-stories","27":"tag-topstories","28":"tag-verden","29":"tag-world","30":"tag-world-news","31":"tag-worldnews"},"share_on_mastodon":{"url":"https:\/\/pubeurope.com\/@no\/115729811723711375","error":""},"_links":{"self":[{"href":"https:\/\/www.europesays.com\/no\/wp-json\/wp\/v2\/posts\/114733","targetHints":{"allow":["GET"]}}],"collection":[{"href":"https:\/\/www.europesays.com\/no\/wp-json\/wp\/v2\/posts"}],"about":[{"href":"https:\/\/www.europesays.com\/no\/wp-json\/wp\/v2\/types\/post"}],"author":[{"embeddable":true,"href":"https:\/\/www.europesays.com\/no\/wp-json\/wp\/v2\/users\/2"}],"replies":[{"embeddable":true,"href":"https:\/\/www.europesays.com\/no\/wp-json\/wp\/v2\/comments?post=114733"}],"version-history":[{"count":0,"href":"https:\/\/www.europesays.com\/no\/wp-json\/wp\/v2\/posts\/114733\/revisions"}],"wp:featuredmedia":[{"embeddable":true,"href":"https:\/\/www.europesays.com\/no\/wp-json\/wp\/v2\/media\/2136"}],"wp:attachment":[{"href":"https:\/\/www.europesays.com\/no\/wp-json\/wp\/v2\/media?parent=114733"}],"wp:term":[{"taxonomy":"category","embeddable":true,"href":"https:\/\/www.europesays.com\/no\/wp-json\/wp\/v2\/categories?post=114733"},{"taxonomy":"post_tag","embeddable":true,"href":"https:\/\/www.europesays.com\/no\/wp-json\/wp\/v2\/tags?post=114733"}],"curies":[{"name":"wp","href":"https:\/\/api.w.org\/{rel}","templated":true}]}}