{"id":114736,"date":"2025-12-16T15:00:12","date_gmt":"2025-12-16T15:00:12","guid":{"rendered":"https:\/\/www.europesays.com\/no\/114736\/"},"modified":"2025-12-16T15:00:12","modified_gmt":"2025-12-16T15:00:12","slug":"skal-granske-roller-i-habilitetssaken-i-agder-fylkeskommune-nrk-sorlandet-lokale-nyheter-tv-og-radio","status":"publish","type":"post","link":"https:\/\/www.europesays.com\/no\/114736\/","title":{"rendered":"Skal granske roller i habilitetssaken i Agder fylkeskommune \u2013 NRK S\u00f8rlandet \u2013 Lokale nyheter, TV og radio"},"content":{"rendered":"<p>Saken oppsummert:<\/p>\n<ul>\n<li>Tine Sundtofts rolle i habilitetssaken i Agder fylkeskommune skal granskes, med fokus p\u00e5 hva hun visste og n\u00e5r.<\/li>\n<li>Saken startet etter at tidligere samferdselsdirekt\u00f8r Ola Olsbu ble avsl\u00f8rt som inhabil i arbeidet med en industrivei, samtidig som han solgte en privat tomt i omr\u00e5det og ble mangemillion\u00e6r.<\/li>\n<li>Olsbu fratr\u00e5dte sin stilling som samferdselsdirekt\u00f8r, men fortsetter i en r\u00e5dgiverstilling frem til sommeren.<\/li>\n<li>Kontrollutvalget i Agder vil holde en \u00e5pen h\u00f8ring i januar\/februar 2024, hvor b\u00e5de Sundtoft, fylkesordf\u00f8rer Arne Thomassen og muligens Olsbu vil bli innkalt.<\/li>\n<li>Agder kommunerevisjon IKS er i gang med \u00e5 innhente dokumentasjon og informasjon for \u00e5 gjennomf\u00f8re en grundig granskning.<\/li>\n<li>Fylkesordf\u00f8rer Thomassen har bedt om rask fremdrift i saken, men revisjonsarbeidet er fortsatt i en tidlig fase.<\/li>\n<\/ul>\n<p>Oppsummeringen er laget av en KI-tjeneste fra OpenAI. Innholdet er kvalitetssikret av NRKs journalister f\u00f8r publisering.<\/p>\n<p>Granskingen skjer etter at NRK avsl\u00f8rte at tidligere samferdselsdirekt\u00f8r i Agder Ola Olsbu, var inhabil i arbeidet med en ny industrivei knyttet til batterifabrikken Morrow i Arendal kommune.<\/p>\n<p>Olsbu ble mangemillion\u00e6r da han <a href=\"https:\/\/www.nrk.no\/sorlandet\/xl\/inhabil-veisjef-ble-mangemillionaer-1.17671363\" ec-id=\"pp:article:1.17671363\" ec-name=\"solgte en privat tomt samtidig som han jobbet med industriveien\" rel=\"nofollow noopener\" target=\"_blank\">solgte en privat tomt samtidig som han jobbet med industriveien<\/a> i samme omr\u00e5de.<\/p>\n<p>Etter avsl\u00f8ringen <a href=\"https:\/\/www.nrk.no\/sorlandet\/habilitetssaken-i-agder-fylkeskommune_-tine-sundtoft-informerer-kontrollutvalget-1.17685586\" ec-id=\"pp:article:1.17685586\" ec-name=\"m\u00e5tte Olsbu fratre fra sin stilling som samferdselsdirekt\u00f8r med umiddelbar virkning\" rel=\"nofollow noopener\" target=\"_blank\">m\u00e5tte Olsbu fratre fra sin stilling som samferdselsdirekt\u00f8r med umiddelbar virkning<\/a>.<\/p>\n<p>Han har ikke lenger tillit.<\/p>\n<p>Dette er habilitetssaken<\/p>\n<p><strong>Dobbeltrolle:<\/strong><\/p>\n<p>Som fylkesdirekt\u00f8r for samferdsel og eiendom i Agder fylkeskommune har Ola Olsbu hatt ansvar for store veiprosjekter, inkludert ny industrivei til batterifabrikken Morrow i Arendal.<\/p>\n<p>Samtidig som Olsbu jobbet for den nye industriveien, eide han en privat skogstomt i det ber\u00f8rte omr\u00e5det. I 2021 solgte han deler av tomta til et privat selskap for 11,8 millioner kroner \u2013 en pris langt over det kommunen tilb\u00f8d. Den nye industriveien var med \u00e5 \u00f8ke verdien til tomta.<\/p>\n<p><strong>Erkl\u00e6rt inhabil:<\/strong><\/p>\n<p>Olsbu ba om habilitetsvurdering september 2021 og ble erkl\u00e6rt inhabil p\u00e5 papiret i november samme \u00e5r. Til tross for dette deltok han p\u00e5 h\u00f8ring i Stortinget og sendte e-poster om veifinansiering etter at han ans\u00e5 seg selv som inhabil.<\/p>\n<p><strong>Privat bruk av jobb-e-post:<\/strong><\/p>\n<p>Olsbu brukte fylkeskommunens e-postkonto og signatur til \u00e5 forhandle om det private tomtesalget. Han behandlet og avslo ogs\u00e5 selv innsynskrav fra pressen i disse e-postene.<\/p>\n<p><strong>Dette er avtalen mellom Olsbu og Otra Holding AS<\/strong><\/p>\n<p>Ola Olsbu inngikk avtale med Otra Holding AS hvor de fikk tilgang til 400 m\u00e5l av hans tomt. 150 m\u00e5l er allerede solgt til Arendal kommune for 160 millioner kroner.<\/p>\n<p>Olsbus gevinst har s\u00e5 langt v\u00e6rt 11.8 millioner.<\/p>\n<p>Hvis resten av tomten blir solgt til samme vilk\u00e5r kan han sitte igjen med over 30 millioner kroner.<\/p>\n<p>Industriveien kan ha bidratt til \u00e5 \u00f8ke prisen p\u00e5 tomten.<\/p>\n<p>Derfor mente b\u00e5de Olsbu selv og fylkeskommunen at han var inhabil i saken.<\/p>\n<p><strong>M\u00e5tte slutte i jobben<\/strong><\/p>\n<p>Etter NRKs avsl\u00f8ring m\u00e5tte Olsbu fratre fra sin stilling som samferdselsdirekt\u00f8r med umiddelbar virkning. Han har ikke lenger tillit.<\/p>\n<p><strong>Fylkeskommunen skal granskes<\/strong><\/p>\n<p>N\u00e5 skal Tine Sundstofts rolle og fylkeskommunens h\u00e5ndtering granskes eksternt av Agder kommunerevisjon.<\/p>\n<p>Revisjonen vil levere konklusjonen sin til politikerne i kontrollutvalget.<\/p>\n<p>Skal se p\u00e5 Sundtoft<\/p>\n<p>N\u00e5 skal ogs\u00e5 Olsbus sjef og \u00f8verste leder i Agder fylkeskommune Tine Sundtoft under lupen.<\/p>\n<p>Hun vil bli innkalt til en \u00e5pen h\u00f8ring i kontrollutvalget i m\u00e5nedsskiftet januar\/februar neste \u00e5r.<\/p>\n<p><strong>\u2013 Det er administrasjonen vi ser p\u00e5. Fylkeskommunedirekt\u00f8rens rolle og samferdselsdirekt\u00f8rens rolle, sier revisjonsdirekt\u00f8r Tor Ole Holbek til NRK.<\/strong><\/p>\n<p>Han leder Agder Kommunerevisjon IKS, en interkommunal revisjonsenhet som har spesialisert seg p\u00e5 revisjon av kommuner. <\/p>\n<p>Selskapet eies av Agder fylkeskommune og sju s\u00f8rlandskommuner.<\/p>\n<p>Vil kalle inn fylkesordf\u00f8reren<\/p>\n<p>I tillegg vil fylkesordf\u00f8rer i Agder Arne Thomassen bli kalt inn.<\/p>\n<p>\u2013 Det er naturlig at b\u00e5de hun og fylkesordf\u00f8reren blir bedt om \u00e5 komme, sier utvalgssekret\u00e6r i VETAKS, Benedikte Muruvik Vonen, til NRK.<\/p>\n<p>VETAKS er kontrollutvalgssekretariatet for Vestfold, Telemark og Agder.<\/p>\n<p>Kontrollutvalget skal ha et forberedende m\u00f8te 14. januar. <\/p>\n<p>I dette m\u00f8tet vil det bli avklart hvem som kalles inn til h\u00f8ringen.<\/p>\n<p><strong>Den avg\u00e5tte samferdselsdirekt\u00f8ren Ola Olsbu vil trolig bli spurt om \u00e5 stille.<\/strong><\/p>\n<p>\u2013 Han vil kunne bli invitert, men det er opp til ham selv om han eventuelt vil stille eller ikke. Han har ingen plikt til \u00e5 komme, understreker utvalgssekret\u00e6ren.<\/p>\n<p><img decoding=\"async\"   src=\"data:image\/gif;base64,R0lGODlhAQABAIAAAAAAAP\/\/\/yH5BAEAAAAALAAAAAABAAEAAAIBRAA7\" loading=\"eager\" alt=\"Flere personer sitter samlet i et rom med lyse vegger. En mann i bl\u00e5 blazer og ID-kort har en samtale. En kvinne med lyst h\u00e5r og gr\u00f8nn skjorte sitter ved siden av. Det er ogs\u00e5 en laptop og en kopp p\u00e5 bordet foran dem. (Bildebeskrivelsen er laget av en KI-tjeneste)\" title=\"Foto: Amalie Sande Henden \/ NRK\"\/><\/p>\n<p class=\"\">Fylkesordf\u00f8rer Arne Thomassen vil bli bedt om \u00e5 delta p\u00e5 en \u00e5pen h\u00f8ring i kontrollutvalget neste \u00e5r.<\/p>\n<p>Foto: Amalie Sande Henden \/ NRK<\/p>\n<p>I gang med kartlegging<\/p>\n<p>Agder kommunerevisjon er allerede i gang med \u00e5 kartlegge saken.<\/p>\n<p>De har f\u00e5tt oversendt samme dokumenter og materiale som advokatfirmaet Tofte Hald brukte i sin vurdering i habilitetssaken.<\/p>\n<p><strong>\u2013 Vi innhenter n\u00e5 all informasjon og g\u00e5r bredt ut. Det er viktig at vi f\u00e5r innsyn i alle relevante dokumenter og annen informasjon i saken, sier revisjonsdirekt\u00f8ren.<\/strong><\/p>\n<p>Advokatfirmaet Tofte Hald hjalp fylkeskommunedirekt\u00f8ren med \u00e5 vurdere om den avg\u00e5tte samferdselsdirekt\u00f8ren hadde overtr\u00e5dt habilitetsreglene.<\/p>\n<p><a href=\"https:\/\/www.nrk.no\/sorlandet\/har-mottatt-rapporten-om-den-tidligere-veisjefen-ola-olsbu-1.17684221\" ec-id=\"pp:article:1.17684221\" ec-name=\"Firmaet slo fast at han hadde v\u00e6rt inhabil lenge f\u00f8r han selv erkl\u00e6rte dette\" rel=\"nofollow noopener\" target=\"_blank\">Firmaet slo fast at han hadde v\u00e6rt inhabil lenge f\u00f8r han selv erkl\u00e6rte dette<\/a>, og at \u00abtillitsbruddet var s\u00e5 alvorlig at det var grunn til \u00e5 vurdere oppsigelse\u00bb.<\/p>\n<p>Ola Olsbu og hans sjef, Tine Sundtoft, inngikk en minnelig avtale, der Olsbu fratr\u00e5dte som samferdselsdirekt\u00f8r med umiddelbar virkning.<\/p>\n<p>Han fortsetter i en r\u00e5dgiverstilling frem til sommeren.<\/p>\n<p>Revisjonsdirekt\u00f8ren sier det etter hvert vil v\u00e6re naturlig \u00e5 snakke direkte med Ola Olsbu siden han fortsatt er ansatt i fylkeskommunen.<\/p>\n<p>\u2013 Vi er opptatt av at alle parter skal bli h\u00f8rt i saken, og vil vektlegge kontradiksjon, understreker Tor Ole Holbek.<\/p>\n<p>Ba om fortgang<\/p>\n<p>Agder kontrollutvalg fikk en orientering om habilitetssaken i sitt m\u00f8te 10. desember.<\/p>\n<p>I m\u00f8tet redegjorde fylkeskommunedirekt\u00f8r Tine Sundtoft for hendelser og interne prosesser i saken.<\/p>\n<p><img decoding=\"async\"   src=\"data:image\/gif;base64,R0lGODlhAQABAIAAAAAAAP\/\/\/yH5BAEAAAAALAAAAAABAAEAAAIBRAA7\" loading=\"eager\" alt=\"M\u00f8te i et moderne rom med tretti personer til stede, de fleste ved bordet med datamaskiner. En taler st\u00e5r foran en skjerm, hvor informasjon vises. Det er bord med drikkevarer og kl\u00e6r p\u00e5 en henger bak. Veggene har fargerike malerier og trepanel. (Bildebeskrivelsen er laget av en KI-tjeneste)\" title=\"Foto: Geir Ingar Egeland \/ NRK\"\/><\/p>\n<p class=\"\">Tine Sundtoft orienterte kontrollutvalget om habilitetssaken 10. desember.<\/p>\n<p>Foto: Geir Ingar Egeland \/ NRK<\/p>\n<p>Til stede under m\u00f8tet var ogs\u00e5 fylkesordf\u00f8rer Arne Thomassen.<\/p>\n<p>Han sa ingen ting under behandlingen av saken, men ba senere i m\u00f8tet om ordet. I referatet heter det:<\/p>\n<p>\u00abHan takket for at kontrollutvalget satte saken om habilitet og roller p\u00e5 agendaen s\u00e5 raskt. Han ba om at den videre behandlingen av saken gj\u00f8res raskt.\u00bb<\/p>\n<p>Henstillingen ble tatt opp p\u00e5 slutten av m\u00f8tet i kontrollutvalget, og daglig leder i sekretariatet, Line Bosnes Hegna, gjorde det klart at de ville se p\u00e5 fylkesordf\u00f8rerens \u00f8nske om rask fremdrift i prosjektet.<\/p>\n<p><strong>Agder kommunerevisjon IKS som st\u00e5r ansvarlig for granskingen, kan ikke si noe om tidsaspektet.<\/strong><\/p>\n<p>\u2013 Det er umulig \u00e5 svare p\u00e5 n\u00e5r v\u00e5re unders\u00f8kelser kan v\u00e6re ferdig. Vi er s\u00e5 vidt i startfasen med \u00e5 innhente informasjon og kommer til \u00e5 jobbe b\u00e5de i julen og nytt\u00e5r, sier revisjonsdirekt\u00f8ren.<\/p>\n<p>Han understreker at de vil ta den tiden de trenger for \u00e5 kunne gi en s\u00e5 grundig og fyllestgj\u00f8rende rapport som mulig.<\/p>\n<p>    Fylkesdirekt\u00f8rens parallelle forhandlinger<\/p>\n<p class=\"dhtl__timeline-ingress\">Her kan du se n\u00f8kkeldatoene i Olsbus arbeid med batteriveien og hans private tomtesalg:<\/p>\n<ul aria-hidden=\"false\">\n<li wp_automatic_readability=\"-2\">\n<p>Det blir kjent at Morrow Batteries velger Arendal kommune som plassering. <\/p>\n<\/li>\n<li wp_automatic_readability=\"-1.5\">\n<p>Ola Olsbu er med p\u00e5 \u00e5 sende brev til Samferdselsdepartementet. Brevet er en invitasjon til samarbeid om en vei mellom Morrows tomt og Arendal Havn. <\/p>\n<\/li>\n<li wp_automatic_readability=\"-1.5\">\n<p>Ola Olsbu orienterer politikere i Agder om batteriveien. Her understreker han viktigheten av prosjektet. <\/p>\n<\/li>\n<li wp_automatic_readability=\"-1.5\">\n<p>I et styrem\u00f8te i Agder Renovasjon legges det frem at de sannsynligvis m\u00e5 flytte for \u00e5 gj\u00f8re plass til Morrow. Morrow ligger p\u00e5 nabotomta. <\/p>\n<\/li>\n<li wp_automatic_readability=\"-1\">\n<p>Ola Olsbu er i m\u00f8te med Arendal kommune om kj\u00f8p av tomta hans. Olsbu f\u00e5r et tilbud fra kommunen, uten \u00e5 takke ja. <\/p>\n<\/li>\n<li wp_automatic_readability=\"-1.5\">\n<p>Olsbu svarer Arendal kommune at han har f\u00e5tt bedre tilbud fra andre som vil kj\u00f8pe tomta. Han sier de kan ta et nytt m\u00f8te. <\/p>\n<\/li>\n<li>\n<p>Olsbu er med p\u00e5 befaring om batteriveien, der H\u00f8yre vil at batteriveien skal bygges som riksvei. <\/p>\n<p><img decoding=\"async\"   src=\"data:image\/gif;base64,R0lGODlhAQABAIAAAAAAAP\/\/\/yH5BAEAAAAALAAAAAABAAEAAAIBRAA7\" loading=\"eager\" alt=\"Skjermdump Batterivei\" title=\"Faksimile: Arendals Tidene\"\/><\/p>\n<p>Faksimile: Arendals Tidene<\/p>\n<\/li>\n<li wp_automatic_readability=\"-1.5\">\n<p>Olsbu sender brev til Samferdselsdepartementet om viktigheten av batteriveien. Han ber om dialog om veien. <\/p>\n<\/li>\n<li wp_automatic_readability=\"-1\">\n<p>Etter nye m\u00f8ter med Arendal kommune, takker Olsbu nei til videre forhandlinger med kommunen. Han vil heller forhandle med private akt\u00f8rer. <\/p>\n<\/li>\n<li wp_automatic_readability=\"-1.5\">\n<p>Formannskapet i Arendal kommune vedtar regulering av tre tomter som alternativer for flytting av renovasjonsanlegget. Blant tomtene er Olsbus. <\/p>\n<\/li>\n<li wp_automatic_readability=\"-0.5\">\n<p>Olsbu ber Agder Fylkeskommune om \u00e5 gj\u00f8re en habilitetsvurdering, siden Arendal kommune har tatt kontakt for \u00e5 vurdere mulighetene for \u00e5 kj\u00f8pe arealer han eier. Han skriver at det ikke er gjort noen avtaler.<\/p>\n<\/li>\n<li wp_automatic_readability=\"-1.5\">\n<p>Arendal kommunen truer med ekspropriasjon av Olsbus tomt. Det vil si at de tvangskj\u00f8per tomta til en satt pris. <\/p>\n<\/li>\n<li wp_automatic_readability=\"-0.5\">\n<p>I et h\u00f8ringsutspill signert av Olsbu og fylkesordf\u00f8reren i Agder, Arne Thomassen, ber de om penger til batteriveien. <\/p>\n<\/li>\n<li wp_automatic_readability=\"-1.5\">\n<p>Fylkesordf\u00f8reren ber om penger til batteriveien i et m\u00f8te med transportkomiteen p\u00e5 Stortinget. Olsbu er ved hans side.<\/p>\n<\/li>\n<li wp_automatic_readability=\"-1.5\">\n<p>Olsbu er koblet p\u00e5 dialog med Arendal om m\u00f8te med ny samferdselsminister Jon-Ivar Nyg\u00e5rd (Ap). Olsbu deltok ikke p\u00e5 m\u00f8tet selv. <\/p>\n<\/li>\n<li wp_automatic_readability=\"-2\">\n<p>Agder fylkeskommune konkluderer med at Olsbu er inhabil i saker om batteriveien.<\/p>\n<\/li>\n<li wp_automatic_readability=\"0\">\n<p>Etter m\u00f8tet med samferdselsministeren skriver Olsbu at det var tilslutning til et m\u00f8te med statsministeren. Han skriver at han er inhabil, ikke skal mene noe om saken lenger, men at han bare er et &laquo;et tastetrykk unna &#8230;..&raquo;<\/p>\n<\/li>\n<\/ul>\n<p>Publisert<\/p>\n<p>16.12.2025, kl. 14.06<\/p>\n","protected":false},"excerpt":{"rendered":"Saken oppsummert: Tine Sundtofts rolle i habilitetssaken i Agder fylkeskommune skal granskes, med fokus p\u00e5 hva hun visste&hellip;\n","protected":false},"author":2,"featured_media":114737,"comment_status":"","ping_status":"","sticky":false,"template":"","format":"standard","meta":{"footnotes":""},"categories":[10],"tags":[20,21,24,25,15,22,23,13,30,28,29,14,16,26,27],"class_list":{"0":"post-114736","1":"post","2":"type-post","3":"status-publish","4":"format-standard","5":"has-post-thumbnail","7":"category-norge","8":"tag-breaking-news","9":"tag-breakingnews","10":"tag-featured-news","11":"tag-featurednews","12":"tag-headlines","13":"tag-latest-news","14":"tag-latestnews","15":"tag-news","16":"tag-no","17":"tag-norge","18":"tag-norway","19":"tag-nyheter","20":"tag-overskrifter","21":"tag-top-stories","22":"tag-topstories"},"share_on_mastodon":{"url":"https:\/\/pubeurope.com\/@no\/115729847082901359","error":""},"_links":{"self":[{"href":"https:\/\/www.europesays.com\/no\/wp-json\/wp\/v2\/posts\/114736","targetHints":{"allow":["GET"]}}],"collection":[{"href":"https:\/\/www.europesays.com\/no\/wp-json\/wp\/v2\/posts"}],"about":[{"href":"https:\/\/www.europesays.com\/no\/wp-json\/wp\/v2\/types\/post"}],"author":[{"embeddable":true,"href":"https:\/\/www.europesays.com\/no\/wp-json\/wp\/v2\/users\/2"}],"replies":[{"embeddable":true,"href":"https:\/\/www.europesays.com\/no\/wp-json\/wp\/v2\/comments?post=114736"}],"version-history":[{"count":0,"href":"https:\/\/www.europesays.com\/no\/wp-json\/wp\/v2\/posts\/114736\/revisions"}],"wp:featuredmedia":[{"embeddable":true,"href":"https:\/\/www.europesays.com\/no\/wp-json\/wp\/v2\/media\/114737"}],"wp:attachment":[{"href":"https:\/\/www.europesays.com\/no\/wp-json\/wp\/v2\/media?parent=114736"}],"wp:term":[{"taxonomy":"category","embeddable":true,"href":"https:\/\/www.europesays.com\/no\/wp-json\/wp\/v2\/categories?post=114736"},{"taxonomy":"post_tag","embeddable":true,"href":"https:\/\/www.europesays.com\/no\/wp-json\/wp\/v2\/tags?post=114736"}],"curies":[{"name":"wp","href":"https:\/\/api.w.org\/{rel}","templated":true}]}}