{"id":114742,"date":"2025-12-16T15:08:10","date_gmt":"2025-12-16T15:08:10","guid":{"rendered":"https:\/\/www.europesays.com\/no\/114742\/"},"modified":"2025-12-16T15:08:10","modified_gmt":"2025-12-16T15:08:10","slug":"mann-domt-for-drapstrusler-mot-nora-haukland","status":"publish","type":"post","link":"https:\/\/www.europesays.com\/no\/114742\/","title":{"rendered":"Mann d\u00f8mt for drapstrusler mot Nora Haukland"},"content":{"rendered":"\n<p class=\"_lead_o9xde_2 _lead_xtcu6_50 layout-component text-serif-m layout-normal text-serif-l layout-component layout-wide layout-padded _wide_17hqh_1 layout-padded\">Den 27 \u00e5r gamle mannen er d\u00f8mt for \u00e5 ha truet henne med en torpedo dersom hun ikke trakk anmeldelsen mot Marius Borg H\u00f8iby.<\/p>\n<p><img alt=\" Foto: Mattis Sandblad \/ VG\" class=\"_image_qp4xg_65 layout-component layout-wide\" data-fullscreen- data-track-element-type=\"Article image fullscreen\" data-track-name=\"ImageFullscreen\" fetchpriority=\"high\" decoding=\"sync\" loading=\"eager\" height=\"4000\" itemprop=\"image\"  src=\"https:\/\/www.europesays.com\/no\/wp-content\/uploads\/2025\/12\/904a25c4-355c-4a98-9679-9b2a09c625f8\"  style=\"object-position:0% 0%\" width=\"6000\"\/> Foto: Mattis Sandblad \/ VG<\/p>\n<ul aria-hidden=\"true\" class=\"_images_ntbth_112\">\n<li><a class=\"_link_ntbth_117\" href=\"https:\/\/www.vg.no\/forfatter\/simone-holen-soenstroed\" style=\"z-index:2\" title=\"Simone Holen S\u00f8nstr\u00f8d\" rel=\"nofollow noopener\" target=\"_blank\"><img alt=\"Bilde av Simone Holen S\u00f8nstr\u00f8d\" class=\"_image_ntbth_93\" fetchpriority=\"low\" loading=\"lazy\" decoding=\"async\" itemprop=\"image\"  src=\"https:\/\/www.europesays.com\/no\/wp-content\/uploads\/2025\/12\/1765897690_618_f61c0667-389a-47b7-9bb0-2c4d4abdb35d\"  width=\"480\"\/><\/a><\/li>\n<li><a class=\"_link_ntbth_117\" href=\"https:\/\/www.vg.no\/forfatter\/ntb\" style=\"z-index:1\" title=\"NTB\" rel=\"nofollow noopener\" target=\"_blank\"><img alt=\"Bilde av NTB\" class=\"_image_ntbth_93\" fetchpriority=\"low\" loading=\"lazy\" decoding=\"async\" itemprop=\"image\"  src=\"https:\/\/www.europesays.com\/no\/wp-content\/uploads\/2025\/12\/1765897690_736_c33980b0-5d07-4027-84a1-813f90a7c8d6\"  width=\"480\"\/><\/a><\/li>\n<\/ul>\n<p> Oppdatert tirsdag 16. desember kl. 15:39    <\/p>\n<ul class=\"_list_o9xde_3 _list_64s2r_85 _unordered_o9xde_106 text-sans-m\">\n<li class=\"_item_o9xde_30\">En 27 \u00e5r gammel mann er d\u00f8mt til to og et halvt \u00e5rs fengsel for trusler mot influenser Nora Haukland.<\/li>\n<li class=\"_item_o9xde_30\">Straffen inkluderer ett \u00e5r betinget med tre \u00e5rs pr\u00f8vetid.<\/li>\n<li class=\"_item_o9xde_30\">Mannen fors\u00f8kte blant annet \u00e5 presse Haukland til \u00e5 trekke anmeldelsen mot Marius Borg H\u00f8iby.<\/li>\n<\/ul>\n<p>Vis mer <\/p>\n<p class=\"_paragraph_o9xde_4 _paragraph_xtcu6_10 layout-component text-serif-m layout-normal text-serif-m layout-padded\">N\u00e5 er han d\u00f8mt til to \u00e5r og seks m\u00e5neders fengsel for trusler mot influenser <a href=\"https:\/\/www.vg.no\/tag\/nora-haukland?utm_source=vg-article&amp;utm_medium=auto-tagger&amp;utm_campaign=Pd3b86\" class=\"_link_o9xde_39\" rel=\"nofollow noopener\" target=\"_blank\">Nora Haukland<\/a>. Ett \u00e5r av straffen gj\u00f8res betingetbetingetEn fengselsstraff som ikke m\u00e5 sones i fengsel med mindre den d\u00f8mte beg\u00e5r en ny forbrytelse i l\u00f8pet av en bestemt pr\u00f8vetid. med tre \u00e5rs pr\u00f8vetid. <\/p>\n<p class=\"_paragraph_o9xde_4 _paragraph_xtcu6_10 layout-component text-serif-m layout-normal text-serif-m layout-padded\">Det var Dagbladet som meldte <a href=\"https:\/\/www.dagbladet.no\/nyheter\/domt-for-draps-trusler\/83983113\" class=\"_link_o9xde_39\" rel=\"nofollow noopener\" target=\"_blank\">om dommen f\u00f8rst<\/a>. <\/p>\n<p class=\"_paragraph_o9xde_4 _paragraph_xtcu6_10 layout-component text-serif-m layout-normal text-serif-m layout-padded\">Mannen <a href=\"https:\/\/www.vg.no\/rampelys\/i\/M7w0v5\/mann-truet-nora-haukland-naa-erkjenner-han-straffskyld\" data-track-element-type=\"Link\" data-track-id=\"link:M7w0v5\" class=\"_link_o9xde_39\" rel=\"nofollow noopener\" target=\"_blank\">erkjente seg skyldig etter tiltalen<\/a> da han m\u00f8tte i Drammen tinghus tidligere denne m\u00e5neden.<\/p>\n<p class=\"_paragraph_o9xde_4 _paragraph_xtcu6_10 layout-component text-serif-m layout-normal text-serif-m layout-padded\">Forsvarer Ole Magnus Str\u00f8mmen sier til Dagbladet at hans klient er informert om resultatet, men at de ikke har gjennomg\u00e5tt detaljene.<\/p>\n<p class=\"_paragraph_o9xde_4 _paragraph_xtcu6_10 layout-component text-serif-m layout-normal text-serif-m layout-padded\">\u2013 Han vil vurdere \u00e5 bruke rettsmidler mot dommen, men tar betenkningstid, sier Str\u00f8mmen, som blant annet mener at straffeutm\u00e5lingen er for streng.<\/p>\n<p>Sendte truende e-poster<\/p>\n<p class=\"_paragraph_o9xde_4 _paragraph_xtcu6_10 layout-component text-serif-m layout-normal text-serif-m layout-padded\">27-\u00e5ringen sendte en truende e-post til Nora Haukland hvor han fors\u00f8kte \u00e5 presse henne til \u00e5 trekke anmeldelsen mot Marius Borg H\u00f8iby. Dette til tross for at det var politiet som tok ut anmeldelse mot H\u00f8iby, ikke Haukland selv.<\/p>\n<p class=\"_paragraph_o9xde_4 _paragraph_xtcu6_10 layout-component text-serif-m layout-normal text-serif-m layout-padded\">Han skal if\u00f8lge dommen ogs\u00e5 ha kontaktet en tidligere torpedo, og bedt ham drepe eller kidnappe henne, dersom hun ikke betalte ham \u00e9n million kroner.<\/p>\n<p class=\"_paragraph_o9xde_4 _paragraph_xtcu6_10 layout-component text-serif-m layout-normal text-serif-m layout-padded\">I retten forklarte den tiltalte at han sendte e-postene for \u00e5 skremme Haukland. <\/p>\n<p class=\"_paragraph_o9xde_4 _paragraph_xtcu6_10 layout-component text-serif-m layout-normal text-serif-m layout-padded\">Han sa han hadde sett H\u00f8iby-saken i media og var lei av \u00e5 h\u00f8re om den. Han var ogs\u00e5 irritert over at kongefamilien var involvert i saken, han hadde aldri opplevd at noen i kongefamilien skulle utsettes for straff, st\u00e5r det i dommen.<\/p>\n<p class=\"_paragraph_o9xde_4 _paragraph_xtcu6_10 layout-component text-serif-m layout-normal text-serif-m layout-padded\"><strong class=\"_strong_o9xde_25\">Haukland i retten<\/strong>: <a href=\"https:\/\/www.vg.no\/rampelys\/i\/16PERM\/haukland-i-retten-foelte-meg-ikke-trygg\" data-track-element-type=\"Link\" data-track-id=\"link:16PERM\" class=\"_link_o9xde_39\" rel=\"nofollow noopener\" target=\"_blank\">\u00abF\u00f8lte meg ikke trygg\u00bb<\/a><\/p>\n<p>M\u00e5 betale 20.000 i oppreisning <\/p>\n<p class=\"_paragraph_o9xde_4 _paragraph_xtcu6_10 layout-component text-serif-m layout-normal text-serif-m layout-padded\">I dommen fremkommer det at retten ikke er i tvil om at saken har v\u00e6rt en stor psykisk belastning for Nora Haukland. Etter en samlet vurdering m\u00e5 mannen ogs\u00e5 betale oppreisning p\u00e5 20.000 kroner til henne.<\/p>\n<p class=\"_paragraph_o9xde_4 _paragraph_xtcu6_10 layout-component text-serif-m layout-normal text-serif-m layout-padded\">Bistandsadvokat Heidi Reisvang forteller at saken har v\u00e6rt en merbelastning for Haukland, som allerede er forn\u00e6rmet i H\u00f8iby-saken. <\/p>\n<p class=\"_paragraph_o9xde_4 _paragraph_xtcu6_10 layout-component text-serif-m layout-normal text-serif-m layout-padded\">\u2013 N\u00e5r det gjelder den konkrete dommen er det et forventet resultat, og Haukland har f\u00e5tt tilkjent erstatning for truslene hun har blitt utsatt for. Hun opplever at saken har blitt tatt p\u00e5 alvor, skriver Reisvang i en sms til VG. <\/p>\n<p class=\"_paragraph_o9xde_4 _paragraph_xtcu6_10 layout-component text-serif-m layout-normal text-serif-m layout-padded\">VG har ogs\u00e5 bedt om en kommentar fra forsvarer Ole Magnus Str\u00f8mmen, men har forel\u00f8pig ikke f\u00e5tt svar. <\/p>\n<p class=\"_paragraph_o9xde_4 _paragraph_xtcu6_10 layout-component text-serif-m layout-normal text-serif-m layout-padded\">Mannen er ogs\u00e5 d\u00f8mt for flere andre forhold, blant annet trusler mot Stortinget.<\/p>\n","protected":false},"excerpt":{"rendered":"Den 27 \u00e5r gamle mannen er d\u00f8mt for \u00e5 ha truet henne med en torpedo dersom hun ikke&hellip;\n","protected":false},"author":2,"featured_media":114743,"comment_status":"","ping_status":"","sticky":false,"template":"","format":"standard","meta":{"footnotes":""},"categories":[10],"tags":[20,21,2675,24,25,15,22,23,13,30,831,28,29,14,16,26,27],"class_list":{"0":"post-114742","1":"post","2":"type-post","3":"status-publish","4":"format-standard","5":"has-post-thumbnail","7":"category-norge","8":"tag-breaking-news","9":"tag-breakingnews","10":"tag-dommer","11":"tag-featured-news","12":"tag-featurednews","13":"tag-headlines","14":"tag-latest-news","15":"tag-latestnews","16":"tag-news","17":"tag-no","18":"tag-nora-haukland","19":"tag-norge","20":"tag-norway","21":"tag-nyheter","22":"tag-overskrifter","23":"tag-top-stories","24":"tag-topstories"},"share_on_mastodon":{"url":"https:\/\/pubeurope.com\/@no\/115729879459430782","error":""},"_links":{"self":[{"href":"https:\/\/www.europesays.com\/no\/wp-json\/wp\/v2\/posts\/114742","targetHints":{"allow":["GET"]}}],"collection":[{"href":"https:\/\/www.europesays.com\/no\/wp-json\/wp\/v2\/posts"}],"about":[{"href":"https:\/\/www.europesays.com\/no\/wp-json\/wp\/v2\/types\/post"}],"author":[{"embeddable":true,"href":"https:\/\/www.europesays.com\/no\/wp-json\/wp\/v2\/users\/2"}],"replies":[{"embeddable":true,"href":"https:\/\/www.europesays.com\/no\/wp-json\/wp\/v2\/comments?post=114742"}],"version-history":[{"count":0,"href":"https:\/\/www.europesays.com\/no\/wp-json\/wp\/v2\/posts\/114742\/revisions"}],"wp:featuredmedia":[{"embeddable":true,"href":"https:\/\/www.europesays.com\/no\/wp-json\/wp\/v2\/media\/114743"}],"wp:attachment":[{"href":"https:\/\/www.europesays.com\/no\/wp-json\/wp\/v2\/media?parent=114742"}],"wp:term":[{"taxonomy":"category","embeddable":true,"href":"https:\/\/www.europesays.com\/no\/wp-json\/wp\/v2\/categories?post=114742"},{"taxonomy":"post_tag","embeddable":true,"href":"https:\/\/www.europesays.com\/no\/wp-json\/wp\/v2\/tags?post=114742"}],"curies":[{"name":"wp","href":"https:\/\/api.w.org\/{rel}","templated":true}]}}