{"id":114750,"date":"2025-12-16T15:20:41","date_gmt":"2025-12-16T15:20:41","guid":{"rendered":"https:\/\/www.europesays.com\/no\/114750\/"},"modified":"2025-12-16T15:20:41","modified_gmt":"2025-12-16T15:20:41","slug":"naeringsliv-bolig-og-eiendom-vi-far-lavere-stromregning-i-2026-et-viktig-bidrag-i-en-tid-hvor-mange-opplever-okte-levekostnader","status":"publish","type":"post","link":"https:\/\/www.europesays.com\/no\/114750\/","title":{"rendered":"N\u00e6ringsliv, Bolig og eiendom | Vi f\u00e5r lavere str\u00f8mregning i 2026: \u2013 Et viktig bidrag i en tid hvor mange opplever \u00f8kte levekostnader"},"content":{"rendered":"\n<p>\u2013 Vi vet at mange er opptatt av b\u00e5de str\u00f8mpris og nettleie. Derfor er det gledelig \u00e5 kunne si at vi holder nettleien uendret neste \u00e5r, etter reduksjonen fra 1. juli i \u00e5r. I tillegg kommer kuttet i elavgiften, som gir kundene en reell lettelse i str\u00f8mregningen, sier daglig leder i Linea, Steinar Benum i en pressemelding.<\/p>\n<p>Den foresl\u00e5tte endringen i elavgiften fra 1. januar 2026 betyr en felles sats p\u00e5 7,13 \u00f8re per kWh.<\/p>\n<p>For en gjennomsnittlig husholdning med et \u00e5rlig forbruk p\u00e5 25.000 kWh, vil dette kutte str\u00f8mregningen med rundt 1.100 kroner sammenlignet med 2025.<\/p>\n<p>\u2013 Dette er et viktig bidrag i en tid hvor mange opplever \u00f8kte levekostnader, sier Benum.<\/p>\n<p>Selv om nettleien holdes stabil n\u00e5, understreker Linea at store investeringer i str\u00f8mnettet er n\u00f8dvendige for \u00e5 sikre stabil forsyning. S\u00e5rbarheten i nettet er nylig belyst gjennom utfordringer i Hattfjelldal og Grane kommune, hvor nettkapasiteten har v\u00e6rt presset.<\/p>\n<p>\u2013 Den anstrengte str\u00f8mforsyningen vi n\u00e5 ser i Hattfjelldal og Grane kommune viser hvor s\u00e5rbart nettet kan v\u00e6re n\u00e5r kapasiteten er presset. Dette er et tydelig eksempel p\u00e5 hvorfor vi m\u00e5 investere i b\u00e5de vedlikehold, forsterkning og beredskap i nettet, sier Benum i pressemeldingen.<\/p>\n<p>Linea planlegger \u00e5 investere om lag fem milliarder kroner i str\u00f8mnettet p\u00e5 Helgeland frem mot 2035. Samtidig varsler Statnett investeringer p\u00e5 rundt 170 milliarder kroner i sentralnettet, som ogs\u00e5 inkluderer Nord-Norge.<\/p>\n<p>Disse store investeringene finansieres prim\u00e6rt gjennom nettleien, noe som over tid kan p\u00e5virke nettleien p\u00e5 Helgeland. Linea p\u00e5peker at \u00f8kt elektrifisering, mer ekstremv\u00e6r og strengere krav til forsyningssikkerhet gj\u00f8r investeringene uunng\u00e5elige.<\/p>\n<p>\u2013 M\u00e5let v\u00e5rt er \u00e5 holde nettleien s\u00e5 lav som mulig, samtidig som vi sikrer at folk og n\u00e6ringsliv har en trygg og stabil str\u00f8mforsyning \u2013 ogs\u00e5 i krevende situasjoner, sier Benum.<\/p>\n<p>  <a href=\"https:\/\/www.helg.no\/5-24-1123594\" class=\"related-teaser has-image default-story-teaser article--c-eRUmMG article--c-eRUmMG-jKCPdD-design-default\" rel=\"nofollow noopener\" target=\"_blank\"><\/p>\n<p>    <img decoding=\"async\" loading=\"lazy\"  src=\"https:\/\/www.europesays.com\/no\/wp-content\/uploads\/2025\/12\/1765898436_641_LJN-1-39.jpg\" alt=\"\" class=\"brick-c-cFOWSL\" style=\"\"\/><\/p>\n<p>\n            Les ogs\u00e5<\/p>\n<p>              Milliontap for Arbor og m\u00e5 permittere alle 65 ansatte: \u2013 Regner med at vi kommer til enighet\n        <\/p>\n<p>  <\/a><\/p>\n<p>  <a href=\"https:\/\/www.helg.no\/5-24-1123606\" class=\"related-teaser has-image default-story-teaser article--c-eRUmMG article--c-eRUmMG-jKCPdD-design-default\" rel=\"nofollow noopener\" target=\"_blank\"><\/p>\n<p>    <img decoding=\"async\" loading=\"lazy\"  src=\"https:\/\/www.europesays.com\/no\/wp-content\/uploads\/2025\/12\/TEF08962.jpg\" alt=\"\" class=\"brick-c-cFOWSL\" style=\"\"\/><\/p>\n<p>\n            Les ogs\u00e5<\/p>\n<p>              Jobber p\u00e5 spreng for \u00e5 finne feilen: \u2013 Vi h\u00e5per \u00e5 f\u00e5 transformatoren i drift igjen i l\u00f8pet av uka\n        <\/p>\n<p>  <\/a><\/p>\n<p>  <a href=\"https:\/\/www.helg.no\/5-24-1123423\" class=\"related-teaser has-image default-story-teaser article--c-eRUmMG article--c-eRUmMG-jKCPdD-design-default\" rel=\"nofollow noopener\" target=\"_blank\"><\/p>\n<p>    <img decoding=\"async\" loading=\"lazy\"  src=\"https:\/\/www.europesays.com\/no\/wp-content\/uploads\/2025\/12\/Skjermbilde+2025-12-14+230158.png\" alt=\"\" class=\"brick-c-cFOWSL\" style=\"\"\/><\/p>\n<p>\n            Les ogs\u00e5<\/p>\n<p>              Trofors og Grane m\u00e5 f\u00e5 krisehjelp fra Tr\u00f8ndelag: \u2013 Vi krysser fingrene for at det g\u00e5r bra\n        <\/p>\n<p>  <\/a><\/p>\n","protected":false},"excerpt":{"rendered":"\u2013 Vi vet at mange er opptatt av b\u00e5de str\u00f8mpris og nettleie. Derfor er det gledelig \u00e5 kunne&hellip;\n","protected":false},"author":2,"featured_media":109667,"comment_status":"","ping_status":"","sticky":false,"template":"","format":"standard","meta":{"footnotes":""},"categories":[5],"tags":[2486,36,198,20,21,24,25,2450,197,15,19,22,23,2688,17,18,62,13,30,28,29,14,16,1953,1510,26,27,1203],"class_list":{"0":"post-114750","1":"post","2":"type-post","3":"status-publish","4":"format-standard","5":"has-post-thumbnail","7":"category-overskrifter","8":"tag-alstahaug","9":"tag-art","10":"tag-bolig-og-eiendom","11":"tag-breaking-news","12":"tag-breakingnews","13":"tag-featured-news","14":"tag-featurednews","15":"tag-grane","16":"tag-hattfjelldal","17":"tag-headlines","18":"tag-hovedoppslag","19":"tag-latest-news","20":"tag-latestnews","21":"tag-leirfjord","22":"tag-main-news","23":"tag-mainnews","24":"tag-naeringsliv","25":"tag-news","26":"tag-no","27":"tag-norge","28":"tag-norway","29":"tag-nyheter","30":"tag-overskrifter","31":"tag-sandnessjoen","32":"tag-story","33":"tag-top-stories","34":"tag-topstories","35":"tag-vefsn"},"share_on_mastodon":{"url":"https:\/\/pubeurope.com\/@no\/115729926183072578","error":""},"_links":{"self":[{"href":"https:\/\/www.europesays.com\/no\/wp-json\/wp\/v2\/posts\/114750","targetHints":{"allow":["GET"]}}],"collection":[{"href":"https:\/\/www.europesays.com\/no\/wp-json\/wp\/v2\/posts"}],"about":[{"href":"https:\/\/www.europesays.com\/no\/wp-json\/wp\/v2\/types\/post"}],"author":[{"embeddable":true,"href":"https:\/\/www.europesays.com\/no\/wp-json\/wp\/v2\/users\/2"}],"replies":[{"embeddable":true,"href":"https:\/\/www.europesays.com\/no\/wp-json\/wp\/v2\/comments?post=114750"}],"version-history":[{"count":0,"href":"https:\/\/www.europesays.com\/no\/wp-json\/wp\/v2\/posts\/114750\/revisions"}],"wp:featuredmedia":[{"embeddable":true,"href":"https:\/\/www.europesays.com\/no\/wp-json\/wp\/v2\/media\/109667"}],"wp:attachment":[{"href":"https:\/\/www.europesays.com\/no\/wp-json\/wp\/v2\/media?parent=114750"}],"wp:term":[{"taxonomy":"category","embeddable":true,"href":"https:\/\/www.europesays.com\/no\/wp-json\/wp\/v2\/categories?post=114750"},{"taxonomy":"post_tag","embeddable":true,"href":"https:\/\/www.europesays.com\/no\/wp-json\/wp\/v2\/tags?post=114750"}],"curies":[{"name":"wp","href":"https:\/\/api.w.org\/{rel}","templated":true}]}}