{"id":114768,"date":"2025-12-16T16:04:14","date_gmt":"2025-12-16T16:04:14","guid":{"rendered":"https:\/\/www.europesays.com\/no\/114768\/"},"modified":"2025-12-16T16:04:14","modified_gmt":"2025-12-16T16:04:14","slug":"hvalstad-ombruk-dognapen-selvbetjening-med-byggevarer","status":"publish","type":"post","link":"https:\/\/www.europesays.com\/no\/114768\/","title":{"rendered":"Hvalstad, Ombruk | D\u00f8gn\u00e5pen selvbetjening med byggevarer"},"content":{"rendered":"\n<p>Hvalstad skole er under ombygging, og n\u00e5 er det satt opp en container som tilbyr gjenbruk av byggematerialer.<\/p>\n<p>If\u00f8lge Asker kommune st\u00e5r denne <a href=\"https:\/\/sirken.no\/\" rel=\"Follow nofollow noopener\" target=\"_blank\">Sirken-containeren<\/a> mest sannsynlig bare frem til jul, s\u00e5 dersom man vil utnytte tilbudet b\u00f8r man v\u00e6re rask.<\/p>\n<p>   <img decoding=\"async\" width=\"1600\" height=\"1200\" fetchpriority=\"low\"  loading=\"lazy\"  src=\"https:\/\/www.europesays.com\/no\/wp-content\/uploads\/2025\/12\/1000028823.jpeg\" alt=\"\" class=\"brick-c-cFOWSL\" style=\"--brick-image-ratio: 1600 \/ 1200;\"\/><\/p>\n<p>      Slik ser containeren ut.<br \/>\n      Foto: SIDSEL HVAAL\n    <\/p>\n<p>Dette er en selvbetjent butikk for gjenbruk. B\u00e5de privatpersoner og bedrifter kan handle byggematerialer her.<\/p>\n<p>  <a href=\"https:\/\/www.budstikka.no\/5-55-2144831\" class=\"related-teaser has-image default-story-teaser article--c-eRUmMG article--c-eRUmMG-jKCPdD-design-default\" rel=\"nofollow noopener\" target=\"_blank\"><\/p>\n<p>    <img decoding=\"async\" loading=\"lazy\"  src=\"https:\/\/www.europesays.com\/no\/wp-content\/uploads\/2025\/12\/Illustrasjon+Hvalstad+stasjon+6.jpg\" alt=\"\" class=\"brick-c-cFOWSL\" style=\"\"\/><\/p>\n<p>\n            Les ogs\u00e5<\/p>\n<p>              Vil bygge mange leiligheter rett ved jernbanesporet\n        <\/p>\n<p>  <\/a><\/p>\n<p>M\u00e5let med containeren er \u00e5 redde overskudd av b\u00e5de verkt\u00f8y, trevirke, plater, isolasjon og andre byggevarer som er til overs. Asker kommune legger til rette for ordningen, men driver ikke butikken selv.<\/p>\n<p>\u2013 Det letter arbeidet b\u00e5de for oss og entrepren\u00f8r, samtidig som det \u00e5 st\u00f8tte sirkul\u00e6r forretningsinitiativer er viktig for \u00e5 f\u00e5 fart p\u00e5 ombruksmarkedet for byggevarer, sier milj\u00f8r\u00e5dgiver Marie Nokken i Asker kommune i <a href=\"https:\/\/www.asker.kommune.no\/klima-og-natur\/dette-kan-du-gjore-for-klima-og-natur\/dognapen-kontainer-med-byggevarer\/\" rel=\"Follow nofollow noopener\" target=\"_blank\">en melding<\/a>.<\/p>\n<p>   <img decoding=\"async\" width=\"4032\" height=\"3024\" fetchpriority=\"low\"  loading=\"lazy\"  src=\"https:\/\/www.europesays.com\/no\/wp-content\/uploads\/2025\/12\/Image_20240925_090248_572.jpeg\" alt=\"\" class=\"brick-c-cFOWSL\" style=\"--brick-image-ratio: 4032 \/ 3024;\"\/><\/p>\n<p>      Hvalstad skole er under ombygging. Bildet er fra 2024.<br \/>\n      Foto: BUDSTIKKA\n    <\/p>\n<p>Mens entrepren\u00f8ren Ruta Entrepren\u00f8r er ansvarlig for \u00e5 fylle p\u00e5 med byggevarer, er det Sirken som priser og publiserer varene.<\/p>\n<p>Planen er at containeren flyttes til S\u00e6tre ungdomsskole etter jul, der skolen skal rives for \u00e5 bygge ny barneskole.<\/p>\n<p>Selve salget av materialer foreg\u00e5r ved at du etter kj\u00f8p f\u00e5r en kode p\u00e5 mobilen som gir adgang til containeren.<\/p>\n<p>  <a href=\"https:\/\/www.budstikka.no\/5-55-2161973\" class=\"related-teaser has-image default-story-teaser article--c-eRUmMG article--c-eRUmMG-jKCPdD-design-default\" rel=\"nofollow noopener\" target=\"_blank\"><\/p>\n<p>    <img decoding=\"async\" loading=\"lazy\"  src=\"https:\/\/www.europesays.com\/no\/wp-content\/uploads\/2025\/12\/last+ned+%2816%29--.jpg\" alt=\"\" class=\"brick-c-cFOWSL\" style=\"\"\/><\/p>\n<p>\n            Les ogs\u00e5<\/p>\n<p>              \u00c5pner ny butikk i Asker sentrum: \u2013 Vi f\u00e5r solgt alt vi f\u00e5r inn!\n        <\/p>\n<p>  <\/a><\/p>\n<p>  <a href=\"https:\/\/www.budstikka.no\/5-55-2140727\" class=\"related-teaser has-image default-story-teaser article--c-eRUmMG article--c-eRUmMG-jKCPdD-design-default\" rel=\"nofollow noopener\" target=\"_blank\"><\/p>\n<p>    <img decoding=\"async\" loading=\"lazy\"  src=\"https:\/\/www.europesays.com\/no\/wp-content\/uploads\/2025\/12\/IMG_9651.jpeg\" alt=\"\" class=\"brick-c-cFOWSL\" style=\"\"\/><\/p>\n<p>\n            Les ogs\u00e5<\/p>\n<p>              \u00c5pner Isi \u00e9n dag: N\u00e5 kan folk hente ting gratis!\n        <\/p>\n<p>  <\/a><\/p>\n","protected":false},"excerpt":{"rendered":"Hvalstad skole er under ombygging, og n\u00e5 er det satt opp en container som tilbyr gjenbruk av byggematerialer.&hellip;\n","protected":false},"author":2,"featured_media":114769,"comment_status":"","ping_status":"","sticky":false,"template":"","format":"standard","meta":{"footnotes":""},"categories":[56],"tags":[36,13938,60,61,13936,62,30,28,29,13937,1510],"class_list":{"0":"post-114768","1":"post","2":"type-post","3":"status-publish","4":"format-standard","5":"has-post-thumbnail","7":"category-naeringsliv","8":"tag-art","9":"tag-asker-kommune","10":"tag-business","11":"tag-economy","12":"tag-hvalstad","13":"tag-naeringsliv","14":"tag-no","15":"tag-norge","16":"tag-norway","17":"tag-ombruk","18":"tag-story"},"share_on_mastodon":{"url":"https:\/\/pubeurope.com\/@no\/115730098837489578","error":""},"_links":{"self":[{"href":"https:\/\/www.europesays.com\/no\/wp-json\/wp\/v2\/posts\/114768","targetHints":{"allow":["GET"]}}],"collection":[{"href":"https:\/\/www.europesays.com\/no\/wp-json\/wp\/v2\/posts"}],"about":[{"href":"https:\/\/www.europesays.com\/no\/wp-json\/wp\/v2\/types\/post"}],"author":[{"embeddable":true,"href":"https:\/\/www.europesays.com\/no\/wp-json\/wp\/v2\/users\/2"}],"replies":[{"embeddable":true,"href":"https:\/\/www.europesays.com\/no\/wp-json\/wp\/v2\/comments?post=114768"}],"version-history":[{"count":0,"href":"https:\/\/www.europesays.com\/no\/wp-json\/wp\/v2\/posts\/114768\/revisions"}],"wp:featuredmedia":[{"embeddable":true,"href":"https:\/\/www.europesays.com\/no\/wp-json\/wp\/v2\/media\/114769"}],"wp:attachment":[{"href":"https:\/\/www.europesays.com\/no\/wp-json\/wp\/v2\/media?parent=114768"}],"wp:term":[{"taxonomy":"category","embeddable":true,"href":"https:\/\/www.europesays.com\/no\/wp-json\/wp\/v2\/categories?post=114768"},{"taxonomy":"post_tag","embeddable":true,"href":"https:\/\/www.europesays.com\/no\/wp-json\/wp\/v2\/tags?post=114768"}],"curies":[{"name":"wp","href":"https:\/\/api.w.org\/{rel}","templated":true}]}}