{"id":114772,"date":"2025-12-16T16:06:13","date_gmt":"2025-12-16T16:06:13","guid":{"rendered":"https:\/\/www.europesays.com\/no\/114772\/"},"modified":"2025-12-16T16:06:13","modified_gmt":"2025-12-16T16:06:13","slug":"nyhet-politiet-kathrine-stein-konstitueres-som-politimester-i-sor-ost-saeverud-til-digitaliseringsprogram","status":"publish","type":"post","link":"https:\/\/www.europesays.com\/no\/114772\/","title":{"rendered":"Nyhet, Politiet | Kathrine Stein konstitueres som politimester i S\u00f8r-\u00d8st \u2013 S\u00e6verud til digitaliseringsprogram"},"content":{"rendered":"\n<p>Samtidig tar politimester Ole B. S\u00e6verud over lederansvaret for Politidirektoratets nye nasjonale digitaliseringsprogram. John-Magnus L\u00f8kenflaen blir ny visepolitimester.<\/p>\n<p>Kathrine Stein er fra 1. januar konstituert som politimester i S\u00f8r-\u00d8st politidistrikt. Hun overtar ansvaret mens politimester Ole B. S\u00e6verud forlater distriktet for \u00e5 lede et nytt, nasjonalt program for politiets digitalisering i Politidirektoratet (POD). <\/p>\n<p>S\u00e6veruds nye rolle er et resultat av at regjeringen har gitt gr\u00f8nt lys for \u00e5 akselerere politiets digitaliseringsarbeid.<\/p>\n<p>\u2013 Jeg er glad for at Ole S\u00e6verud har takket ja til \u00e5 lede dette programmet det neste \u00e5ret, sier politidirekt\u00f8r H\u00e5kon Skulstad i en pressemelding. Skulstad understreker at programmet er avgj\u00f8rende for politiets fremtidige oppdragsl\u00f8sning.<\/p>\n<p>For Kathrine Stein markerer konstitueringen et nytt kapittel i hennes karriere innen politiet. Hun har tidligere hatt lederroller som visepolitimester i S\u00f8r-\u00d8st, leder for PST i distriktet, og leder for politiets publikumssenter. Hennes bakgrunn inkluderer ogs\u00e5 erfaring som avdelingsdirekt\u00f8r for innkreving i Skatt S\u00f8r. Som jurist fra Universitetet i Oslo har hun i tillegg solid utdanning innen ledelse, kompetanseutvikling og \u00f8konomi.<\/p>\n<p>\u2013 Det er med stor respekt for politiets samfunnsoppdrag og for ansvaret for alle ansatte i S\u00f8r-\u00d8st at jeg trer inn i stillingen som politimester det neste \u00e5ret. Jeg er stolt av alt det vi leverer i politidistriktet, samtidig som vi st\u00e5r i krevende prioriteringer hver dag. Jeg gleder meg til \u00e5 ta fatt p\u00e5 jobben og bidra i arbeidet for et trygt S\u00f8r-\u00d8st for innbyggerne v\u00e5re, sier p\u00e5troppende politimester Kathrine Stein.<\/p>\n<p>John-Magnus L\u00f8kenflaen, som tidligere var seksjonssjef for Politioperativ seksjon i POD, konstitueres som visepolitimester. L\u00f8kenflaen har tung politifaglig bakgrunn, blant annet fra arbeid med organisert kriminalitet i Oslo politidistrikt og lederroller der. Han har ogs\u00e5 en mastergrad i styring og ledelse. Han uttrykker takknemlighet for muligheten og ser frem til \u00e5 bli kjent med distriktet og bidra til dets samfunnsoppdrag.<\/p>\n","protected":false},"excerpt":{"rendered":"Samtidig tar politimester Ole B. S\u00e6verud over lederansvaret for Politidirektoratets nye nasjonale digitaliseringsprogram. John-Magnus L\u00f8kenflaen blir ny visepolitimester.&hellip;\n","protected":false},"author":2,"featured_media":114773,"comment_status":"","ping_status":"","sticky":false,"template":"","format":"standard","meta":{"footnotes":""},"categories":[10],"tags":[36,20,21,24,25,15,22,23,13,30,28,29,447,14,16,468,11934,1510,26,27],"class_list":{"0":"post-114772","1":"post","2":"type-post","3":"status-publish","4":"format-standard","5":"has-post-thumbnail","7":"category-norge","8":"tag-art","9":"tag-breaking-news","10":"tag-breakingnews","11":"tag-featured-news","12":"tag-featurednews","13":"tag-headlines","14":"tag-latest-news","15":"tag-latestnews","16":"tag-news","17":"tag-no","18":"tag-norge","19":"tag-norway","20":"tag-nyhet","21":"tag-nyheter","22":"tag-overskrifter","23":"tag-politiet","24":"tag-sorost-politidistrikt","25":"tag-story","26":"tag-top-stories","27":"tag-topstories"},"share_on_mastodon":{"url":"https:\/\/pubeurope.com\/@no\/115730106566903701","error":""},"_links":{"self":[{"href":"https:\/\/www.europesays.com\/no\/wp-json\/wp\/v2\/posts\/114772","targetHints":{"allow":["GET"]}}],"collection":[{"href":"https:\/\/www.europesays.com\/no\/wp-json\/wp\/v2\/posts"}],"about":[{"href":"https:\/\/www.europesays.com\/no\/wp-json\/wp\/v2\/types\/post"}],"author":[{"embeddable":true,"href":"https:\/\/www.europesays.com\/no\/wp-json\/wp\/v2\/users\/2"}],"replies":[{"embeddable":true,"href":"https:\/\/www.europesays.com\/no\/wp-json\/wp\/v2\/comments?post=114772"}],"version-history":[{"count":0,"href":"https:\/\/www.europesays.com\/no\/wp-json\/wp\/v2\/posts\/114772\/revisions"}],"wp:featuredmedia":[{"embeddable":true,"href":"https:\/\/www.europesays.com\/no\/wp-json\/wp\/v2\/media\/114773"}],"wp:attachment":[{"href":"https:\/\/www.europesays.com\/no\/wp-json\/wp\/v2\/media?parent=114772"}],"wp:term":[{"taxonomy":"category","embeddable":true,"href":"https:\/\/www.europesays.com\/no\/wp-json\/wp\/v2\/categories?post=114772"},{"taxonomy":"post_tag","embeddable":true,"href":"https:\/\/www.europesays.com\/no\/wp-json\/wp\/v2\/tags?post=114772"}],"curies":[{"name":"wp","href":"https:\/\/api.w.org\/{rel}","templated":true}]}}