{"id":114788,"date":"2025-12-16T16:18:24","date_gmt":"2025-12-16T16:18:24","guid":{"rendered":"https:\/\/www.europesays.com\/no\/114788\/"},"modified":"2025-12-16T16:18:24","modified_gmt":"2025-12-16T16:18:24","slug":"borsnoterer-spacex-har-planer-om-a-lage-satellitt-datasenter-i-verdensrommet-digi-no","status":"publish","type":"post","link":"https:\/\/www.europesays.com\/no\/114788\/","title":{"rendered":"B\u00f8rsnoterer SpaceX: Har planer om \u00e5 lage satellitt-datasenter i verdensrommet &#8211; Digi.no"},"content":{"rendered":"<ol>\n<li><a href=\"https:\/\/news.google.com\/rss\/articles\/CBMisgFBVV95cUxPcXlYcVdKVF8yYWdYZFg4aHpLODBGUmQtZlVoWmp0ZEhSTFJjYlJqSUdJTDc1MmVYN0Q0eG1QTFNzYkxfSDVyRFgzcDE0TWo0MmRsdnY0X1BGMjYzTmlQWThFVHA4Z0lwRXBiNmsxMEVibFVHYWFnNUZzMjNQNzBhOTBqb1hmRHh3Z2h1TDNSS2FaZ1FQaXFsMU5qSE1idDNZMmVTWl80R21YQ2hFazU1MEJB?oc=5\" target=\"_blank\" rel=\"nofollow noopener\">B\u00f8rsnoterer SpaceX: Har planer om \u00e5 lage satellitt-datasenter i verdensrommet<\/a>&nbsp;&nbsp;Digi.no<\/li>\n<li><a href=\"https:\/\/news.google.com\/rss\/articles\/CBMifkFVX3lxTE9PWno4aTV1ejc0bldoRURTTnk1a25rNXFMWWJ1UXZqYnNwN2JZcEQ5Q3VXMC1wU2JJS0VxUlRQWk9sNVlnTlBMRzYwblQ1T0dVVTY5RjRQeUUwREFkc3hYczlIMkhCa1FjeE9NRHFkS19JaTRQX1JTX2hZLUpzUQ?oc=5\" target=\"_blank\" rel=\"nofollow noopener\">Elon Musks formue skyter i v\u00e6ret<\/a>&nbsp;&nbsp;E24<\/li>\n<li><a href=\"https:\/\/news.google.com\/rss\/articles\/CBMiVkFVX3lxTE5jVEtXTFJlUmgydnRvd2dnd21fMU80MnRUNk5WbmtBRGMyeUdlbXhMVXN4dlphNFZMcmtMSW1Ed0JSTHkwWnJlWXVqU2lFWUt0N0xvRjlR?oc=5\" target=\"_blank\" rel=\"nofollow noopener\">Vill rekord<\/a>&nbsp;&nbsp;Sol.no samler de viktigste nyhetene for deg!<\/li>\n<li><a href=\"https:\/\/news.google.com\/rss\/articles\/CBMijAFBVV95cUxNcXlwU0M1UTlaTkVpTWJyTUhvS1B4Smo5WUprTGdXUTROR0U5NThHbzhNSTdBcVhlWWtZWjFmRmtDTkxTV05PZ2NUSURQNzRzZE5IVS1POTVLRVVjTzVwZGhZTmpHVDNlaGRxdXg4NG4tSk9sb1pYUUtBdDh4OXdaVF84dG9aNTZFd09adg?oc=5\" target=\"_blank\" rel=\"nofollow noopener\">Musk med historisk stor formue<\/a>&nbsp;&nbsp;Nettavisen<\/li>\n<li><a href=\"https:\/\/news.google.com\/rss\/articles\/CBMixgFBVV95cUxOcUFlOS1MY0ZZNl9uRkJ4SGN4dFdzU3ZhQ2JfTURJM2lBNTFoMHZwcjhHc2k1SzB1Tkc1cmxUTm9rT0lBZEpUaTFaU0ZhdTRNYTJkang3MGZ3bndpc1U1X2tucGNqVTBJSmkybFpZb3Z6SmhiM3ludDJ4OS1aMG41YkVtZlExSVdMLUc2blU2My1NMHR5SWxzNXFKRWl6aUVjTktacmRvNENSaTNTODZLcXlLWi1WNy13bFpFQnk3b040ckkyUVE?oc=5\" target=\"_blank\" rel=\"nofollow noopener\">Audun W. Iversen satser 250 mill. p\u00e5 Space-aksjer: \u2013 Mange store triggere<\/a>&nbsp;&nbsp;Finansavisen<\/li>\n<\/ol>\n","protected":false},"excerpt":{"rendered":"B\u00f8rsnoterer SpaceX: Har planer om \u00e5 lage satellitt-datasenter i verdensrommet&nbsp;&nbsp;Digi.no Elon Musks formue skyter i v\u00e6ret&nbsp;&nbsp;E24 Vill rekord&nbsp;&nbsp;Sol.no&hellip;\n","protected":false},"author":2,"featured_media":114789,"comment_status":"","ping_status":"","sticky":false,"template":"","format":"standard","meta":{"footnotes":""},"categories":[56],"tags":[60,61,62,30,28,29,13939,2331,3272,1376],"class_list":{"0":"post-114788","1":"post","2":"type-post","3":"status-publish","4":"format-standard","5":"has-post-thumbnail","7":"category-naeringsliv","8":"tag-business","9":"tag-economy","10":"tag-naeringsliv","11":"tag-no","12":"tag-norge","13":"tag-norway","14":"tag-satelittkommunikasjon","15":"tag-spacex","16":"tag-starlink","17":"tag-telekom"},"share_on_mastodon":{"url":"https:\/\/pubeurope.com\/@no\/115730153796677837","error":""},"_links":{"self":[{"href":"https:\/\/www.europesays.com\/no\/wp-json\/wp\/v2\/posts\/114788","targetHints":{"allow":["GET"]}}],"collection":[{"href":"https:\/\/www.europesays.com\/no\/wp-json\/wp\/v2\/posts"}],"about":[{"href":"https:\/\/www.europesays.com\/no\/wp-json\/wp\/v2\/types\/post"}],"author":[{"embeddable":true,"href":"https:\/\/www.europesays.com\/no\/wp-json\/wp\/v2\/users\/2"}],"replies":[{"embeddable":true,"href":"https:\/\/www.europesays.com\/no\/wp-json\/wp\/v2\/comments?post=114788"}],"version-history":[{"count":0,"href":"https:\/\/www.europesays.com\/no\/wp-json\/wp\/v2\/posts\/114788\/revisions"}],"wp:featuredmedia":[{"embeddable":true,"href":"https:\/\/www.europesays.com\/no\/wp-json\/wp\/v2\/media\/114789"}],"wp:attachment":[{"href":"https:\/\/www.europesays.com\/no\/wp-json\/wp\/v2\/media?parent=114788"}],"wp:term":[{"taxonomy":"category","embeddable":true,"href":"https:\/\/www.europesays.com\/no\/wp-json\/wp\/v2\/categories?post=114788"},{"taxonomy":"post_tag","embeddable":true,"href":"https:\/\/www.europesays.com\/no\/wp-json\/wp\/v2\/tags?post=114788"}],"curies":[{"name":"wp","href":"https:\/\/api.w.org\/{rel}","templated":true}]}}