{"id":114790,"date":"2025-12-16T16:19:08","date_gmt":"2025-12-16T16:19:08","guid":{"rendered":"https:\/\/www.europesays.com\/no\/114790\/"},"modified":"2025-12-16T16:19:08","modified_gmt":"2025-12-16T16:19:08","slug":"immigrasjonsbetinget-skolevold-oker-stadig-i-tyskland","status":"publish","type":"post","link":"https:\/\/www.europesays.com\/no\/114790\/","title":{"rendered":"Immigrasjonsbetinget skolevold \u00f8ker stadig i Tyskland"},"content":{"rendered":"<p><strong>Voldskriminalitet beg\u00e5tt av 14 \u00e5r gamle, eller yngre personer, \u00f8ker, slik kriminalitets-hyppigheten i alle aldersgrupper stadig blir st\u00f8rre i Tyskland.<\/strong><\/p>\n<p>\u00a0En fersk oversikt fra politiet i Nordrhein -Westfalen og universitetet i K\u00f6ln viser at registrert vold blant barn under 14 \u00e5r har doblet seg siden 2013, mens vold blant 14-\u00e5ringer har \u00f8kt nesten fire ganger i samme periode.\u00a0<\/p>\n<p>Det ble i 2013 ble registrert 408 tilfeller av vold blant 14-\u00e5ringer i Nordrhein\u2013Westfalen, f\u00f8dt i utlandet. De nyeste voldstallene viser at det var 1.972 voldstilfeller blant 14-\u00e5ringene i denne delstaten, <a href=\"https:\/\/www.bild.de\/regional\/nordrhein-westfalen\/kinder-attackieren-mann-mit-machete-studie-zeigt-jugendgewalt-immer-schlimmer-692ea3bc1b3201955317e4f5\" rel=\"nofollow noopener\" target=\"_blank\">if\u00f8lge avisa Bild\u00a0<\/a>.<\/p>\n<p>Men ogs\u00e5 de tilsvarende volds-tallene for ungdommer med tysk statsborgerskap har \u00f8kt siden 2013, fra 2.902 til 3.379, en \u00f8kning p\u00e5 23 prosent. I disse tallene er ikke ungdommer med utenlands bakgrunn en egen kategori fordi de anses som tyske. I Nordrhein-Westfalen har 35 prosent av skole-elevene immigrant-bakgrunn.<\/p>\n<p>Meldinger om skole- og ungdomsvold g\u00e5r som en flom gjennom mediene sammen med\u00a0 berettelser om \u00f8kende voksenkriminalitet som knivstikking og drap, ran, voldtekter og \u00f8konomisk kriminalitet, der statistikk fra f\u00f8deralt og delstatlig politi og myndigheter uavlatelig ajourf\u00f8res uten at det har den minste innflytelse p\u00e5 den immigrasjonspolitikken som f\u00f8res. \u00a0<\/p>\n<p><strong>ST\u00c5R FRAM ANONYMT<\/strong><\/p>\n<p>Men at den store andelen av immigrantbarn i skolene i Tyskland skaper problemer med vold i skolene, ser ut til \u00e5 f\u00e5 et visst gjennomslag i opinionen. Ofte blir volden beg\u00e5tt mot etnisk tyske barn, men ogs\u00e5 utenlandske barn rammes av den \u00f8kende volden. Nylig gikk en kvinnelig l\u00e6rer i en skole i Nordrhein-Westfalen ut anonymt og fortalte om uakseptable forhold i sin skole der 98 prosent av barna har immigrantbakgrunn.<\/p>\n<p>\u00abVolden, som ogs\u00e5 rettes mot l\u00e6rere, er ikke noe som skjer unntaksvis, men er systematisk,\u00bb sier hun. Til avisen <a href=\"https:\/\/www.welt.de\/politik\/deutschland\/plus68b5a7b7861a6b0577ff7071\/Schule-Ich-frage-mich-was-tut-man-diesen-Kindern-damit-an.html\" rel=\"nofollow noopener\" target=\"_blank\">Welt<\/a>\u00a0forteller hun at det ikke er mulig \u00e5 gjennomf\u00f8re undervisning fordi mange elever ikke snakker tysk. Elevene viser ingen vilje til \u00e5 tilpasse seg de reglene som gjelder i skolen. Det gjelder ogs\u00e5 mange av foreldrene, som opptrer fiendtlig mot l\u00e6rerne og hele undervisningssystemet. Skolen er det reneste kaos, sier l\u00e6reren til avisa.\u00a0<\/p>\n<p>I Tyskland, i sin helhet, ble det i fjor <a href=\"https:\/\/rmx.news\/article\/a-direct-result-of-the-irresponsible-mass-immigration-40-of-all-violent-crime-suspects-in-german-schools-are-foreigners-over-2-knife-attacks-a-day\/\" rel=\"nofollow noopener\" target=\"_blank\">registrert nesten 36.000 tilfeller av vold i skolen<\/a>. Det tilsvarer nesten 100 tilfeller hver dag. Av de 36.000 tilfellene ble det i 740 tilfeller brukt kniv til \u00e5 angripe med. Det betyr mer enn to knivangrep\u00a0om dagen.<\/p>\n<p><strong>\u00a0\u00abHOLDT KJEFT, DIN J\u00d8DEHORE\u00bb<\/strong><\/p>\n<p>Selv om l\u00e6rere gir intervjuer anonymt for \u00e5 unng\u00e5 kritikk om rasisme fra den politiske venstresiden og fare for \u00e5 bli utsatt for kriminelle handlinger, er det noen, i de daglige meldingene om vold og knivstikking i tyske skoler, som t\u00f8r \u00e5 st\u00e5 fram. Det gjorde l\u00e6reren Birgit Ebel da hun i fjor i magasinet Focus fortalte om tyske skoler som et helvete p\u00e5 jord.<\/p>\n<p>Ebel, som har undervist i problemskoler i 15 \u00e5r, legger ikke skjul p\u00e5 at alle utlendingene i skolen er det st\u00f8rste \u00e5rsaken til volden og kaoset. P\u00e5 hennes skole hadde 80-90 prosent av elevene immigrantbakgrunn. Mange kom fra islamske land som Irak, Syria. Afghanistan, Algerie, Bosnia og Tsjetsjenia. Men det er kontroversielt i Tyskland \u00e5 p\u00e5peke en slik \u00e5rsak. F\u00e5 t\u00f8r \u00e5pent \u00e5 si det, men man kan ikke benekte forbindelsen mellom skolevold og immigrasjon, sa hun til\u00a0<a href=\"https:\/\/www.focus.de\/panorama\/absolute-hoelle-lehrerin-berichtet-ueber-dramatische-zustaende-an-brennpunktschule_id_260365478.html\" rel=\"nofollow noopener\" target=\"_blank\">Focus<\/a>. \u00a0\u00a0<\/p>\n<p>Den politiske venstresidens slagord om at mangfoldighet (diversitet) er en styrke og en fordel for det tyske samfunnet, blir avist av Birgit Ebel. Hun forteller at kvinnelige l\u00e6rere rammes mer av vold og skjellsord enn mannlige l\u00e6rere. Det har noe med den kulturen elevene bringer med seg fra sine opprinnelsesland, mener hun. N\u00e5r elevene trakasserer kvinnelige l\u00e6rere, skjer det ofte med et seksualisert spr\u00e5k. Uttrykk som brukes er: Din horedatter! Hore! Fitte! M\u00f8kkete flyfille! Eller trusler som: Jeg skal gi deg AIDS! Hold kjeft din j\u00f8dehore! \u00a0<\/p>\n<p><strong>BRUKER RASISMEKORTET<\/strong><\/p>\n<p>Hun sier at mange utenlandske skole-elever bruker rasistkortet, og hun ble beskyldt for \u00e5 v\u00e6re rasist dersom de fikk d\u00e5rlige karakterer. Nesten alltid brukte elevene rasismekortet i slike tilfeller. Ogs\u00e5 foreldrene til elevene. Og hun ble truet med juling for \u00e5 ha forn\u00e6rmet Islam. Ebel er forresten av kurdisk avstamning.\u00a0<\/p>\n<p>Man kan si at immigrasjons-elevene i tysk skole i hvert fall l\u00e6rer en \u201dtysk\u201d ting, nemlig \u00e5 kalle kritikere for rasister Det er noe som er obligatorisk retorikk i den venstreradikale \u201dbibelen\u201d og en sentral kunnskap i den politisk korrekte virkelighetsforst\u00e5elsen som er totalt dominerende i Tyskland og i den vestlige verden for \u00f8vrig.\u00a0\u00a0<\/p>\n<p>De forholdene og historiene som Ebel forteller om fra tyske skoler, er ikke noe s\u00e6regent for Tyskland. De samme tilstandene regjerer i skolene i hele det vestlige Europa og er minst like ille i land som Frankrike, Sverige og UK. <\/p>\n<p>Og denne problematikken gjelder ogs\u00e5 i Norge, men her er det politisk korrekte meningspolitiet raskere ute og stanser l\u00e6rere og andre som kunne fortelle om lignende forhold i skolen. For det er jo rasisme! Det er s\u00e5nn sett ikke merkelig at den amerikanske presidenten Donald Trump i et klarsyn ser for seg Vest-Europas undergang som en demokratisk sivilisasjon.<\/p>\n","protected":false},"excerpt":{"rendered":"Voldskriminalitet beg\u00e5tt av 14 \u00e5r gamle, eller yngre personer, \u00f8ker, slik kriminalitets-hyppigheten i alle aldersgrupper stadig blir st\u00f8rre&hellip;\n","protected":false},"author":2,"featured_media":114791,"comment_status":"","ping_status":"","sticky":false,"template":"","format":"standard","meta":{"footnotes":""},"categories":[12],"tags":[20,21,24,25,15,4232,22,23,13,30,28,29,14,16,26,27,175,42,43,44,45],"class_list":{"0":"post-114790","1":"post","2":"type-post","3":"status-publish","4":"format-standard","5":"has-post-thumbnail","7":"category-verden","8":"tag-breaking-news","9":"tag-breakingnews","10":"tag-featured-news","11":"tag-featurednews","12":"tag-headlines","13":"tag-innvandring","14":"tag-latest-news","15":"tag-latestnews","16":"tag-news","17":"tag-no","18":"tag-norge","19":"tag-norway","20":"tag-nyheter","21":"tag-overskrifter","22":"tag-top-stories","23":"tag-topstories","24":"tag-tyskland","25":"tag-verden","26":"tag-world","27":"tag-world-news","28":"tag-worldnews"},"share_on_mastodon":{"url":"https:\/\/pubeurope.com\/@no\/115730157704607433","error":""},"_links":{"self":[{"href":"https:\/\/www.europesays.com\/no\/wp-json\/wp\/v2\/posts\/114790","targetHints":{"allow":["GET"]}}],"collection":[{"href":"https:\/\/www.europesays.com\/no\/wp-json\/wp\/v2\/posts"}],"about":[{"href":"https:\/\/www.europesays.com\/no\/wp-json\/wp\/v2\/types\/post"}],"author":[{"embeddable":true,"href":"https:\/\/www.europesays.com\/no\/wp-json\/wp\/v2\/users\/2"}],"replies":[{"embeddable":true,"href":"https:\/\/www.europesays.com\/no\/wp-json\/wp\/v2\/comments?post=114790"}],"version-history":[{"count":0,"href":"https:\/\/www.europesays.com\/no\/wp-json\/wp\/v2\/posts\/114790\/revisions"}],"wp:featuredmedia":[{"embeddable":true,"href":"https:\/\/www.europesays.com\/no\/wp-json\/wp\/v2\/media\/114791"}],"wp:attachment":[{"href":"https:\/\/www.europesays.com\/no\/wp-json\/wp\/v2\/media?parent=114790"}],"wp:term":[{"taxonomy":"category","embeddable":true,"href":"https:\/\/www.europesays.com\/no\/wp-json\/wp\/v2\/categories?post=114790"},{"taxonomy":"post_tag","embeddable":true,"href":"https:\/\/www.europesays.com\/no\/wp-json\/wp\/v2\/tags?post=114790"}],"curies":[{"name":"wp","href":"https:\/\/api.w.org\/{rel}","templated":true}]}}