{"id":114813,"date":"2025-12-16T16:54:08","date_gmt":"2025-12-16T16:54:08","guid":{"rendered":"https:\/\/www.europesays.com\/no\/114813\/"},"modified":"2025-12-16T16:54:08","modified_gmt":"2025-12-16T16:54:08","slug":"eldresvindel-nordmenn-flere-nordmenn-tiltalt-for-omfattende-eldresvindel-dansk-nettverk-skal-ha-statt-bak","status":"publish","type":"post","link":"https:\/\/www.europesays.com\/no\/114813\/","title":{"rendered":"Eldresvindel, Nordmenn | Flere nordmenn tiltalt for omfattende eldresvindel \u2013 dansk nettverk skal ha st\u00e5tt bak"},"content":{"rendered":"\n<p>Det er dansker som skal v\u00e6re organisatorene bak svindelnettverket, som i et \u00e5r sto bak over 90.000 svindelanrop til eldre nordmenn, skriver <a href=\"https:\/\/www.nrk.no\/norge\/mener-danske-bandemedlemmer-star-bak-kriminell-svindeloperasjon_-11-tiltalt-1.17691194\" rel=\"nofollow noopener\" target=\"_blank\">NRK<\/a>.<\/p>\n<p>If\u00f8lge rikskringkasteren skal de ha ringt fra sentraler i Oslo, Malaga, Helsingfors og K\u00f8benhavn og skaffet seg minst 28 millioner kroner fra eldre nordmenn. S\u00e5 langt er det avdekket 200 ofre.<\/p>\n<p><b>Les ogs\u00e5: <a href=\"https:\/\/www.nettavisen.no\/okonomi\/manedens-viktigste-tall-64-000-jobber-skapt\/s\/5-95-2782644\" rel=\"Follow nofollow noopener\" target=\"_blank\">\u00abM\u00e5nedens viktigste tall\u00bb: Arbeidsledigheten har \u00f8kt i USA<\/a><\/b><\/p>\n<p>\u2013 200 er faktisk gjennomf\u00f8rte bedragerier. Men det er helt klart at det har v\u00e6rt ringt opp veldig mye mer enn det, sier politiadvokat Torjus Lundevall til NRK, og beskriver det som en \u00abveldig omfattende virksomhet\u00bb.<\/p>\n<p>I alt er det elleve tiltalte i saken. De er i alderen 20\u201330 \u00e5r. Fem av de tiltalte i Norge er danske statsborgere.<\/p>\n<p>Norsk politi har samarbeidet med kollegaer i Danmark, Finland og Storbritannia om saken.<\/p>\n<p>NRK har v\u00e6rt i kontakt med de elleve tiltales forsvarere. Ingen av dem har s\u00e5 langt erkjent straffskyld.<\/p>\n","protected":false},"excerpt":{"rendered":"Det er dansker som skal v\u00e6re organisatorene bak svindelnettverket, som i et \u00e5r sto bak over 90.000 svindelanrop&hellip;\n","protected":false},"author":2,"featured_media":3844,"comment_status":"","ping_status":"","sticky":false,"template":"","format":"standard","meta":{"footnotes":""},"categories":[12],"tags":[20,21,24,25,15,22,23,13,30,28,29,14,16,26,27,42,43,44,45],"class_list":{"0":"post-114813","1":"post","2":"type-post","3":"status-publish","4":"format-standard","5":"has-post-thumbnail","7":"category-verden","8":"tag-breaking-news","9":"tag-breakingnews","10":"tag-featured-news","11":"tag-featurednews","12":"tag-headlines","13":"tag-latest-news","14":"tag-latestnews","15":"tag-news","16":"tag-no","17":"tag-norge","18":"tag-norway","19":"tag-nyheter","20":"tag-overskrifter","21":"tag-top-stories","22":"tag-topstories","23":"tag-verden","24":"tag-world","25":"tag-world-news","26":"tag-worldnews"},"share_on_mastodon":{"url":"https:\/\/pubeurope.com\/@no\/115730295650067183","error":""},"_links":{"self":[{"href":"https:\/\/www.europesays.com\/no\/wp-json\/wp\/v2\/posts\/114813","targetHints":{"allow":["GET"]}}],"collection":[{"href":"https:\/\/www.europesays.com\/no\/wp-json\/wp\/v2\/posts"}],"about":[{"href":"https:\/\/www.europesays.com\/no\/wp-json\/wp\/v2\/types\/post"}],"author":[{"embeddable":true,"href":"https:\/\/www.europesays.com\/no\/wp-json\/wp\/v2\/users\/2"}],"replies":[{"embeddable":true,"href":"https:\/\/www.europesays.com\/no\/wp-json\/wp\/v2\/comments?post=114813"}],"version-history":[{"count":0,"href":"https:\/\/www.europesays.com\/no\/wp-json\/wp\/v2\/posts\/114813\/revisions"}],"wp:featuredmedia":[{"embeddable":true,"href":"https:\/\/www.europesays.com\/no\/wp-json\/wp\/v2\/media\/3844"}],"wp:attachment":[{"href":"https:\/\/www.europesays.com\/no\/wp-json\/wp\/v2\/media?parent=114813"}],"wp:term":[{"taxonomy":"category","embeddable":true,"href":"https:\/\/www.europesays.com\/no\/wp-json\/wp\/v2\/categories?post=114813"},{"taxonomy":"post_tag","embeddable":true,"href":"https:\/\/www.europesays.com\/no\/wp-json\/wp\/v2\/tags?post=114813"}],"curies":[{"name":"wp","href":"https:\/\/api.w.org\/{rel}","templated":true}]}}