{"id":114820,"date":"2025-12-16T17:01:10","date_gmt":"2025-12-16T17:01:10","guid":{"rendered":"https:\/\/www.europesays.com\/no\/114820\/"},"modified":"2025-12-16T17:01:10","modified_gmt":"2025-12-16T17:01:10","slug":"russland-eu-russland-er-farligste-trussel","status":"publish","type":"post","link":"https:\/\/www.europesays.com\/no\/114820\/","title":{"rendered":"Russland, EU | \u2013 Russland er farligste trussel"},"content":{"rendered":"\n<p>De \u00e5tte lederne fra Finland, Sverige, Estland, Latvia, Litauen, Polen, Bulgaria og Romania m\u00f8ttes i den finske hovedstaden Helsingfors for \u00e5 dr\u00f8fte forsvaret av EUs \u00f8stlige flanke.<\/p>\n<p>Forsvar av den \u00f8stlige flanken er en umiddelbar prioritet for EU p\u00e5 grunn av trusselen fra Russland, heter det i en fellesuttalelse.<\/p>\n<p><b>Les ogs\u00e5: <a href=\"https:\/\/www.nettavisen.no\/nyheter\/neumann-kan-ikke-stole-pa-fredsmegler-med-okonomisk-agenda\/s\/5-95-2781662\" rel=\"Follow nofollow noopener\" target=\"_blank\">Trumps Ukraina-plan: \u2013 Kan ikke stole p\u00e5 fredsmegler med \u00f8konomisk agenda<\/a><\/b><\/p>\n<p>\u2013 Russland er en trussel i dag, i morgen og i den overskuelige framtiden for hele Europa, sa Finlands statsminister Petteri Orpo p\u00e5 en pressekonferanse tirsdag.<\/p>\n<p>(\u00a9NTB)<\/p>\n<p>    Vil du se neste video?<\/p>\n<p>    <a href=\"https:\/\/www.nettavisen.no\/nyheter\/donald-trump-til-angrep-pa-rob-reiner\/v\/5-95-2782142\" class=\"recommend-poster\" data-adp-clicklabel=\"video-recommend\" data-adp-clickvalue=\"poster\" rel=\"nofollow noopener\" target=\"_blank\"><br \/>\n      <img decoding=\"async\" width=\"200\" height=\"200\" loading=\"lazy\" src=\"https:\/\/www.europesays.com\/no\/wp-content\/uploads\/2025\/12\/Trump+front.jpg\" alt=\"\" class=\"brick-c-cFOWSL\" style=\"--brick-image-ratio: 200 \/ 200;\"\/><\/p>\n<p>Donald Trump f\u00e5r totalslakt0:57<\/p>\n<p>    <\/a><\/p>\n","protected":false},"excerpt":{"rendered":"De \u00e5tte lederne fra Finland, Sverige, Estland, Latvia, Litauen, Polen, Bulgaria og Romania m\u00f8ttes i den finske hovedstaden&hellip;\n","protected":false},"author":2,"featured_media":114821,"comment_status":"","ping_status":"","sticky":false,"template":"","format":"standard","meta":{"footnotes":""},"categories":[12],"tags":[20,21,24,25,15,22,23,13,30,28,29,14,16,26,27,42,43,44,45],"class_list":{"0":"post-114820","1":"post","2":"type-post","3":"status-publish","4":"format-standard","5":"has-post-thumbnail","7":"category-verden","8":"tag-breaking-news","9":"tag-breakingnews","10":"tag-featured-news","11":"tag-featurednews","12":"tag-headlines","13":"tag-latest-news","14":"tag-latestnews","15":"tag-news","16":"tag-no","17":"tag-norge","18":"tag-norway","19":"tag-nyheter","20":"tag-overskrifter","21":"tag-top-stories","22":"tag-topstories","23":"tag-verden","24":"tag-world","25":"tag-world-news","26":"tag-worldnews"},"share_on_mastodon":{"url":"https:\/\/pubeurope.com\/@no\/115730323158686464","error":""},"_links":{"self":[{"href":"https:\/\/www.europesays.com\/no\/wp-json\/wp\/v2\/posts\/114820","targetHints":{"allow":["GET"]}}],"collection":[{"href":"https:\/\/www.europesays.com\/no\/wp-json\/wp\/v2\/posts"}],"about":[{"href":"https:\/\/www.europesays.com\/no\/wp-json\/wp\/v2\/types\/post"}],"author":[{"embeddable":true,"href":"https:\/\/www.europesays.com\/no\/wp-json\/wp\/v2\/users\/2"}],"replies":[{"embeddable":true,"href":"https:\/\/www.europesays.com\/no\/wp-json\/wp\/v2\/comments?post=114820"}],"version-history":[{"count":0,"href":"https:\/\/www.europesays.com\/no\/wp-json\/wp\/v2\/posts\/114820\/revisions"}],"wp:featuredmedia":[{"embeddable":true,"href":"https:\/\/www.europesays.com\/no\/wp-json\/wp\/v2\/media\/114821"}],"wp:attachment":[{"href":"https:\/\/www.europesays.com\/no\/wp-json\/wp\/v2\/media?parent=114820"}],"wp:term":[{"taxonomy":"category","embeddable":true,"href":"https:\/\/www.europesays.com\/no\/wp-json\/wp\/v2\/categories?post=114820"},{"taxonomy":"post_tag","embeddable":true,"href":"https:\/\/www.europesays.com\/no\/wp-json\/wp\/v2\/tags?post=114820"}],"curies":[{"name":"wp","href":"https:\/\/api.w.org\/{rel}","templated":true}]}}