{"id":114825,"date":"2025-12-16T17:04:14","date_gmt":"2025-12-16T17:04:14","guid":{"rendered":"https:\/\/www.europesays.com\/no\/114825\/"},"modified":"2025-12-16T17:04:14","modified_gmt":"2025-12-16T17:04:14","slug":"fotball-vm-2026-sport-tv-2-sender-apningskampen-til-norge-i-fotball-vm-nrk-sender-de-to-neste","status":"publish","type":"post","link":"https:\/\/www.europesays.com\/no\/114825\/","title":{"rendered":"Fotball-VM 2026, Sport | TV 2 sender \u00e5pningskampen til Norge i fotball-VM \u2013 NRK sender de to neste"},"content":{"rendered":"\n<p>TV 2 skal sende landslagets \u00e5pningskamp i mesterskapet. Den spilles onsdag 17. juni mot vinneren av playoffkampene mellom Irak, Bolivia og Surinam. Endelig motstander blir avgjort i mars.<\/p>\n<p>\u2013 Det er krevende \u00e5 fordele 104 VM-kamper i spennvidden mellom Norge-Frankrike klokken 21 norsk tid og Jordan-Algerie klokken 05 om morgenen, men til slutt kan b\u00e5de TV 2 og NRK si seg meget forn\u00f8yde med utfallet, sier TV 2s sportsredakt\u00f8r Vegard Jansen Hagen.<\/p>\n<p>\u2013 Det blir fotballfest over hele Norge, gjennom hele d\u00f8gnet og p\u00e5 begge kanaler. Nedtellingen er i full gang, sier Jansen Hagen.<\/p>\n<p>NRK f\u00e5r to gruppekamper<\/p>\n<p>NRK skal deretter vise gruppespillskampene mot henholdsvis Senegal tirsdag 23. juni og Frankrike fredag 26. juni.<\/p>\n<p>\u2013 Sammen med TV 2 skal vi lage tidenes fotballfest i sommer. Vi er veldig forn\u00f8yde med fordelingen av kampene, og takket v\u00e6re et godt samarbeid s\u00e5 gikk forhandlingene om kampene veldig greit. Dette kommer til \u00e5 bli et fantastisk mesterskap p\u00e5 TV 2 og NRK, sier NRKs sportsredakt\u00f8r Espen Olsen Langfeldt.<\/p>\n<p>En eventuell 16-delsfinale vil bli sendt hos TV 2. NRK vil sende \u00e5ttedelsfinalen om St\u00e5le Solbakkens mannskap kommer s\u00e5pass langt, mens en mulig kvartfinale vil g\u00e5 p\u00e5 TV 2.<\/p>\n<p>Hvem sender finalen?<\/p>\n<p>Fotball-VM starter med \u00e5pningskampen mellom vertsnasjonen Mexico og S\u00f8r-Afrika torsdag 11. juni. Den kampen ser man p\u00e5 TV 2.<\/p>\n<p>Finalen og bronsefinalen sendes p\u00e5 NRK 19. juli, og begge semifinalene sendes p\u00e5 TV 2.<\/p>\n<p>NRK har rettighetene til \u00e5 sende alle VM-kampene p\u00e5 radio og vil sende alle Norges kamper p\u00e5 radiokanalen NRK Sport.<\/p>\n","protected":false},"excerpt":{"rendered":"TV 2 skal sende landslagets \u00e5pningskamp i mesterskapet. Den spilles onsdag 17. juni mot vinneren av playoffkampene mellom&hellip;\n","protected":false},"author":2,"featured_media":114826,"comment_status":"","ping_status":"","sticky":false,"template":"","format":"standard","meta":{"footnotes":""},"categories":[59],"tags":[36,8634,30,28,29,787,83,82,1510,208],"class_list":{"0":"post-114825","1":"post","2":"type-post","3":"status-publish","4":"format-standard","5":"has-post-thumbnail","7":"category-sport","8":"tag-art","9":"tag-fotball-vm-2026","10":"tag-no","11":"tag-norge","12":"tag-norway","13":"tag-nrk","14":"tag-sport","15":"tag-sports","16":"tag-story","17":"tag-tv-2"},"share_on_mastodon":{"url":"https:\/\/pubeurope.com\/@no\/115730334582202367","error":""},"_links":{"self":[{"href":"https:\/\/www.europesays.com\/no\/wp-json\/wp\/v2\/posts\/114825","targetHints":{"allow":["GET"]}}],"collection":[{"href":"https:\/\/www.europesays.com\/no\/wp-json\/wp\/v2\/posts"}],"about":[{"href":"https:\/\/www.europesays.com\/no\/wp-json\/wp\/v2\/types\/post"}],"author":[{"embeddable":true,"href":"https:\/\/www.europesays.com\/no\/wp-json\/wp\/v2\/users\/2"}],"replies":[{"embeddable":true,"href":"https:\/\/www.europesays.com\/no\/wp-json\/wp\/v2\/comments?post=114825"}],"version-history":[{"count":0,"href":"https:\/\/www.europesays.com\/no\/wp-json\/wp\/v2\/posts\/114825\/revisions"}],"wp:featuredmedia":[{"embeddable":true,"href":"https:\/\/www.europesays.com\/no\/wp-json\/wp\/v2\/media\/114826"}],"wp:attachment":[{"href":"https:\/\/www.europesays.com\/no\/wp-json\/wp\/v2\/media?parent=114825"}],"wp:term":[{"taxonomy":"category","embeddable":true,"href":"https:\/\/www.europesays.com\/no\/wp-json\/wp\/v2\/categories?post=114825"},{"taxonomy":"post_tag","embeddable":true,"href":"https:\/\/www.europesays.com\/no\/wp-json\/wp\/v2\/tags?post=114825"}],"curies":[{"name":"wp","href":"https:\/\/api.w.org\/{rel}","templated":true}]}}