{"id":114827,"date":"2025-12-16T17:08:13","date_gmt":"2025-12-16T17:08:13","guid":{"rendered":"https:\/\/www.europesays.com\/no\/114827\/"},"modified":"2025-12-16T17:08:13","modified_gmt":"2025-12-16T17:08:13","slug":"12-aring-drap-12-aring-mistenkt-for-drap","status":"publish","type":"post","link":"https:\/\/www.europesays.com\/no\/114827\/","title":{"rendered":"12-\u00e5ring, Drap | 12-\u00e5ring mistenkt for drap"},"content":{"rendered":"\n<p>Det melder <a href=\"https:\/\/www.sydsvenskan.se\/malmo\/pojken-som-misstanks-for-mordet-i-oxie-ar-12-ar-gammal\/\" rel=\"Follow nofollow noopener\" target=\"_blank\">Sydsvenskan<\/a>.<\/p>\n<p>\u2013 Man blir skremt, hvor er vi p\u00e5 vei? sier Rasem Chebil i Malm\u00f6politiet.<\/p>\n<p>Drapet skjedde da 21-\u00e5ringen og noen venner kj\u00f8rte langs veien 12. desember.<\/p>\n<p>If\u00f8lge avisen ble flere skudd avfyrt og minst en kule fl\u00f8y inn i kj\u00f8ret\u00f8yet og traff 21-\u00e5ringen som satt i baksetet.\u00a0<\/p>\n<p><b>Les ogs\u00e5: <a href=\"https:\/\/www.nettavisen.no\/nyheter\/raymond-johansen-etter-skandalen-kom-med-tillits-sporsmal-til-styret\/s\/5-95-2782933\" rel=\"Follow nofollow noopener\" target=\"_blank\">Raymond Johansen etter skandalen: Kom med tillits-sp\u00f8rsm\u00e5l til styret<\/a><\/b><\/p>\n<p>I stedet for \u00e5 kj\u00f8re til sykehuset valgte 21-\u00e5ringens venner \u00e5 kj\u00f8re inn i sentrum og parkerte bilen i en gate, f\u00f8r de forlot kj\u00f8ret\u00f8yet.<\/p>\n<p>Da bilen til slutt ble funnet, ble 21-\u00e5ringen fraktet til sykehuset, men livet hans sto ikke til \u00e5 redde.\u00a0<\/p>\n<p>Politiet startet dermed en etterforskning, der sporene f\u00f8rte dem til 12-\u00e5ringen som n\u00e5 er mistenkt.<\/p>\n<p>Grunnet hans unge alder er han ikke strafferettslig ansvarlig, og han blir derfor tatt h\u00e5nd om av sosialtjenesten.<\/p>\n<p>    Vil du se neste video?<\/p>\n<p>    <a href=\"https:\/\/www.nettavisen.no\/nyheter\/ny-donal-trump-blemme-dumskalle\/v\/5-95-2774170\" class=\"recommend-poster\" data-adp-clicklabel=\"video-recommend\" data-adp-clickvalue=\"poster\" rel=\"nofollow noopener\" target=\"_blank\"><br \/>\n      <img decoding=\"async\" width=\"200\" height=\"200\" loading=\"lazy\" src=\"https:\/\/www.europesays.com\/no\/wp-content\/uploads\/2025\/12\/Trump+og+mobil+til+cue.jpg\" alt=\"\" class=\"brick-c-cFOWSL\" style=\"--brick-image-ratio: 200 \/ 200;\"\/><\/p>\n<p>Ny Trump-blemme: \u2013 Dumskalle0:57<\/p>\n<p>    <\/a><\/p>\n","protected":false},"excerpt":{"rendered":"Det melder Sydsvenskan. \u2013 Man blir skremt, hvor er vi p\u00e5 vei? sier Rasem Chebil i Malm\u00f6politiet. Drapet&hellip;\n","protected":false},"author":2,"featured_media":3844,"comment_status":"","ping_status":"","sticky":false,"template":"","format":"standard","meta":{"footnotes":""},"categories":[12],"tags":[20,21,24,25,15,22,23,13,30,28,29,14,16,26,27,42,43,44,45],"class_list":{"0":"post-114827","1":"post","2":"type-post","3":"status-publish","4":"format-standard","5":"has-post-thumbnail","7":"category-verden","8":"tag-breaking-news","9":"tag-breakingnews","10":"tag-featured-news","11":"tag-featurednews","12":"tag-headlines","13":"tag-latest-news","14":"tag-latestnews","15":"tag-news","16":"tag-no","17":"tag-norge","18":"tag-norway","19":"tag-nyheter","20":"tag-overskrifter","21":"tag-top-stories","22":"tag-topstories","23":"tag-verden","24":"tag-world","25":"tag-world-news","26":"tag-worldnews"},"share_on_mastodon":{"url":"https:\/\/pubeurope.com\/@no\/115730350666306448","error":""},"_links":{"self":[{"href":"https:\/\/www.europesays.com\/no\/wp-json\/wp\/v2\/posts\/114827","targetHints":{"allow":["GET"]}}],"collection":[{"href":"https:\/\/www.europesays.com\/no\/wp-json\/wp\/v2\/posts"}],"about":[{"href":"https:\/\/www.europesays.com\/no\/wp-json\/wp\/v2\/types\/post"}],"author":[{"embeddable":true,"href":"https:\/\/www.europesays.com\/no\/wp-json\/wp\/v2\/users\/2"}],"replies":[{"embeddable":true,"href":"https:\/\/www.europesays.com\/no\/wp-json\/wp\/v2\/comments?post=114827"}],"version-history":[{"count":0,"href":"https:\/\/www.europesays.com\/no\/wp-json\/wp\/v2\/posts\/114827\/revisions"}],"wp:featuredmedia":[{"embeddable":true,"href":"https:\/\/www.europesays.com\/no\/wp-json\/wp\/v2\/media\/3844"}],"wp:attachment":[{"href":"https:\/\/www.europesays.com\/no\/wp-json\/wp\/v2\/media?parent=114827"}],"wp:term":[{"taxonomy":"category","embeddable":true,"href":"https:\/\/www.europesays.com\/no\/wp-json\/wp\/v2\/categories?post=114827"},{"taxonomy":"post_tag","embeddable":true,"href":"https:\/\/www.europesays.com\/no\/wp-json\/wp\/v2\/tags?post=114827"}],"curies":[{"name":"wp","href":"https:\/\/api.w.org\/{rel}","templated":true}]}}