{"id":11483,"date":"2025-08-18T15:15:08","date_gmt":"2025-08-18T15:15:08","guid":{"rendered":"https:\/\/www.europesays.com\/no\/11483\/"},"modified":"2025-08-18T15:15:08","modified_gmt":"2025-08-18T15:15:08","slug":"bandai-namco-vil-kunngjore-en-ny-tales-of-remastered-i-morgen","status":"publish","type":"post","link":"https:\/\/www.europesays.com\/no\/11483\/","title":{"rendered":"Bandai Namco vil kunngj\u00f8re en ny Tales of Remastered i morgen &#8211;"},"content":{"rendered":"<p>Bandai Namco kommer til \u00e5 f\u00f8lge Nintendos ledelse med <a href=\"https:\/\/www.gamereactor.no\/kirbys-eksklusive-switch-2-spill-vil-ha-sin-egen-nintendo-direct-i-morgen-19-august-1841843\/\" title=\"Kirby Air Riders har sin egen Nintendo Direct i morgen, 19. august\" rel=\"nofollow noopener\" target=\"_blank\">Kirby Air Riders og Sakurai<\/a>, og dra nytte av forventningen til spillere i timene f\u00f8r Opening Night Live p\u00e5 Gamescom, det st\u00f8rste videospillarrangementet i verden i dag. Det japanske selskapet har nettopp forh\u00e5ndsvist <strong>annonseringen av et nytt spill i Tales of Remastered-serien<\/strong>, som vil bli gjort i morgen, 19. august kl. 15:00 BST \/ 16:00 CEST.<\/p>\n<p>For \u00f8yeblikket er det ingen ytterligere detaljer om dette nye spillet, annet enn at det vil v\u00e6re en revisjon av en av de tidligere delene av den langvarige serien (som Tales of Symphonia Remastered og Tales of Graces F Remastered), som feirer sitt 30. \u00e5r som en eksponent for JRPG-sjangeren p\u00e5 2025.<\/p>\n<p>Du kan f\u00f8lge presentasjonen av det nye Tales of Remastered p\u00e5 Bandai Namcos offisielle YouTube-kanal <a href=\"https:\/\/www.youtube.com\/watch?v=Vky55fYInh8\" target=\"_blank\" rel=\"nofollow noopener\">her.<\/a><\/p>\n<p><img loading=\"lazy\" decoding=\"async\" id=\"img-1841993-4637183\" data-fullsize=\"\/media\/71\/bandainamcowill_4637183b.jpg\" data-lazy=\"\" src=\"https:\/\/www.europesays.com\/no\/wp-content\/uploads\/2025\/08\/bandainamcowill_4637183_650x.jpg\" width=\"650\" onclick=\"if (!window.__cfRLUnblockHandlers) return false; gallery_openmodal('1841993','4637183',false,'0df520c6780a27245f7c0763c1295d87');\" height=\"365\" alt=\"Bandai Namco vil kunngj\u00f8re en ny Tales of Remastered i morgen\" class=\"rwd_col_content lazy\" data-cf-modified-5a0755cb4c3ce9010f843b96-=\"\"\/><\/p>\n","protected":false},"excerpt":{"rendered":"Bandai Namco kommer til \u00e5 f\u00f8lge Nintendos ledelse med Kirby Air Riders og Sakurai, og dra nytte av&hellip;\n","protected":false},"author":2,"featured_media":11484,"comment_status":"","ping_status":"","sticky":false,"template":"","format":"standard","meta":{"footnotes":""},"categories":[57],"tags":[30,28,29,65,63,64,66,70,69,67,68],"class_list":{"0":"post-11483","1":"post","2":"type-post","3":"status-publish","4":"format-standard","5":"has-post-thumbnail","7":"category-vitenskap-og-teknologi","8":"tag-no","9":"tag-norge","10":"tag-norway","11":"tag-science","12":"tag-science-and-technology","13":"tag-scienceandtechnology","14":"tag-technology","15":"tag-teknologi","16":"tag-vitenskap","17":"tag-vitenskap-og-teknologi","18":"tag-vitenskapteknologi"},"share_on_mastodon":{"url":"","error":""},"_links":{"self":[{"href":"https:\/\/www.europesays.com\/no\/wp-json\/wp\/v2\/posts\/11483","targetHints":{"allow":["GET"]}}],"collection":[{"href":"https:\/\/www.europesays.com\/no\/wp-json\/wp\/v2\/posts"}],"about":[{"href":"https:\/\/www.europesays.com\/no\/wp-json\/wp\/v2\/types\/post"}],"author":[{"embeddable":true,"href":"https:\/\/www.europesays.com\/no\/wp-json\/wp\/v2\/users\/2"}],"replies":[{"embeddable":true,"href":"https:\/\/www.europesays.com\/no\/wp-json\/wp\/v2\/comments?post=11483"}],"version-history":[{"count":0,"href":"https:\/\/www.europesays.com\/no\/wp-json\/wp\/v2\/posts\/11483\/revisions"}],"wp:featuredmedia":[{"embeddable":true,"href":"https:\/\/www.europesays.com\/no\/wp-json\/wp\/v2\/media\/11484"}],"wp:attachment":[{"href":"https:\/\/www.europesays.com\/no\/wp-json\/wp\/v2\/media?parent=11483"}],"wp:term":[{"taxonomy":"category","embeddable":true,"href":"https:\/\/www.europesays.com\/no\/wp-json\/wp\/v2\/categories?post=11483"},{"taxonomy":"post_tag","embeddable":true,"href":"https:\/\/www.europesays.com\/no\/wp-json\/wp\/v2\/tags?post=11483"}],"curies":[{"name":"wp","href":"https:\/\/api.w.org\/{rel}","templated":true}]}}