{"id":114833,"date":"2025-12-16T17:17:11","date_gmt":"2025-12-16T17:17:11","guid":{"rendered":"https:\/\/www.europesays.com\/no\/114833\/"},"modified":"2025-12-16T17:17:11","modified_gmt":"2025-12-16T17:17:11","slug":"vil-galskapen-ingen-ende-ta","status":"publish","type":"post","link":"https:\/\/www.europesays.com\/no\/114833\/","title":{"rendered":"Vil galskapen ingen ende ta?"},"content":{"rendered":"<p>Skrevet av: Frank Hilp\u00fcsch<\/p>\n<p><strong>For tiden st\u00e5r<\/strong> det tomt to sengeplasser ved Bjark\u00f8y sykehjem, et av landets beste sykehjem med motiverte og h\u00f8yt kompetente fagfolk i arbeid. Samtidig har UNN 6 utskrivningsklare pasienter fra Harstad som venter p\u00e5 en kommunale omsorgsplass. D\u00f8gnmulkt for utskrivningsklare pasienter bel\u00f8per seg til omkring 10.000 kr per dag per pasient.<\/p>\n<p><strong>Det vil si <\/strong>at de to plassene som n\u00e5 ikke belegges ved Bjark\u00f8y sykehjem som konsekvens av den m\u00e5lrettede nedskalering med omgj\u00f8ring av sykehjemsplasser til 4 dagsenter plasser (som forresten ingen vet hva det skal bety og hvordan de skal se ut!) koster kommunens innbyggere 20.000 per dag \u2013 600.000 kroner per m\u00e5ned og 7.2 millioner kroner i \u00e5ret! Det er friske tall, s\u00e6rlig med tanke p\u00e5 at nedskaleringen skulle f\u00f8re til en innsparing p\u00e5 hypotetiske 4.6 millioner kroner. Skulle i fremtiden kommunen fortsatt ikke evne \u00e5 ta unna utskrivningsklare pasienter fra Unn og Bjark\u00f8y sykehjem reduseres med ytterlige to plasser, vil bel\u00f8pet i d\u00f8gnmulkt overstige 14 millioner kr per \u00e5r!<\/p>\n<p><strong>I disse h\u00f8ytidsdagene<\/strong> skulle man s\u00e5 gjerne ha avsluttet et lite leserinnlegg med noen passende ord fra Bibelen, av typen: Far forlat dem; for de vet ikke hva de gj\u00f8r!<\/p>\n<p><strong>Men det g\u00e5r <\/strong>dessverre ikke da kommunens politikere og administrasjonen er blitt gjort oppmerksom p\u00e5 dette gjennom utallige m\u00f8ter og saklige leserinnlegg det siste \u00e5ret vel vitende hvilken konsekvens nedskaleringen av Bjark\u00f8y sykehjem vil medf\u00f8re. Som f\u00f8lge av det prisverdige engasjementet fra lokalbefolkningen klarte v\u00e5r egen ordf\u00f8rer kun \u00e5 involvere Politiet for \u00e5 se om aksjonistene p\u00e5 Bjark\u00f8y drev med noe ulovlig. Det er forresten en norsk Ordf\u00f8rer ikke verdig og passer meget bedre til de forkastelige tilstandene vi ser i dag p\u00e5 andre siden av Atlanteren!<\/p>\n<p><strong>S\u00e5 for \u00e5<\/strong> kunne avslutte innlegget p\u00e5 en fin m\u00e5te m\u00e5 vi dessverre nok gravs oss litt lenger ned i boken helt nederst i Det gamle testamente og ender da opp med: Den som s\u00e5r vind, h\u00f8ster storm!<\/p>\n<p><strong>Jeg tror vi <\/strong>i \u00d8yriket m\u00e5 innse at vi kommer til \u00e5 v\u00e6re stortaperen i Harstads nedgangstid og jeg mener det er p\u00e5 tide \u00e5 iverksette en konstruktiv prosess mot kommuneovergang til eksempelvis Kv\u00e6fjord kommune. Det m\u00e5 settes ned en arbeidsgruppe som unders\u00f8ker relevante forhold, deretter b\u00f8r man ha informasjonsm\u00f8ter i \u00d8yriket og invitere Kv\u00e6fjord kommune til dialog.<\/p>\n","protected":false},"excerpt":{"rendered":"Skrevet av: Frank Hilp\u00fcsch For tiden st\u00e5r det tomt to sengeplasser ved Bjark\u00f8y sykehjem, et av landets beste&hellip;\n","protected":false},"author":2,"featured_media":114834,"comment_status":"","ping_status":"","sticky":false,"template":"","format":"standard","meta":{"footnotes":""},"categories":[10],"tags":[13942,20,21,24,25,370,15,2705,22,23,13,30,28,29,14,16,11098,5158,26,27,6136],"class_list":{"0":"post-114833","1":"post","2":"type-post","3":"status-publish","4":"format-standard","5":"has-post-thumbnail","7":"category-norge","8":"tag-bjarkoy","9":"tag-breaking-news","10":"tag-breakingnews","11":"tag-featured-news","12":"tag-featurednews","13":"tag-harstad","14":"tag-headlines","15":"tag-kvaefjord","16":"tag-latest-news","17":"tag-latestnews","18":"tag-news","19":"tag-no","20":"tag-norge","21":"tag-norway","22":"tag-nyheter","23":"tag-overskrifter","24":"tag-oyriket","25":"tag-sykehjem","26":"tag-top-stories","27":"tag-topstories","28":"tag-utskrivningsklare-pasienter"},"share_on_mastodon":{"url":"https:\/\/pubeurope.com\/@no\/115730385640570242","error":""},"_links":{"self":[{"href":"https:\/\/www.europesays.com\/no\/wp-json\/wp\/v2\/posts\/114833","targetHints":{"allow":["GET"]}}],"collection":[{"href":"https:\/\/www.europesays.com\/no\/wp-json\/wp\/v2\/posts"}],"about":[{"href":"https:\/\/www.europesays.com\/no\/wp-json\/wp\/v2\/types\/post"}],"author":[{"embeddable":true,"href":"https:\/\/www.europesays.com\/no\/wp-json\/wp\/v2\/users\/2"}],"replies":[{"embeddable":true,"href":"https:\/\/www.europesays.com\/no\/wp-json\/wp\/v2\/comments?post=114833"}],"version-history":[{"count":0,"href":"https:\/\/www.europesays.com\/no\/wp-json\/wp\/v2\/posts\/114833\/revisions"}],"wp:featuredmedia":[{"embeddable":true,"href":"https:\/\/www.europesays.com\/no\/wp-json\/wp\/v2\/media\/114834"}],"wp:attachment":[{"href":"https:\/\/www.europesays.com\/no\/wp-json\/wp\/v2\/media?parent=114833"}],"wp:term":[{"taxonomy":"category","embeddable":true,"href":"https:\/\/www.europesays.com\/no\/wp-json\/wp\/v2\/categories?post=114833"},{"taxonomy":"post_tag","embeddable":true,"href":"https:\/\/www.europesays.com\/no\/wp-json\/wp\/v2\/tags?post=114833"}],"curies":[{"name":"wp","href":"https:\/\/api.w.org\/{rel}","templated":true}]}}