{"id":114839,"date":"2025-12-16T17:23:37","date_gmt":"2025-12-16T17:23:37","guid":{"rendered":"https:\/\/www.europesays.com\/no\/114839\/"},"modified":"2025-12-16T17:23:37","modified_gmt":"2025-12-16T17:23:37","slug":"sudan-igjen-pa-toppen-av-kriseliste","status":"publish","type":"post","link":"https:\/\/www.europesays.com\/no\/114839\/","title":{"rendered":"Sudan igjen p\u00e5 toppen av kriseliste"},"content":{"rendered":"<p>    Sudan er fortsatt verdens st\u00f8rste krise, og det er flere p\u00e5g\u00e5ende konflikter i verden enn siden andre verdenskrig, skriver International Rescue Committee (IRC).<\/p>\n<p>\n        Sudanske kvinner st\u00e5r i k\u00f8 for \u00e5 f\u00e5 mat i en flyktningleir.<br \/>\n        Marwan Ali \/ AP \/ NTB\n    <\/p>\n<p class=\"kicker t30 tertiary color_mobile_tertiary\" style=\"\">Verden<\/p>\n<p>\nHjelpeorganisasjonen skriver hvert \u00e5r en rapport om de verste krisene i verden. For tredje \u00e5r p\u00e5 rad er borgerkrigsherjede Sudan p\u00e5 topp, og som i fjor kaller <a href=\"https:\/\/www.rescue.org\/article\/top-10-crises-world-cant-ignore-2026\" rel=\"nofollow noopener\" target=\"_blank\">IRC <\/a><br \/>\ndet den st\u00f8rste humanit\u00e6re krisen som noensinne er registrert. <\/p>\n<p>Mer enn tolv millioner mennesker er fordrevet av borgerkrigen i Sudan, og mange er blitt voldtatt, ranet eller foreldrel\u00f8se.<\/p>\n<p>IRC-sjef David Miliband sier at det som skjer ikke er tilfeldig, og at verden gjennom handlinger og ord produserer, forlenger og bel\u00f8nner humanit\u00e6re kriser.<\/p>\n<p>\u2013 St\u00f8rrelsen p\u00e5 krisen i Sudan, som topper v\u00e5r liste for tredje \u00e5r p\u00e5 rad og er den st\u00f8rste humanit\u00e6re krisen som noensinne er registrert, er et tegn p\u00e5 denne uordenen, sier han videre i en uttalelse.<\/p>\n<p>If\u00f8lge rapporten er det ogs\u00e5 flere p\u00e5g\u00e5ende kriger enn p\u00e5 noe annet tidspunkt siden 2. verdenskrig. Hele seks land er n\u00e5 rammet av IPC 5, det h\u00f8yeste niv\u00e5et i FNs sultklassifisering. <\/p>\n<p>Bak Sudan p\u00e5 lista kommer humanit\u00e6re kriser i Palestina, S\u00f8r-Sudan, Etiopia og Haiti. IRC skriver at disse landene kun st\u00e5r for 12 prosent av verdens befolkning, men 89 prosent av personene med behov for n\u00f8dhjelp. I tillegg ansl\u00e5s det at disse landene kommer til \u00e5 v\u00e6re vertskap for over halvparten av verdens ekstremt fattige innen 2029.<\/p>\n<p>\u00d8vrige land p\u00e5 lista er Myanmar, Kongo, Mali, Burkina Faso, Libanon, Afghanistan, Kamerun, Tsjad, Colombia, Niger, Nigeria, Somalia, Syria, Ukraina og Jemen.<\/p>\n","protected":false},"excerpt":{"rendered":"Sudan er fortsatt verdens st\u00f8rste krise, og det er flere p\u00e5g\u00e5ende konflikter i verden enn siden andre verdenskrig,&hellip;\n","protected":false},"author":2,"featured_media":114840,"comment_status":"","ping_status":"","sticky":false,"template":"","format":"standard","meta":{"footnotes":""},"categories":[12],"tags":[20,21,24,25,15,22,23,13,30,28,29,14,16,26,27,42,43,44,45],"class_list":{"0":"post-114839","1":"post","2":"type-post","3":"status-publish","4":"format-standard","5":"has-post-thumbnail","7":"category-verden","8":"tag-breaking-news","9":"tag-breakingnews","10":"tag-featured-news","11":"tag-featurednews","12":"tag-headlines","13":"tag-latest-news","14":"tag-latestnews","15":"tag-news","16":"tag-no","17":"tag-norge","18":"tag-norway","19":"tag-nyheter","20":"tag-overskrifter","21":"tag-top-stories","22":"tag-topstories","23":"tag-verden","24":"tag-world","25":"tag-world-news","26":"tag-worldnews"},"share_on_mastodon":{"url":"https:\/\/pubeurope.com\/@no\/115730409342939239","error":""},"_links":{"self":[{"href":"https:\/\/www.europesays.com\/no\/wp-json\/wp\/v2\/posts\/114839","targetHints":{"allow":["GET"]}}],"collection":[{"href":"https:\/\/www.europesays.com\/no\/wp-json\/wp\/v2\/posts"}],"about":[{"href":"https:\/\/www.europesays.com\/no\/wp-json\/wp\/v2\/types\/post"}],"author":[{"embeddable":true,"href":"https:\/\/www.europesays.com\/no\/wp-json\/wp\/v2\/users\/2"}],"replies":[{"embeddable":true,"href":"https:\/\/www.europesays.com\/no\/wp-json\/wp\/v2\/comments?post=114839"}],"version-history":[{"count":0,"href":"https:\/\/www.europesays.com\/no\/wp-json\/wp\/v2\/posts\/114839\/revisions"}],"wp:featuredmedia":[{"embeddable":true,"href":"https:\/\/www.europesays.com\/no\/wp-json\/wp\/v2\/media\/114840"}],"wp:attachment":[{"href":"https:\/\/www.europesays.com\/no\/wp-json\/wp\/v2\/media?parent=114839"}],"wp:term":[{"taxonomy":"category","embeddable":true,"href":"https:\/\/www.europesays.com\/no\/wp-json\/wp\/v2\/categories?post=114839"},{"taxonomy":"post_tag","embeddable":true,"href":"https:\/\/www.europesays.com\/no\/wp-json\/wp\/v2\/tags?post=114839"}],"curies":[{"name":"wp","href":"https:\/\/api.w.org\/{rel}","templated":true}]}}