{"id":114858,"date":"2025-12-16T17:45:10","date_gmt":"2025-12-16T17:45:10","guid":{"rendered":"https:\/\/www.europesays.com\/no\/114858\/"},"modified":"2025-12-16T17:45:10","modified_gmt":"2025-12-16T17:45:10","slug":"nrk-bbc-donald-trump-med-milliardsoksmal-mot-bbc-dette-svarer-nrk","status":"publish","type":"post","link":"https:\/\/www.europesays.com\/no\/114858\/","title":{"rendered":"NRK, BBC | Donald Trump med milliards\u00f8ksm\u00e5l mot BBC \u2013 dette svarer NRK"},"content":{"rendered":"\n<p>Trump har <a href=\"https:\/\/www.nettavisen.no\/nyheter\/trump-saksoker-bbc-for-50-milliarder-kroner\/s\/5-95-2781823\" rel=\"Follow nofollow noopener\" target=\"_blank\">saks\u00f8kt den britiske allmennkringkasteren for opptil 100 milliarder kroner<\/a> etter at de manipulerte en tale Trump ga f\u00f8r stormingen av kongressen i 2021.<\/p>\n<p>Trump varslet i november at BBC ville bli saks\u00f8kt, hvis de ikke trakk tilbake dokumentaren, kom med en unnskyldning og betalte kompensasjon. BBC har beklaget til Trump, og BBC-sjef Tim Davie og nyhetsdirekt\u00f8r Deborah Turness gikk fra sine stillinger, men kanalen har avvist Trumps krav om \u00f8konomisk kompensasjon.<\/p>\n<p><b>Les Erik Stephansens kommentar:<\/b> <a href=\"https:\/\/www.nettavisen.no\/norsk-debatt\/nrk-ma-ta-feilen-i-supernytt-pa-storste-alvor\/o\/5-95-2725087\" rel=\"Follow nofollow noopener\" target=\"_blank\">Hvorfor m\u00e5 BBC-sjefene g\u00e5, mens NRK g\u00e5r fri?<\/a><\/p>\n<p>N\u00e5 har presidenten gjort alvor av trusselen.<\/p>\n<p>\u2013 Om en liten stund vil dere f\u00e5 se at jeg saks\u00f8ker BBC for \u00e5 ha satt ord i munnen p\u00e5 meg. Bokstavelig talt, de satte ord i munnen p\u00e5 meg. De fikk meg til \u00e5 si ting jeg aldri har sagt da det ble offentliggjort, sa Trump til journalister p\u00e5 mandag, like f\u00f8r s\u00f8ksm\u00e5let ble kjent, if\u00f8lge <a href=\"https:\/\/www.theguardian.com\/us-news\/2025\/dec\/15\/trump-bbc-lawsuit\" rel=\"Follow nofollow noopener\" target=\"_blank\">The Guardian<\/a>.<\/p>\n<p>    Vil du se neste video?<\/p>\n<p>    <a href=\"https:\/\/www.nettavisen.no\/nyheter\/ny-donal-trump-blemme-dumskalle\/v\/5-95-2774170\" class=\"recommend-poster\" data-adp-clicklabel=\"video-recommend\" data-adp-clickvalue=\"poster\" rel=\"nofollow noopener\" target=\"_blank\"><br \/>\n      <img decoding=\"async\" width=\"200\" height=\"200\" loading=\"lazy\" src=\"https:\/\/www.europesays.com\/no\/wp-content\/uploads\/2025\/12\/Trump+og+mobil+til+cue.jpg\" alt=\"\" class=\"brick-c-cFOWSL\" style=\"--brick-image-ratio: 200 \/ 200;\"\/><\/p>\n<p>Ny Trump-blemme: \u2013 Dumskalle0:57<\/p>\n<p>    <\/a><\/p>\n<p>NRKs reaksjon p\u00e5 Trump-s\u00f8ksm\u00e5let<\/p>\n<p>NRK tok selv initiativ til \u00e5 gjennomg\u00e5 dekningen sin av Trumps tale 6. januar 2021 etter BBC-avsl\u00f8ringen, og endte opp med \u00e5 redigere et Supernytt-innslag fra 2023 og et nettklipp i <a rel=\"Follow nofollow noopener\" href=\"https:\/\/www.nrk.no\/urix\/xl\/tidslinje-for-beleiringen-av-kongressen_-slik-var-de-dramatiske-timene-1.15316913#intro-authors--expand\" target=\"_blank\">en sak fra 7. januar 2021<\/a>.<\/p>\n<p>\u2013 Vi har hatt en p\u00e5synsgjennomgang av produksjonen v\u00e5r, uten \u00e5 finne store feilgrep, bortsett fra et nettklipp vi har justert. Det har v\u00e6rt en grundig prosess, men det er en tale som er brukt mye og kan jo aldri helt utelukke at vi ikke har oversett noe, skriver NRKs utenriksredakt\u00f8r, Sigurd Falkenberg Mikkelsen, i en e-post til Nettavisen.<\/p>\n<p>\u2013 Hvordan reagerer NRK p\u00e5 Trumps gigants\u00f8ksm\u00e5l?<\/p>\n<p>\u2013 Det forholder vi oss til p\u00e5 journalistisk vis og dekker det etter generelle nyhetskriterier.<\/p>\n<p>\u2013 Frykter NRK et s\u00f8ksm\u00e5l etter at dere selv har redigert to innslag\/klipp?<\/p>\n<p>\u2013 Vi lager journalistikk for et norsk publikum. Vi har ikke kryssklippet Trumps tale, men gjort en journalistisk feil der vi ikke tok med hele setningen i Supernytt og ikke markerte overgangen i tid tydelig nok. Vi har ogs\u00e5 justert et nettklipp. Det har vi rettet opp og v\u00e6rt transparente i prosessen. Vi har gode ordninger for \u00e5 ta opp presseetikk utenom rettssalene i Norge, understreker Mikkelsen.<\/p>\n<p>    Vil du se neste video?<\/p>\n<p>    <a href=\"https:\/\/www.nettavisen.no\/nyheter\/ny-donal-trump-blemme-dumskalle\/v\/5-95-2774170\" class=\"recommend-poster\" data-adp-clicklabel=\"video-recommend\" data-adp-clickvalue=\"poster\" rel=\"nofollow noopener\" target=\"_blank\"><br \/>\n      <img decoding=\"async\" width=\"200\" height=\"200\" loading=\"lazy\" src=\"https:\/\/www.europesays.com\/no\/wp-content\/uploads\/2025\/12\/Trump+og+mobil+til+cue.jpg\" alt=\"\" class=\"brick-c-cFOWSL\" style=\"--brick-image-ratio: 200 \/ 200;\"\/><\/p>\n<p>Ny Trump-blemme: \u2013 Dumskalle0:57<\/p>\n<p>    <\/a><\/p>\n<p>50 milliarder for hvert punkt<\/p>\n<p>Konkret har USAs president g\u00e5tt til s\u00f8ksm\u00e5l mot BBC p\u00e5 to punkter. Det fremg\u00e5r av rettsdokumenter som ble levert inn til en domstol i Miami, Florida.<\/p>\n<p>Det ene punktet dreier seg om \u00e6rekrenkelse, og det andre om at Trump mener BBC br\u00f8t en lov i Florida som skal beskytte forbrukere mot urettferdig og villedende handelspraksis.<\/p>\n<p>For hvert av punktene krever presidenten i overkant av 50 milliarder kroner.<\/p>\n<p>\u2013 Som vi har gjort det klart tidligere, skal vi forsvare oss i denne saken. Vi kommer ikke til \u00e5 kommentere ytterligere en p\u00e5g\u00e5ende rettssak, sier en talsperson for BBC til <a rel=\"Follow nofollow noopener\" href=\"https:\/\/www.reuters.com\/world\/bbc-says-it-will-fight-trump-lawsuit-over-edited-speech-2025-12-16\/\" target=\"_blank\">Reuters<\/a>.<\/p>\n<p>    Vil du se neste video?<\/p>\n<p>    <a href=\"https:\/\/www.nettavisen.no\/nyheter\/ny-donal-trump-blemme-dumskalle\/v\/5-95-2774170\" class=\"recommend-poster\" data-adp-clicklabel=\"video-recommend\" data-adp-clickvalue=\"poster\" rel=\"nofollow noopener\" target=\"_blank\"><br \/>\n      <img decoding=\"async\" width=\"200\" height=\"200\" loading=\"lazy\" src=\"https:\/\/www.europesays.com\/no\/wp-content\/uploads\/2025\/12\/Trump+og+mobil+til+cue.jpg\" alt=\"\" class=\"brick-c-cFOWSL\" style=\"--brick-image-ratio: 200 \/ 200;\"\/><\/p>\n<p>Ny Trump-blemme: \u2013 Dumskalle0:57<\/p>\n<p>    <\/a><\/p>\n<p>\u2013 Ingenting med NRK \u00e5 gj\u00f8re<\/p>\n<p>Mikkelsen er klar p\u00e5 at NRK ikke frykter represalier, men de kommer til \u00e5 f\u00f8lge utviklingen.<\/p>\n<p><b>Erik Stephansen:<\/b> <a rel=\"Follow nofollow noopener\" href=\"https:\/\/www.nettavisen.no\/norsk-debatt\/bbc-serverer-fake-news\/s\/5-95-2715997\" target=\"_blank\">N\u00e5r selveste BBC serverer \u00abfake news\u00bb<\/a><\/p>\n<p>\u2013 Vi forholder oss kun til NRK og NRKs egen journalistikk. S\u00f8ksm\u00e5let mot BBC har i utgangspunktet ingenting med NRK \u00e5 gj\u00f8re. N\u00e5r det er sagt, bygger b\u00e5de NRK og andre mediers journalistiske virksomhet p\u00e5 prinsippene om presse- og ytringsfrihet. Derfor vil denne saken bli fulgt tett av europeiske og internasjonale medier, sier utenriksredakt\u00f8ren.<\/p>\n<p>BBC-sjefer trakk seg<\/p>\n<p>I BBCs -klipp som er utgangspunkt for s\u00f8ksm\u00e5let, sa Trump f\u00f8lgende:<\/p>\n<p>\u2013 Vi skal g\u00e5 ned til kongressbygningen \u2026 Og jeg skal v\u00e6re der med dere. Og vi skal kjempe. Vi skal kjempe som pokker (fight like hell).<\/p>\n<p>De to seksjonene av talen som ble klippet sammen, ble sagt med over 50 minutters mellomrom, og utelot at Trump ba tilhengerne sine om \u00e5 g\u00e5 samlet til kongressbygningen og p\u00e5 fredelig vis uttrykke sine meninger.<\/p>\n<p><b>Les ogs\u00e5:<\/b> <a rel=\"Follow nofollow noopener\" href=\"https:\/\/www.nettavisen.no\/norsk-debatt\/logndetektorer-frykt-og-kildejakt-pressefriheten-i-usa-er-under-angrep\/o\/5-95-2503922\" target=\"_blank\">L\u00f8gndetektorer, frykt og kildejakt: Pressefriheten i USA er under angrep<\/a><\/p>\n<p>BBCs styreleder, Samir Shah, sendte Trump et brev i midten av november med en beklagelse. Shah gikk imidlertid ikke med p\u00e5 at feilvurderingen var verdig en erstatning.<\/p>\n","protected":false},"excerpt":{"rendered":"Trump har saks\u00f8kt den britiske allmennkringkasteren for opptil 100 milliarder kroner etter at de manipulerte en tale Trump&hellip;\n","protected":false},"author":2,"featured_media":114859,"comment_status":"","ping_status":"","sticky":false,"template":"","format":"standard","meta":{"footnotes":""},"categories":[12],"tags":[20,21,24,25,15,22,23,13,30,28,29,14,16,26,27,42,43,44,45],"class_list":{"0":"post-114858","1":"post","2":"type-post","3":"status-publish","4":"format-standard","5":"has-post-thumbnail","7":"category-verden","8":"tag-breaking-news","9":"tag-breakingnews","10":"tag-featured-news","11":"tag-featurednews","12":"tag-headlines","13":"tag-latest-news","14":"tag-latestnews","15":"tag-news","16":"tag-no","17":"tag-norge","18":"tag-norway","19":"tag-nyheter","20":"tag-overskrifter","21":"tag-top-stories","22":"tag-topstories","23":"tag-verden","24":"tag-world","25":"tag-world-news","26":"tag-worldnews"},"share_on_mastodon":{"url":"https:\/\/pubeurope.com\/@no\/115730496056219973","error":""},"_links":{"self":[{"href":"https:\/\/www.europesays.com\/no\/wp-json\/wp\/v2\/posts\/114858","targetHints":{"allow":["GET"]}}],"collection":[{"href":"https:\/\/www.europesays.com\/no\/wp-json\/wp\/v2\/posts"}],"about":[{"href":"https:\/\/www.europesays.com\/no\/wp-json\/wp\/v2\/types\/post"}],"author":[{"embeddable":true,"href":"https:\/\/www.europesays.com\/no\/wp-json\/wp\/v2\/users\/2"}],"replies":[{"embeddable":true,"href":"https:\/\/www.europesays.com\/no\/wp-json\/wp\/v2\/comments?post=114858"}],"version-history":[{"count":0,"href":"https:\/\/www.europesays.com\/no\/wp-json\/wp\/v2\/posts\/114858\/revisions"}],"wp:featuredmedia":[{"embeddable":true,"href":"https:\/\/www.europesays.com\/no\/wp-json\/wp\/v2\/media\/114859"}],"wp:attachment":[{"href":"https:\/\/www.europesays.com\/no\/wp-json\/wp\/v2\/media?parent=114858"}],"wp:term":[{"taxonomy":"category","embeddable":true,"href":"https:\/\/www.europesays.com\/no\/wp-json\/wp\/v2\/categories?post=114858"},{"taxonomy":"post_tag","embeddable":true,"href":"https:\/\/www.europesays.com\/no\/wp-json\/wp\/v2\/tags?post=114858"}],"curies":[{"name":"wp","href":"https:\/\/api.w.org\/{rel}","templated":true}]}}