{"id":114862,"date":"2025-12-16T17:47:13","date_gmt":"2025-12-16T17:47:13","guid":{"rendered":"https:\/\/www.europesays.com\/no\/114862\/"},"modified":"2025-12-16T17:47:13","modified_gmt":"2025-12-16T17:47:13","slug":"nrk-avpubliserer-peder-kjos-podkast","status":"publish","type":"post","link":"https:\/\/www.europesays.com\/no\/114862\/","title":{"rendered":"NRK avpubliserer Peder Kj\u00f8s-podkast"},"content":{"rendered":"\n<p class=\"_lead_o9xde_2 _lead_xtcu6_50 layout-component text-serif-m layout-normal text-serif-l layout-component layout-wide layout-padded _wide_17hqh_1 layout-padded\">NRK har bestemt seg for hva de gj\u00f8r med podkasten der Peder Kj\u00f8s har v\u00e6rt programleder og psykolog.<\/p>\n<p><img alt=\"Kj\u00f8s har blitt anklaget for manglende rolleforst\u00e5else og at han ikke tok godt nok vare p\u00e5 pasientenes behov og rettigheter. Foto: Naina Hel\u00e9n J\u00e5ma \/ VG\" class=\"_image_qp4xg_65 layout-component layout-wide\" data-fullscreen- data-track-element-type=\"Article image fullscreen\" data-track-name=\"ImageFullscreen\" fetchpriority=\"high\" decoding=\"sync\" loading=\"eager\" height=\"5504\" itemprop=\"image\"  src=\"https:\/\/www.europesays.com\/no\/wp-content\/uploads\/2025\/12\/afcbdd4d-e3e3-4799-b07e-8c23fc26e4d1\"  style=\"object-position:0% 0%\" width=\"8256\"\/>Kj\u00f8s har blitt anklaget for manglende rolleforst\u00e5else og at han ikke tok godt nok vare p\u00e5 pasientenes behov og rettigheter. Foto: Naina Hel\u00e9n J\u00e5ma \/ VG<\/p>\n<ul aria-hidden=\"true\" class=\"_images_ntbth_112\">\n<li><a class=\"_link_ntbth_117\" href=\"https:\/\/www.vg.no\/forfatter\/ingrid-storeboe\" style=\"z-index:2\" title=\"Ingrid Storeb\u00f8\" rel=\"nofollow noopener\" target=\"_blank\"><img alt=\"Bilde av Ingrid Storeb\u00f8\" class=\"_image_ntbth_93\" fetchpriority=\"low\" loading=\"lazy\" decoding=\"async\" itemprop=\"image\"  src=\"https:\/\/www.europesays.com\/no\/wp-content\/uploads\/2025\/12\/1765907230_971_b3fc896d-536d-4041-8257-79b6b2cd3323\"  width=\"480\"\/><\/a><\/li>\n<li><a class=\"_link_ntbth_117\" href=\"https:\/\/www.vg.no\/forfatter\/erlend-ofte-arntsen\" style=\"z-index:1\" title=\"Erlend Ofte Arntsen\" rel=\"nofollow noopener\" target=\"_blank\"><img alt=\"Bilde av Erlend Ofte Arntsen\" class=\"_image_ntbth_93\" fetchpriority=\"low\" loading=\"lazy\" decoding=\"async\" itemprop=\"image\"  src=\"https:\/\/www.europesays.com\/no\/wp-content\/uploads\/2025\/12\/f3e42c24-5821-44c3-8fc2-03cfdf6a2c5f\"  width=\"480\"\/><\/a><\/li>\n<\/ul>\n<p> Oppdatert tirsdag 16. desember kl. 15:54    <\/p>\n<ul class=\"_list_o9xde_3 _list_64s2r_85 _unordered_o9xde_106 text-sans-m\">\n<li class=\"_item_o9xde_30\">NRK avpubliserer podkasten \u00abHos Peder\u00bb med psykologen Peder Kj\u00f8s.<\/li>\n<li class=\"_item_o9xde_30\">Beslutningen kommer etter at Kj\u00f8s fikk begrenset autorisasjon etter en tilsynssak.<\/li>\n<li class=\"_item_o9xde_30\">Eksternredakt\u00f8r Jostein Olseng sier at hensynet til medvirkende gj\u00f8r at innholdet ikke trenger \u00e5 ligge ute for alltid.<\/li>\n<li class=\"_item_o9xde_30\">Helsetilsynet krever at Kj\u00f8s m\u00e5 ha psykologveiledning for \u00e5 kunne praktisere videre.<\/li>\n<\/ul>\n<p>Vis mer <\/p>\n<p class=\"_paragraph_o9xde_4 _paragraph_xtcu6_10 layout-component text-serif-m layout-normal text-serif-m layout-padded\">Valget om \u00e5 avpublisere podkastserien\u00a0\u00abHos Peder\u00bb skal ha en sammenheng med at den profilerte psykologen har f\u00e5tt\u00a0begrenset sin autorisasjon\u00a0etter en omfattende tilsynssak.<\/p>\n<p class=\"_paragraph_o9xde_4 _paragraph_xtcu6_10 layout-component text-serif-m layout-normal text-serif-m layout-padded\">Det var <a href=\"https:\/\/www.tv2.no\/nyheter\/innenriks\/nrk-avpubliserer-peder-kjos-podkast\/18389082\/\" class=\"_link_o9xde_39\" rel=\"nofollow noopener\" target=\"_blank\">TV 2<\/a> som meldte saken f\u00f8rst. <\/p>\n<p class=\"_paragraph_o9xde_4 _paragraph_xtcu6_10 layout-component text-serif-m layout-normal text-serif-m layout-padded\"><strong class=\"_strong_o9xde_25\">\u2013 Jeg forst\u00e5r og respekterer den avgj\u00f8relsen NRK har tatt, skriver Peder Kj\u00f8s i en SMS til VG.<\/strong><\/p>\n<p class=\"_paragraph_o9xde_4 _paragraph_xtcu6_10 layout-component text-serif-m layout-normal text-serif-m layout-padded\">Eksternredakt\u00f8r Jostein Olseng i NRK bekrefter overfor VG at det ble tatt en ny vurdering etter Helsetilsynets vedtak.<\/p>\n<p class=\"_paragraph_o9xde_4 _paragraph_xtcu6_10 layout-component text-serif-m layout-normal text-serif-m layout-padded\"><strong class=\"_strong_o9xde_25\">\u2013 Konklusjonen er at vi kommer til \u00e5 ta serien bort fra v\u00e5rt arkiv, sier Olseng.<\/strong><\/p>\n<p class=\"_paragraph_o9xde_4 _paragraph_xtcu6_10 layout-component text-serif-m layout-normal text-serif-m layout-padded\">Olseng forklarer samtidig at NRK over tid har gjort vurderinger av innhold som generelt vurderes som s\u00e6rlig utleverende for de som medvirker.<\/p>\n<p class=\"_paragraph_o9xde_4 _paragraph_xtcu6_10 layout-component text-serif-m layout-normal text-serif-m layout-padded\">\u2013 Av hensynet til de som medvirker, legger vi vekt p\u00e5 at denne typen innhold ikke trenger \u00e5 ligge ut for alltid, sier Olseng og viser til at serien \u00abJeg mot meg\u00bb ogs\u00e5 er tatt ut av NRK-arkivet.<\/p>\n<p class=\"_paragraph_o9xde_4 _paragraph_xtcu6_10 layout-component text-serif-m layout-normal text-serif-m layout-padded\">\u2013 Det er alts\u00e5 en totalvurdering som gj\u00f8r at vi tar denne podcasten ut av arkivet, sier Olseng.<\/p>\n<p class=\"_paragraph_o9xde_4 _paragraph_xtcu6_10 layout-component text-serif-m layout-normal text-serif-m layout-padded\">VG meldte tidligere i desember at Kj\u00f8s m\u00e5 g\u00e5 til psykolog\u00adveiledning for \u00e5 fortsette \u00e5 praktisere: <\/p>\n<p class=\"_paragraph_o9xde_4 _paragraph_xtcu6_10 layout-component text-serif-m layout-normal text-serif-m layout-padded\">I Helsetilsynets konklusjon nevnes Kj\u00f8s&#8217; podkast flere ganger.<\/p>\n<p class=\"_paragraph_o9xde_4 _paragraph_xtcu6_10 layout-component text-serif-m layout-normal layout-padded\"><strong class=\"_strong_o9xde_25\">Les ogs\u00e5:<\/strong> <a href=\"https:\/\/www.vg.no\/i\/M7gR4r\" data-track-element-type=\"Link\" data-track-id=\"link:M7gR4r\" class=\"_link_o9xde_39\" rel=\"nofollow noopener\" target=\"_blank\">Peder Kj\u00f8s m\u00e5 g\u00e5 til psykolog\u00adveiledning for \u00e5 fortsette<\/a><\/p>\n<p class=\"_paragraph_o9xde_4 _paragraph_xtcu6_10 layout-component text-serif-m layout-normal text-serif-m layout-padded\"><strong class=\"_strong_o9xde_25\">PS: <\/strong>Peder Kj\u00f8s er spaltist i VG.<\/p>\n<p class=\"_paragraph_o9xde_4 _paragraph_xtcu6_10 layout-component text-serif-m layout-normal text-serif-m layout-padded\">Helsetilsynet har bestemt at Peder Kj\u00f8s f\u00e5r begrenset autorisasjon som psykolog.<\/p>\n<p class=\"_paragraph_o9xde_4 _paragraph_xtcu6_10 layout-component text-serif-m layout-normal text-serif-m layout-padded\">Et av kravene er at Kj\u00f8s m\u00e5 g\u00e5 i regelmessig veiledning hos en psykolog som er spesialist i klinisk voksenpsykologi, eller lege med spesialisering<\/p>\n<p class=\"_paragraph_o9xde_4 _paragraph_xtcu6_10 layout-component text-serif-m layout-normal text-serif-m layout-padded\"><strong class=\"_strong_o9xde_25\">Kj\u00f8s kan fortsatt jobbe som psykolog, men kan kun ha direkte pasientarbeid i en underordnet stilling.<\/strong><\/p>\n<p class=\"_paragraph_o9xde_4 _paragraph_xtcu6_10 layout-component text-serif-m layout-normal text-serif-m layout-padded\">Kj\u00f8s \u00f8nsket ikke \u00e5 kommentere saken da VG tok kontakt i desember. Vedtaket fra Helsetilsynet kan p\u00e5klages, mens Kj\u00f8s svarte ikke p\u00e5 VGs sp\u00f8rsm\u00e5l om han kommer til \u00e5 klage.<\/p>\n<p>    <img decoding=\"async\" alt=\"Tips oss illustrasjon\" src=\"https:\/\/www.europesays.com\/no\/wp-content\/uploads\/2025\/10\/pssst-small.webp.webp\"\/>    <\/p>\n<p class=\"title-serif-s\">Har du tips?<\/p>\n<p class=\"text-sans-m\">Send oss informasjon, bilder eller video.<\/p>\n<p>  <a href=\"https:\/\/www.vg.no\/tips-oss\" rel=\"nofollow noopener\" target=\"_blank\"> Tips oss <\/a>      <\/p>\n","protected":false},"excerpt":{"rendered":"NRK har bestemt seg for hva de gj\u00f8r med podkasten der Peder Kj\u00f8s har v\u00e6rt programleder og psykolog.&hellip;\n","protected":false},"author":2,"featured_media":114863,"comment_status":"","ping_status":"","sticky":false,"template":"","format":"standard","meta":{"footnotes":""},"categories":[5],"tags":[31,20,21,24,25,15,19,22,23,17,18,13,30,28,29,14,16,26,27],"class_list":{"0":"post-114862","1":"post","2":"type-post","3":"status-publish","4":"format-standard","5":"has-post-thumbnail","7":"category-overskrifter","8":"tag-breaking","9":"tag-breaking-news","10":"tag-breakingnews","11":"tag-featured-news","12":"tag-featurednews","13":"tag-headlines","14":"tag-hovedoppslag","15":"tag-latest-news","16":"tag-latestnews","17":"tag-main-news","18":"tag-mainnews","19":"tag-news","20":"tag-no","21":"tag-norge","22":"tag-norway","23":"tag-nyheter","24":"tag-overskrifter","25":"tag-top-stories","26":"tag-topstories"},"share_on_mastodon":{"url":"https:\/\/pubeurope.com\/@no\/115730503794854122","error":""},"_links":{"self":[{"href":"https:\/\/www.europesays.com\/no\/wp-json\/wp\/v2\/posts\/114862","targetHints":{"allow":["GET"]}}],"collection":[{"href":"https:\/\/www.europesays.com\/no\/wp-json\/wp\/v2\/posts"}],"about":[{"href":"https:\/\/www.europesays.com\/no\/wp-json\/wp\/v2\/types\/post"}],"author":[{"embeddable":true,"href":"https:\/\/www.europesays.com\/no\/wp-json\/wp\/v2\/users\/2"}],"replies":[{"embeddable":true,"href":"https:\/\/www.europesays.com\/no\/wp-json\/wp\/v2\/comments?post=114862"}],"version-history":[{"count":0,"href":"https:\/\/www.europesays.com\/no\/wp-json\/wp\/v2\/posts\/114862\/revisions"}],"wp:featuredmedia":[{"embeddable":true,"href":"https:\/\/www.europesays.com\/no\/wp-json\/wp\/v2\/media\/114863"}],"wp:attachment":[{"href":"https:\/\/www.europesays.com\/no\/wp-json\/wp\/v2\/media?parent=114862"}],"wp:term":[{"taxonomy":"category","embeddable":true,"href":"https:\/\/www.europesays.com\/no\/wp-json\/wp\/v2\/categories?post=114862"},{"taxonomy":"post_tag","embeddable":true,"href":"https:\/\/www.europesays.com\/no\/wp-json\/wp\/v2\/tags?post=114862"}],"curies":[{"name":"wp","href":"https:\/\/api.w.org\/{rel}","templated":true}]}}