{"id":114864,"date":"2025-12-16T17:52:08","date_gmt":"2025-12-16T17:52:08","guid":{"rendered":"https:\/\/www.europesays.com\/no\/114864\/"},"modified":"2025-12-16T17:52:08","modified_gmt":"2025-12-16T17:52:08","slug":"japan-ma-sende-to-pandaar-tilbake-til-kina-eit-symbol-pa-eit-spent-forhold-mellom-landa-nrk-urix-utenriksnyheter-og-dokumentarer","status":"publish","type":"post","link":"https:\/\/www.europesays.com\/no\/114864\/","title":{"rendered":"Japan m\u00e5 sende to pandaar tilbake til Kina \u2013 eit symbol p\u00e5 eit spent forhold mellom landa \u2013 NRK Urix \u2013 Utenriksnyheter og -dokumentarer"},"content":{"rendered":"<p>Saka samanfatta <\/p>\n<ul>\n<li>Pandaane Xiao Xiao og Lei Lei skal returnerast fr\u00e5 Japan til Kina etter 53 \u00e5r med pandautl\u00e5n<\/li>\n<li>Kina nyttar pandaane som brikker i eit \u00abpandadiplomato\u00bb mellom dei to landa<\/li>\n<li>Historiske konfliktar og geopolitisk spenning pregar framleis forholdet mellom dei to landa<\/li>\n<li>Pandaane skal i karantene 27. desember f\u00f8r dei blir sende tilbake til Kina 31. januar<\/li>\n<\/ul>\n<p>Oppsummeringa er laga av ei KI-teneste fr\u00e5 OpenAI. Innhaldet er kvalitetssikra av NRK sine journalistar f\u00f8r publisering.<\/p>\n<p>Dyrehagen Ueno i Tokyo fekk plutseleg veldig mange bes\u00f8kande i dag.<\/p>\n<p>I g\u00e5r skreiv fleire japanske aviser at dei popul\u00e6re pandaane Xiao Xiao og Lei Lei blir returnerte til Kina.<\/p>\n<p>\u2013 Vel &#8230; Eg er i sjokk. Det er berre det, seier 53 \u00e5r gamle Mamoru Shimizu til nyhendebyr\u00e5et Reuters.<\/p>\n<p>Ho er ei av mange som har f\u00e5tt eit siste blikk av pandatvillingane f\u00f8r dei blir returnerte til Kina.<\/p>\n<p><img decoding=\"async\"   src=\"data:image\/gif;base64,R0lGODlhAQABAIAAAAAAAP\/\/\/yH5BAEAAAAALAAAAAABAAEAAAIBRAA7\" loading=\"eager\" alt=\"K\u00f8en foran Ueno Dyrehage i Tokyo viser mange mennesker som sitter p\u00e5 bakken. En ansatt holder et skilt som indikerer at de er ved slutten av ventelisten. Det er gr\u00f8nne avsperringer som markerer k\u00f8linjen. Omgivelsene inkluderer tr\u00e6r og bygninger i bakgrunnen. (Bildebeskrivelsen er laget av en KI-tjeneste)\" title=\"Foto: Eugene Hoshiko \/ AP \/ NTB\"\/><\/p>\n<p class=\"\">Fleire m\u00e5tte sette seg ned i k\u00f8en p\u00e5 veg inn til dyrehagen. Ventetida var lang. <\/p>\n<p>Foto: Eugene Hoshiko \/ AP \/ NTB<\/p>\n<p>Kina-ekspert Hans J\u00f8rgen G\u00e5semyr trur det kan vere ei brikke i Kina sitt \u00abpandadiplomati\u00bb.<\/p>\n<p>For sj\u00f8lv om returen av akkurat desse pandaane har vore planlagt ei god stund, kjem nyhenda om returen midt oppi ei spent tid mellom dei to landa.<\/p>\n<p>Panda som soldat for diplomatiet<\/p>\n<p>Det blir f\u00f8rste gong p\u00e5 53 \u00e5r at Japan st\u00e5r utan ein einaste panda.<\/p>\n<p>Hiroyo Kashio er ogs\u00e5 p\u00e5 bes\u00f8k i dyrehagen i dag. Ho har teoriar om kvifor pandaane blir returnerte akkurat no:<\/p>\n<p><strong>\u2013 Eg trur kanskje kommentarar fr\u00e5 statsministeren har hatt innverknad p\u00e5 dette. Men pandaar b\u00f8r ikkje vere politiske \u2013 dei er symbolet p\u00e5 venskapen mellom Japan og Kina, meiner ho.<\/strong><\/p>\n<p><img decoding=\"async\"   src=\"data:image\/gif;base64,R0lGODlhAQABAIAAAAAAAP\/\/\/yH5BAEAAAAALAAAAAABAAEAAAIBRAA7\" loading=\"eager\" alt=\"Bes\u00f8kende i et dyrehageanlegg tar bilder av en panda som sitter p\u00e5 en klippe. Flere personer st\u00e5r og sitter p\u00e5 kne, og ser p\u00e5 dyret gjennom en glassvegg. Pandaen ser p\u00e5 dem mens den holder en grein. Omgivelsene har et naturlig tema med bilder av tr\u00e6r p\u00e5 veggen bak dyret. (Bildebeskrivelsen er laget av en KI-tjeneste)\" title=\"Foto: Eugene Hoshiko \/ AP \/ NTB\"\/><\/p>\n<p class=\"\">Det var ingen tvil om kva som var den mest popul\u00e6re attraksjonen i Ueno dyrehage, dagen etter at det blei kunngjort at pandaane m\u00e5 heim til Kina. <\/p>\n<p>Foto: Eugene Hoshiko \/ AP \/ NTB<\/p>\n<p><strong>Men panda er faktisk politikk. Og det har vore det lenge<\/strong>.<\/p>\n<p>Kina brukar panda for \u00e5 vise kven som er diplomatiske allierte, og kven som ikkje er det.<\/p>\n<p>Intensjonen med \u00abpandadiplomatiet\u00bb er \u00e5 ha pandaar p\u00e5 utl\u00e5n og at dei skal returnere til Kina p\u00e5 sikt.<\/p>\n<p><img decoding=\"async\"   src=\"data:image\/gif;base64,R0lGODlhAQABAIAAAAAAAP\/\/\/yH5BAEAAAAALAAAAAABAAEAAAIBRAA7\" loading=\"eager\" alt=\"Hans J\u00f8rgen G\u00e5semyr, seniorforsker Norsk Utenrikspolitisk Institutt (NUPI)\" title=\"Foto: Tom Balgaard\"\/><\/p>\n<p class=\"\">Hans J\u00f8rgen G\u00e5semyr er seniorforskar i Norsk utanrikspolitisk institutt (NUPI) og kan mykje om Kina. <\/p>\n<p>Foto: Tom Balgaard<\/p>\n<p>\u2013 Om forholdet er bra kan utl\u00e5net bli lenger. Om det er d\u00e5rleg kan det bli kortare, seier seniorforskar Hans J\u00f8rgen G\u00e5semyr ved Norsk utanrikspolitisk institutt (NUPI).<\/p>\n<p><strong>Men denne gongen har Kina vald \u00e5 ikkje forlenge utl\u00e5net. <\/strong><\/p>\n<p>\u2013 No er eit tidspunkt der Kina ikkje ynskjer \u00e5 forlenge, seier G\u00e5semyr.<\/p>\n<p>Han refererer til at dei siste vekene har forholdet mellom Japan og Kina blitt sv\u00e6rt anstrengt.<\/p>\n<p>Vil verne om Taiwan<\/p>\n<p>For vel ein m\u00e5nad sidan kom den ferske japanske statsministeren Sanae Takaichi med eit kontroversielt utsegn:<\/p>\n<p><strong>Under eit hypotetisk kinesisk angrep p\u00e5 Taiwan kan f\u00f8re til at Tokyo svarer milit\u00e6rt.<\/strong><\/p>\n<p>Det er bensin p\u00e5 eit allereie brennande b\u00e5l.<\/p>\n<p><img decoding=\"async\"   src=\"data:image\/gif;base64,R0lGODlhAQABAIAAAAAAAP\/\/\/yH5BAEAAAAALAAAAAABAAEAAAIBRAA7\" loading=\"eager\" alt=\"En smilende Sanae Takaichi er blitt partileder for Det sosialdemokratiske partiet i Japan\" title=\"Foto: Kim Kyung-Hoon \/ AP \/ NTB\"\/><\/p>\n<p class=\"\">Statsministeren i Japan Sanae Takaichi har provosert Kina sidan ho tok posten i oktober.<\/p>\n<p>Foto: Kim Kyung-Hoon \/ AP \/ NTB<\/p>\n<p>I dag, over ein m\u00e5ndag seinare, svarte Kina.<\/p>\n<p><strong>Talsperson for det kinesiske utanriksdepartementet Guo Jiakun seier i ei utsegn at Japan fors\u00f8ker \u00e5 tilsl\u00f8re og rote ting til i viktige sp\u00f8rsm\u00e5l. <\/strong><\/p>\n<p>Han gjorde det klart at Kina tek sterk avstand fr\u00e5 Takaichi sine tidlegare utsegn.<\/p>\n<p>G\u00e5semyr seier at Kina har gjort ein tirade av grep for \u00e5 demonstrere kor sinte og oppr\u00f8rte dei er.<\/p>\n<p>I nokre tilfelle er det ikkje geopolitikken som bestemmer om pandaar skal heim att til Kina eller ikkje. Dyrevelferd eller tilstand p\u00e5 den enkelte dyrehagen, kan ogs\u00e5 ha innverknad p\u00e5 dette, meiner G\u00e5semyr.<\/p>\n<p>Japan har pr\u00f8vd \u00e5 im\u00f8tekome Kina, men det har ikkje vore nok.<\/p>\n<p>Samstundes har Takaichi og Trump funne tonen medan Kina og USA har hatt steile frontar med tollkrig.<\/p>\n<p><img decoding=\"async\"   src=\"data:image\/gif;base64,R0lGODlhAQABAIAAAAAAAP\/\/\/yH5BAEAAAAALAAAAAABAAEAAAIBRAA7\" loading=\"eager\" alt=\"En mann st\u00e5r bak et talerstol med det amerikanske seglet, if\u00f8rt en caps med &quot;USA&quot;. Til venstre hever en kvinne h\u00e5nden sin. Mange personer i milit\u00e6runiform kan sees i bakgrunnen, noe som tyder p\u00e5 en offentlig hendelse. Stemningen er aktiv, og fokuset er p\u00e5 taleren og hans budskap. (Bildebeskrivelsen er laget av en KI-tjeneste)\" title=\"Foto: PHILIP FONG \/ AFP \/ NTB\"\/><\/p>\n<p class=\"\">Sanae Takaichi har hatt ein god tone med Donald Trump sidan ho blei statsminister i oktober. <\/p>\n<p>Foto: PHILIP FONG \/ AFP \/ NTB<\/p>\n<p>Det diplomatiske forholdet mellom Tokyo og Beijing er p\u00e5 sitt d\u00e5rlegaste p\u00e5 mange \u00e5r.<\/p>\n<p>Det er for s\u00e5 vidt ikkje noko nytt. Dei to asiatiske stormaktene har ei turbulent historie med fleire konfliktar. P\u00e5 1890-talet og under andre verdskrig f\u00f8rte dei opne milit\u00e6re krigar mot kvarandre.<\/p>\n<p>Sj\u00f8lv om det er lenge sidan, ber forholdet mellom dei to landa preg av d\u00e5rleg stemning enno.<\/p>\n<p>Om dette er den direkte \u00e5rsaka til at Kina trekk tilbake pandaane no er f\u00f8rebels usikker.<\/p>\n<p>I nokre tilfelle er det ikkje geopolitikken som bestemmer om pandaar skal heim att til Kina eller ikkje, peikar Kina-eksperten p\u00e5.<\/p>\n<p><strong>\u2013 Dyrevelferd eller tilstanden p\u00e5 den enkelte dyrehagen kan ogs\u00e5 ha innverknad p\u00e5 dette, seier Kina-eksperten.<\/strong><\/p>\n<p>For pandaengasjerte japanarar byrjar tida \u00e5 renne ut for dei som vil sj\u00e5 Xiao Xiao og Lei Lei.<\/p>\n<p>Allereie 27. desember skal dei i karantene f\u00f8r dei blir sende tilbake til Kina 31. januar.<\/p>\n<p>Interessert i \u00e5 f\u00f8lge med p\u00e5 det som skjer i verda? F\u00f8lg utanriksredaksjonen sin podkast: <\/p>\n<p>Publisert<\/p>\n<p>16.12.2025, kl. 17.59<\/p>\n","protected":false},"excerpt":{"rendered":"Saka samanfatta Pandaane Xiao Xiao og Lei Lei skal returnerast fr\u00e5 Japan til Kina etter 53 \u00e5r med&hellip;\n","protected":false},"author":2,"featured_media":114865,"comment_status":"","ping_status":"","sticky":false,"template":"","format":"standard","meta":{"footnotes":""},"categories":[12],"tags":[20,21,24,25,15,22,23,13,30,28,29,14,16,26,27,42,43,44,45],"class_list":{"0":"post-114864","1":"post","2":"type-post","3":"status-publish","4":"format-standard","5":"has-post-thumbnail","7":"category-verden","8":"tag-breaking-news","9":"tag-breakingnews","10":"tag-featured-news","11":"tag-featurednews","12":"tag-headlines","13":"tag-latest-news","14":"tag-latestnews","15":"tag-news","16":"tag-no","17":"tag-norge","18":"tag-norway","19":"tag-nyheter","20":"tag-overskrifter","21":"tag-top-stories","22":"tag-topstories","23":"tag-verden","24":"tag-world","25":"tag-world-news","26":"tag-worldnews"},"share_on_mastodon":{"url":"https:\/\/pubeurope.com\/@no\/115730523587427790","error":""},"_links":{"self":[{"href":"https:\/\/www.europesays.com\/no\/wp-json\/wp\/v2\/posts\/114864","targetHints":{"allow":["GET"]}}],"collection":[{"href":"https:\/\/www.europesays.com\/no\/wp-json\/wp\/v2\/posts"}],"about":[{"href":"https:\/\/www.europesays.com\/no\/wp-json\/wp\/v2\/types\/post"}],"author":[{"embeddable":true,"href":"https:\/\/www.europesays.com\/no\/wp-json\/wp\/v2\/users\/2"}],"replies":[{"embeddable":true,"href":"https:\/\/www.europesays.com\/no\/wp-json\/wp\/v2\/comments?post=114864"}],"version-history":[{"count":0,"href":"https:\/\/www.europesays.com\/no\/wp-json\/wp\/v2\/posts\/114864\/revisions"}],"wp:featuredmedia":[{"embeddable":true,"href":"https:\/\/www.europesays.com\/no\/wp-json\/wp\/v2\/media\/114865"}],"wp:attachment":[{"href":"https:\/\/www.europesays.com\/no\/wp-json\/wp\/v2\/media?parent=114864"}],"wp:term":[{"taxonomy":"category","embeddable":true,"href":"https:\/\/www.europesays.com\/no\/wp-json\/wp\/v2\/categories?post=114864"},{"taxonomy":"post_tag","embeddable":true,"href":"https:\/\/www.europesays.com\/no\/wp-json\/wp\/v2\/tags?post=114864"}],"curies":[{"name":"wp","href":"https:\/\/api.w.org\/{rel}","templated":true}]}}