{"id":114868,"date":"2025-12-16T17:54:08","date_gmt":"2025-12-16T17:54:08","guid":{"rendered":"https:\/\/www.europesays.com\/no\/114868\/"},"modified":"2025-12-16T17:54:08","modified_gmt":"2025-12-16T17:54:08","slug":"psg-stjernen-ousmane-dembele-karet-til-arets-spiller-i-verden-av-fifa-erling-braut-haaland-ikke-med-pa-arets-lag","status":"publish","type":"post","link":"https:\/\/www.europesays.com\/no\/114868\/","title":{"rendered":"PSG-stjernen Ousmane Demb\u00e9l\u00e9 k\u00e5ret til \u00e5rets spiller i verden av Fifa \u2013 Erling Braut Haaland ikke med p\u00e5 \u00e5rets lag"},"content":{"rendered":"\n<p class=\"_lead_o9xde_2 _lead_xtcu6_50 layout-component text-serif-m layout-normal text-serif-l layout-component layout-wide layout-padded _wide_17hqh_1 layout-padded\">Tre m\u00e5neder etter \u00e5 ha vunnet Ballon d&#8217;Or, kunne PSG-stjernen juble for nok en prestisjetung pris.<\/p>\n<p><img alt=\" Foto: FRANCK FIFE \/ AFP \/ NTB\" class=\"_image_qp4xg_65 layout-component layout-wide\" data-fullscreen- data-track-element-type=\"Article image fullscreen\" data-track-name=\"ImageFullscreen\" fetchpriority=\"high\" decoding=\"sync\" loading=\"eager\" height=\"5344\" itemprop=\"image\"  src=\"https:\/\/www.europesays.com\/no\/wp-content\/uploads\/2025\/12\/8b7a472d-5162-4056-942d-8fc869bcf808\"  style=\"object-position:0% 0%\" width=\"8000\"\/> Foto: FRANCK FIFE \/ AFP \/ NTB<\/p>\n<ul aria-hidden=\"true\" class=\"_images_ntbth_112\">\n<li><a class=\"_link_ntbth_117\" href=\"https:\/\/www.vg.no\/forfatter\/andreas-hopen\" style=\"z-index:2\" title=\"Andreas Hopen\" rel=\"nofollow noopener\" target=\"_blank\"><img alt=\"Bilde av Andreas Hopen\" class=\"_image_ntbth_93\" fetchpriority=\"low\" loading=\"lazy\" decoding=\"async\" itemprop=\"image\"  src=\"https:\/\/www.europesays.com\/no\/wp-content\/uploads\/2025\/12\/1765907648_267_8d697287-ea03-4d54-ab67-6d65b82629eb\"  width=\"480\"\/><\/a><\/li>\n<li><a class=\"_link_ntbth_117\" href=\"https:\/\/www.vg.no\/forfatter\/sindre-espe\" style=\"z-index:1\" title=\"Sindre Espe\" rel=\"nofollow noopener\" target=\"_blank\"><img alt=\"Bilde av Sindre Espe\" class=\"_image_ntbth_93\" fetchpriority=\"low\" loading=\"lazy\" decoding=\"async\" itemprop=\"image\"  src=\"https:\/\/www.europesays.com\/no\/wp-content\/uploads\/2025\/12\/1765907648_377_5d41d29b-af5f-421d-80e6-42e6d80fe76e\"  width=\"480\"\/><\/a><\/li>\n<\/ul>\n<p> Oppdatert tirsdag 16. desember kl. 18:51     <\/p>\n<p class=\"_paragraph_o9xde_4 _paragraph_xtcu6_10 layout-component text-serif-m layout-normal text-serif-m layout-padded\"><a href=\"https:\/\/www.vg.no\/tag\/fifa?utm_source=vg-article&amp;utm_medium=auto-tagger&amp;utm_campaign=aJ2VEa\" class=\"_link_o9xde_39\" rel=\"nofollow noopener\" target=\"_blank\">FIFAs<\/a> prisutdeling \u00abThe Best\u00bb fant sted i Qatar tirsdag kveld.<\/p>\n<p class=\"_paragraph_o9xde_4 _paragraph_xtcu6_10 layout-component text-serif-m layout-normal text-serif-m layout-padded\">Der stakk PSG-spilleren av med prisen \u00abThe Best\u00bb-prisen for \u00e5rets spiller for 2025. I september vant franskmannen ogs\u00e5 <a href=\"http:\/\/www.vg.no\/sport\/i\/qPG6WL\/gullballfavoritten-paa-plass-mange-psg-stjerner-mangler-i-paris#:~:text=Paris%20Saint%2DGermains%20Ousmane%20Demb%C3%A9l%C3%A9,Det%20ble%20et%20r%C3%B8rende%20%C3%B8yeblikk.&amp;text=%E2%80%93%20Dette%20er%20hans%20st%C3%B8rste%20triumf,2%2Dekspert%20Simen%20Stams%C3%B8%20M%C3%B8ller.\" data-track-element-type=\"Link\" data-track-id=\"link:qPG6WL\" class=\"_link_o9xde_39\" rel=\"nofollow noopener\" target=\"_blank\">Ballon d\u2019Or.<\/a><\/p>\n<p class=\"_paragraph_o9xde_4 _paragraph_xtcu6_10 layout-component text-serif-m layout-normal text-serif-m layout-padded\">Demb\u00e9l\u00e9 er den fjerde spilleren etter Lionel Messi, Cristiano Ronaldo og Luka Modric som vinner b\u00e5de Ballon d\u2019Or og \u00ab\u00e5rets spiller\u00bb av Fifa. <\/p>\n<p class=\"_paragraph_o9xde_4 _paragraph_xtcu6_10 layout-component text-serif-m layout-normal text-serif-m layout-padded\">Ballon d\u2019Or og FIFAs k\u00e5ring ble delt ut felles fra 2010 til 2015. Deretter gikk FIFA og det franske fotballmagasinet France Football hver sin vei: FIFA gjenopprettet sin egen pris, mens France Football fortsatte sin Ballon d&#8217;Or-k\u00e5ring.<\/p>\n<p class=\"_paragraph_o9xde_4 _paragraph_xtcu6_10 layout-component text-serif-m layout-normal text-serif-m layout-padded\">Barcelona-stjernen Aitana Bonmat\u00ed vant prisen for \u00e5rets spiller for tredje \u00e5ret p\u00e5 rad p\u00e5 kvinnesiden. <\/p>\n<p class=\"_paragraph_o9xde_4 _paragraph_xtcu6_10 layout-component text-serif-m layout-normal text-serif-m layout-padded\">Erling Braut Haaland var nominert til \u00e5rets lag p\u00e5 herresiden, mens Frida Maanum, Caroline Graham Hansen og Guro Reiten er nominerte blant kvinnene.<\/p>\n<p class=\"_paragraph_o9xde_4 _paragraph_xtcu6_10 layout-component text-serif-m layout-normal text-serif-m layout-padded\"><strong class=\"_strong_o9xde_25\">Ingen nordmenn fikk plass.<\/strong><\/p>\n<p class=\"_paragraph_o9xde_4 _paragraph_xtcu6_10 layout-component text-serif-m layout-normal text-serif-m layout-padded\">Erling Braut Haaland og Caroline Graham Hansen kom med p\u00e5 \u00e5rets lag i 2024.<\/p>\n<p class=\"font-weight-semi-bold color-accent label-medium _label_16v91_20\">Tidligere vinnere<\/p>\n<p> \u00c5rets spiller, herrer<\/p>\n<ul class=\"_list_o9xde_3 _list_xtcu6_9 _list_16v91_9 _unordered_o9xde_106 layout-component text-serif-m layout-normal text-sans-m layout-padded\">\n<li class=\"_item_o9xde_30\">2024: Vinicius Jr. <\/li>\n<li class=\"_item_o9xde_30\">2023: Lionel Messi<\/li>\n<li class=\"_item_o9xde_30\">2022: Lionel Messi<\/li>\n<li class=\"_item_o9xde_30\">2021: Robert Lewandowski<\/li>\n<li class=\"_item_o9xde_30\">2020: Robert Lewandowski<\/li>\n<li class=\"_item_o9xde_30\">2019: Lionel Messi<\/li>\n<li class=\"_item_o9xde_30\">2018: Luka Modric<\/li>\n<li class=\"_item_o9xde_30\">2017: Cristiano Ronaldo<\/li>\n<li class=\"_item_o9xde_30\">2016: Cristiano Ronaldo<\/li>\n<li class=\"_item_o9xde_30\">2015: Lionel Messi <\/li>\n<\/ul>\n<p>Vis mer<\/p>\n<p class=\"_paragraph_o9xde_4 _paragraph_xtcu6_10 layout-component text-serif-m layout-normal text-serif-m layout-padded\">Disse vant ogs\u00e5 priser under Fifa-gallaen:<\/p>\n<ul class=\"_list_o9xde_3 _list_xtcu6_9 _unordered_o9xde_106 layout-component text-serif-m layout-normal text-serif-m layout-padded\">\n<li class=\"_item_o9xde_30\">Manchester Citys Gianluigi Donnarumma ble k\u00e5ret til \u00e5rets mannlige keeper av FIFA. <\/li>\n<li class=\"_item_o9xde_30\">P\u00e5 kvinnesiden var det Chelseas Hannah Hampton som ble k\u00e5ret til \u00e5rets keeper.<\/li>\n<li class=\"_item_o9xde_30\">Santiago Montiel vant \u00e5rets m\u00e5l, eller \u00abPuskas-prisen\u00bb, som den heter. Independente-spilleren vant den for brassesparket sitt mot Independiente Rivadavia i den argentinske toppdivisjonen.<\/li>\n<li class=\"_item_o9xde_30\">Sarina Wiegman, landslagssjef for England, vant prisen \u00ab\u00e5rets trener\u00bb for femte gang p\u00e5 kvinnesiden. <\/li>\n<li class=\"_item_o9xde_30\">PSG-trener Luis Enrique fikk prisen som \u00ab\u00e5rets trener\u00bb p\u00e5 herresiden. <\/li>\n<\/ul>\n<p class=\"font-weight-semi-bold color-accent label-medium _label_16v91_20\">Tidligere vinnere<\/p>\n<p> \u00c5rets spiller, kvinner<\/p>\n<ul class=\"_list_o9xde_3 _list_xtcu6_9 _list_16v91_9 _unordered_o9xde_106 layout-component text-serif-m layout-normal text-sans-m layout-padded\">\n<li class=\"_item_o9xde_30\">2024: Aitana Bonmat\u00ed<\/li>\n<li class=\"_item_o9xde_30\">2023: Aitana Bonmat\u00ed<\/li>\n<li class=\"_item_o9xde_30\">2022: Alexia Putellas<\/li>\n<li class=\"_item_o9xde_30\">2021: Alexia Putellas<\/li>\n<li class=\"_item_o9xde_30\">2020: Lucy Bronze<\/li>\n<li class=\"_item_o9xde_30\">2019: Megan Rapinoe<\/li>\n<li class=\"_item_o9xde_30\">2018:<strong class=\"_strong_o9xde_25\"> <\/strong>Marta<\/li>\n<li class=\"_item_o9xde_30\">2017: Lieke Martens<\/li>\n<li class=\"_item_o9xde_30\">2016: Carli Lloyd <\/li>\n<li class=\"_item_o9xde_30\">2015: Carli Lloyd <\/li>\n<\/ul>\n<p>Vis mer    <\/p>\n","protected":false},"excerpt":{"rendered":"Tre m\u00e5neder etter \u00e5 ha vunnet Ballon d&#8217;Or, kunne PSG-stjernen juble for nok en prestisjetung pris. Foto: FRANCK&hellip;\n","protected":false},"author":2,"featured_media":114869,"comment_status":"","ping_status":"","sticky":false,"template":"","format":"standard","meta":{"footnotes":""},"categories":[5],"tags":[13949,13948,13947,453,20,21,451,1288,24,25,2326,15,19,22,23,3408,17,18,13,30,28,29,14,4735,16,26,27],"class_list":{"0":"post-114868","1":"post","2":"type-post","3":"status-publish","4":"format-standard","5":"has-post-thumbnail","7":"category-overskrifter","8":"tag-aitana-bonmati","9":"tag-alexia-putellas","10":"tag-arets-spiller","11":"tag-ballon-d","12":"tag-breaking-news","13":"tag-breakingnews","14":"tag-caroline-graham-hansen","15":"tag-cristiano-ronaldo","16":"tag-featured-news","17":"tag-featurednews","18":"tag-fifa","19":"tag-headlines","20":"tag-hovedoppslag","21":"tag-latest-news","22":"tag-latestnews","23":"tag-lionel-messi","24":"tag-main-news","25":"tag-mainnews","26":"tag-news","27":"tag-no","28":"tag-norge","29":"tag-norway","30":"tag-nyheter","31":"tag-ousmane-dembele","32":"tag-overskrifter","33":"tag-top-stories","34":"tag-topstories"},"share_on_mastodon":{"url":"https:\/\/pubeurope.com\/@no\/115730531376029651","error":""},"_links":{"self":[{"href":"https:\/\/www.europesays.com\/no\/wp-json\/wp\/v2\/posts\/114868","targetHints":{"allow":["GET"]}}],"collection":[{"href":"https:\/\/www.europesays.com\/no\/wp-json\/wp\/v2\/posts"}],"about":[{"href":"https:\/\/www.europesays.com\/no\/wp-json\/wp\/v2\/types\/post"}],"author":[{"embeddable":true,"href":"https:\/\/www.europesays.com\/no\/wp-json\/wp\/v2\/users\/2"}],"replies":[{"embeddable":true,"href":"https:\/\/www.europesays.com\/no\/wp-json\/wp\/v2\/comments?post=114868"}],"version-history":[{"count":0,"href":"https:\/\/www.europesays.com\/no\/wp-json\/wp\/v2\/posts\/114868\/revisions"}],"wp:featuredmedia":[{"embeddable":true,"href":"https:\/\/www.europesays.com\/no\/wp-json\/wp\/v2\/media\/114869"}],"wp:attachment":[{"href":"https:\/\/www.europesays.com\/no\/wp-json\/wp\/v2\/media?parent=114868"}],"wp:term":[{"taxonomy":"category","embeddable":true,"href":"https:\/\/www.europesays.com\/no\/wp-json\/wp\/v2\/categories?post=114868"},{"taxonomy":"post_tag","embeddable":true,"href":"https:\/\/www.europesays.com\/no\/wp-json\/wp\/v2\/tags?post=114868"}],"curies":[{"name":"wp","href":"https:\/\/api.w.org\/{rel}","templated":true}]}}