{"id":114870,"date":"2025-12-16T18:00:13","date_gmt":"2025-12-16T18:00:13","guid":{"rendered":"https:\/\/www.europesays.com\/no\/114870\/"},"modified":"2025-12-16T18:00:13","modified_gmt":"2025-12-16T18:00:13","slug":"ud-advarer-mot-reiser-til-ferieoyer-i-thailand","status":"publish","type":"post","link":"https:\/\/www.europesays.com\/no\/114870\/","title":{"rendered":"UD advarer mot reiser til ferie\u00f8yer i Thailand"},"content":{"rendered":"\n<p class=\"_lead_o9xde_2 _lead_xtcu6_50 layout-component text-serif-m layout-normal text-serif-l layout-component layout-wide layout-padded _wide_17hqh_1 layout-padded\">Dette gjelder blant annet de popul\u00e6re ferie\u00f8yene Koh Chang og Koh Kood. <\/p>\n<p><img alt=\"Bildet er fra Ko Lao Yai, som er en liten \u00f8y utenfor vestkysten av Koh Chang. Foto: Michael T\u00f6pffer\" class=\"_image_qp4xg_65 layout-component layout-wide\" data-fullscreen- data-track-element-type=\"Article image fullscreen\" data-track-name=\"ImageFullscreen\" fetchpriority=\"high\" decoding=\"sync\" loading=\"eager\" height=\"1748\" itemprop=\"image\"  src=\"https:\/\/www.europesays.com\/no\/wp-content\/uploads\/2025\/12\/1765908009_185_1b0f4f9b-48e2-44c8-9f53-e9378669d255\"  style=\"object-position:0% 0%\" width=\"2528\"\/>Bildet er fra Ko Lao Yai, som er en liten \u00f8y utenfor vestkysten av Koh Chang. Foto: Michael T\u00f6pffer<\/p>\n<ul aria-hidden=\"true\" class=\"_images_ntbth_112\">\n<li><a class=\"_link_ntbth_117\" href=\"https:\/\/www.vg.no\/forfatter\/einar-torkelsen\" style=\"z-index:1\" title=\"Einar Torkelsen\" rel=\"nofollow noopener\" target=\"_blank\"><img alt=\"Bilde av Einar Torkelsen\" class=\"_image_ntbth_93\" fetchpriority=\"low\" loading=\"lazy\" decoding=\"async\" itemprop=\"image\"  src=\"https:\/\/www.europesays.com\/no\/wp-content\/uploads\/2025\/12\/1765908010_588_f6016772-ddbc-43d2-b733-41afc7cc9046\"  width=\"480\"\/><\/a><\/li>\n<\/ul>\n<p> Oppdatert tirsdag 16. desember kl. 18:59     <\/p>\n<p class=\"_paragraph_o9xde_4 _paragraph_xtcu6_10 layout-component text-serif-m layout-normal text-serif-m layout-padded\">Utenriksdepartementet skriver i en pressemelding at de skjerper reiseadvarslene for <a href=\"https:\/\/www.vg.no\/tag\/thailand?utm_source=vg-article&amp;utm_medium=auto-tagger&amp;utm_campaign=Pd3Vk5\" class=\"_link_o9xde_39\" rel=\"nofollow noopener\" target=\"_blank\">Thailand<\/a> og Kambodsja. <\/p>\n<p class=\"_paragraph_o9xde_4 _paragraph_xtcu6_10 layout-component text-serif-m layout-normal text-serif-m layout-padded\">N\u00e5 frar\u00e5der UD alle reiser som ligger innenfor 50 kilometer p\u00e5 hver side av grensen mellom Thailand og Kambodsja. Den forrige reiseadvarselen gjaldt for 20 kilometer fra grensen. <\/p>\n<p class=\"_paragraph_o9xde_4 _paragraph_xtcu6_10 layout-component text-serif-m layout-normal text-serif-m layout-padded\">Dette inkluderer popul\u00e6re ferie\u00f8yer som Koh Chang og Koh Kood. <\/p>\n<p class=\"_paragraph_o9xde_4 _paragraph_xtcu6_10 layout-component text-serif-m layout-normal text-serif-m layout-padded\">\u2013 I tillegg frar\u00e5des ikke n\u00f8dvendige reiser til de resterende omr\u00e5dene i alle provinser som ligger p\u00e5 begge sider av grensen mellom Thailand og Kambodsja. For de s\u00f8rlige regionene i Thailand opprettholdes frar\u00e5dingen av reiser som ikke er strengt n\u00f8dvendige til provinsene Pattani, Yala, Narathiwat og Songkhla, skriver UD. <\/p>\n<p>Aktiver kart<\/p>\n<p class=\"_paragraph_o9xde_4 _paragraph_xtcu6_10 layout-component text-serif-m layout-normal text-serif-m layout-padded\">De oppfordrer reisende til \u00e5 v\u00e6re forsiktige, f\u00f8lge situasjonen og lytte til lokale myndigheter. <\/p>\n<p>800.000 fordrevet<\/p>\n<p class=\"_paragraph_o9xde_4 _paragraph_xtcu6_10 layout-component text-serif-m layout-normal text-serif-m layout-padded\">En grensekonflikt mellom Thailand og Kambodsja har den siste tiden blusset opp. Begge land har gjennomf\u00f8rt angrep mot hverandre siden juli, med drepte p\u00e5 begge sider. <\/p>\n<p><img alt=\"Et hus i Sisaket-provinsen i Thailand er skadet etter det som skal ha v\u00e6rt et angrep fra Kambodsja.   Foto: Sakchai Lalit \/ AP \/ NTB\" class=\"_image_qp4xg_65 layout-component layout-normal\" data-fullscreen- data-track-element-type=\"Article image fullscreen\" data-track-name=\"ImageFullscreen\" decoding=\"async\" loading=\"lazy\" height=\"5760\" itemprop=\"image\"  src=\"https:\/\/www.europesays.com\/no\/wp-content\/uploads\/2025\/12\/3e50698f-5820-4ce3-a95e-b7444756ab22\"  style=\"object-position:0% 0%\" width=\"8640\"\/>Et hus i Sisaket-provinsen i Thailand er skadet etter det som skal ha v\u00e6rt et angrep fra Kambodsja.   Foto: Sakchai Lalit \/ AP \/ NTB<\/p>\n<p class=\"_paragraph_o9xde_4 _paragraph_xtcu6_10 layout-component text-serif-m layout-normal text-serif-m layout-padded\">Thailand mener at det var Kambodsja som angrep f\u00f8rst, mens Kambodsja mener det var Thailand som gjennomf\u00f8rte det f\u00f8rste angrepet. <\/p>\n<p class=\"_paragraph_o9xde_4 _paragraph_xtcu6_10 layout-component text-serif-m layout-normal text-serif-m layout-padded\">Minst 32 er drept i konflikten. 800.000 personer er fordrevet som f\u00f8lge av den. <\/p>\n<p class=\"_paragraph_o9xde_4 _paragraph_xtcu6_10 layout-component text-serif-m layout-normal text-serif-m layout-padded\">En v\u00e5penhvile ble forhandlet frem av Malaysisas statsminister Anwar Ibrahim forrige uke, men denne har enn\u00e5 ikke tr\u00e5dt i kraft. <\/p>\n<p>Ingen nordmenn<\/p>\n<p class=\"_paragraph_o9xde_4 _paragraph_xtcu6_10 layout-component text-serif-m layout-normal text-serif-m layout-padded\">Forrige uke advarte ogs\u00e5 Sverige reiser <a href=\"https:\/\/www.vg.no\/nyheter\/i\/pB6v3w\/sverige-advarer-mot-reiser-til-ferieoeyer-i-thailand\" data-track-element-type=\"Link\" data-track-id=\"link:pB6v3w\" class=\"_link_o9xde_39\" rel=\"nofollow noopener\" target=\"_blank\">til flere popul\u00e6re ferie\u00f8yer<\/a>. <\/p>\n<p class=\"_paragraph_o9xde_4 _paragraph_xtcu6_10 layout-component text-serif-m layout-normal text-serif-m layout-padded\">De norske reiseoperat\u00f8rene Ving og Tui arrangerer reiser til Koh Chang. <\/p>\n<p class=\"_paragraph_o9xde_4 _paragraph_xtcu6_10 layout-component text-serif-m layout-normal text-serif-m layout-padded\">De opplyste forrige uke at de ikke hadde norske gjester der for \u00f8yeblikket.<\/p>\n<p>     <img decoding=\"async\" alt=\"Tips oss illustrasjon\" src=\"https:\/\/www.europesays.com\/no\/wp-content\/uploads\/2025\/10\/pssst-small.webp.webp\"\/>    <\/p>\n<p class=\"title-serif-s\">Har du tips?<\/p>\n<p class=\"text-sans-m\">Send oss informasjon, bilder eller video.<\/p>\n<p>  <a href=\"https:\/\/www.vg.no\/tips-oss\" rel=\"nofollow noopener\" target=\"_blank\"> Tips oss <\/a>      <\/p>\n","protected":false},"excerpt":{"rendered":"Dette gjelder blant annet de popul\u00e6re ferie\u00f8yene Koh Chang og Koh Kood. Bildet er fra Ko Lao Yai,&hellip;\n","protected":false},"author":2,"featured_media":112409,"comment_status":"","ping_status":"","sticky":false,"template":"","format":"standard","meta":{"footnotes":""},"categories":[12],"tags":[31,20,21,24,25,15,3549,22,23,13,30,28,29,14,16,745,26,27,42,43,44,45],"class_list":{"0":"post-114870","1":"post","2":"type-post","3":"status-publish","4":"format-standard","5":"has-post-thumbnail","7":"category-verden","8":"tag-breaking","9":"tag-breaking-news","10":"tag-breakingnews","11":"tag-featured-news","12":"tag-featurednews","13":"tag-headlines","14":"tag-kambodsja","15":"tag-latest-news","16":"tag-latestnews","17":"tag-news","18":"tag-no","19":"tag-norge","20":"tag-norway","21":"tag-nyheter","22":"tag-overskrifter","23":"tag-thailand","24":"tag-top-stories","25":"tag-topstories","26":"tag-verden","27":"tag-world","28":"tag-world-news","29":"tag-worldnews"},"share_on_mastodon":{"url":"https:\/\/pubeurope.com\/@no\/115730555107884324","error":""},"_links":{"self":[{"href":"https:\/\/www.europesays.com\/no\/wp-json\/wp\/v2\/posts\/114870","targetHints":{"allow":["GET"]}}],"collection":[{"href":"https:\/\/www.europesays.com\/no\/wp-json\/wp\/v2\/posts"}],"about":[{"href":"https:\/\/www.europesays.com\/no\/wp-json\/wp\/v2\/types\/post"}],"author":[{"embeddable":true,"href":"https:\/\/www.europesays.com\/no\/wp-json\/wp\/v2\/users\/2"}],"replies":[{"embeddable":true,"href":"https:\/\/www.europesays.com\/no\/wp-json\/wp\/v2\/comments?post=114870"}],"version-history":[{"count":0,"href":"https:\/\/www.europesays.com\/no\/wp-json\/wp\/v2\/posts\/114870\/revisions"}],"wp:featuredmedia":[{"embeddable":true,"href":"https:\/\/www.europesays.com\/no\/wp-json\/wp\/v2\/media\/112409"}],"wp:attachment":[{"href":"https:\/\/www.europesays.com\/no\/wp-json\/wp\/v2\/media?parent=114870"}],"wp:term":[{"taxonomy":"category","embeddable":true,"href":"https:\/\/www.europesays.com\/no\/wp-json\/wp\/v2\/categories?post=114870"},{"taxonomy":"post_tag","embeddable":true,"href":"https:\/\/www.europesays.com\/no\/wp-json\/wp\/v2\/tags?post=114870"}],"curies":[{"name":"wp","href":"https:\/\/api.w.org\/{rel}","templated":true}]}}