{"id":114873,"date":"2025-12-16T18:02:39","date_gmt":"2025-12-16T18:02:39","guid":{"rendered":"https:\/\/www.europesays.com\/no\/114873\/"},"modified":"2025-12-16T18:02:39","modified_gmt":"2025-12-16T18:02:39","slug":"michelle-obama-i-sorg-etter-tapet-av-rob-reiner","status":"publish","type":"post","link":"https:\/\/www.europesays.com\/no\/114873\/","title":{"rendered":"Michelle Obama i sorg etter tapet av Rob Reiner:"},"content":{"rendered":"<p>  Det hvite hus&#8217; stabssjef Susie Wiles kommer i et ferskt intervju med flere oppsiktsvekkende uttalelser om egen administrasjon.\u00a0<\/p>\n<p>\n    ALKOHOLIKER-PERSONLIGHET: Det hvite hus\u2019 stabssjef Susie Wiles (t.v.) sier i et st\u00f8rre intervju med Vanity Fair at Donald Trump har \u00aben alkoholikers personlighet\u00bb og \u00abopererer med en oppfatning av at det ikke finnes noe han ikke kan gj\u00f8re\u00bb. Foto: AP Photo\/Evan Vucci\/NTB\n  <\/p>\n<p>Susie Wiles, Donald Trumps stabssjef og tidligere kampanjeleder, sammenlikner presidentens personlighet med sin avd\u00f8de far i et langt intervju med <a href=\"https:\/\/www.vanityfair.com\/news\/story\/trump-susie-wiles-interview-exclusive-part-1\" rel=\"nofollow noopener\" target=\"_blank\">Vanity Fair<\/a>.<\/p>\n<p>Wiles, som Trump tidligere har omtalt som \u00abIsdronningen\u00bb, er datter av NFL-stjerna og sportskommentatoren Pat Summerall. I intervjuet med magasinet snakker hun om farens alkoholproblemer. Han d\u00f8de i 2013 etter \u00e5 ha v\u00e6rt edru i 21 \u00e5r.<\/p>\n<p>    <a itemprop=\"url\" href=\"https:\/\/www.dagbladet.no\/kjendis\/smeller-tilbake-etter-trump-melding\/83989011\" rel=\"nofollow noopener\" target=\"_blank\"><\/p>\n<p>        <img loading=\"lazy\" decoding=\"async\" src=\"https:\/\/www.europesays.com\/no\/wp-content\/uploads\/2025\/12\/1765908157_996_83989282.webp\" width=\"980\" height=\"441\" title=\"Smeller tilbake etter Trump-melding\" alt=\"\" class=\"lazyload\" style=\"--aspect-ratio-image: 2.22; \"\/><\/p>\n<p>        Smeller tilbake etter Trump-melding<\/p>\n<p>    <\/a><\/p>\n<p>&#8211; H\u00f8ytfungerende alkoholikere, eller alkoholikere generelt, har overdrevne personligheter n\u00e5r de drikker. Og derfor er jeg litt av en ekspert p\u00e5 store personligheter, sier hun.<\/p>\n<p>Hun legger til at Trump har \u00aben alkoholikers personlighet\u00bb og \u00abopererer med en oppfatning av at det ikke finnes noe han ikke kan gj\u00f8re\u00bb.<\/p>\n<p>        DET HVITE HUS: Under president Donald Trumps julesamling p\u00e5 Det hvite hus avbryter han talens sin da han f\u00e5r \u00f8ye p\u00e5 en kvinne i salen. Video: X og Youtube\/The White House. Reporter: Trond Markus Gravdal<\/p>\n<p>Avholdsmann<\/p>\n<p>Det har lenge v\u00e6rt kjent at Trump selv ikke drikker alkohol, etter at hans eldre bror, Fred Trump Jr., d\u00f8de i 1981, bare 42 \u00e5r gammel, etter en lengre kamp med alkoholisme.<\/p>\n<p>I <a href=\"https:\/\/www.youtube.com\/watch?v=vC5cHjcgt5g\" rel=\"nofollow noopener\" target=\"_blank\">podkasten <\/a>til komikeren Theo Vons\u00a0i august 2024 delte Trump \u00e5penhjertig at han selv trodde han kunne ha blitt alkoholavhengig dersom han drakk.<\/p>\n<p>&#8211; Jeg hadde en flott bror som l\u00e6rte meg en lekse: Ikke drikk. Jeg vil si at hvis jeg hadde drukket, kunne jeg tenkes \u00e5 v\u00e6re den typen personen som ville hatt et problem,\u00a0sa Trump.<\/p>\n<p>    <a itemprop=\"url\" href=\"https:\/\/www.dagbladet.no\/nyheter\/sendte-streng-melding\/83987396\" rel=\"nofollow noopener\" target=\"_blank\"><\/p>\n<p>        <img loading=\"lazy\" decoding=\"async\" src=\"https:\/\/www.europesays.com\/no\/wp-content\/uploads\/2025\/12\/1765908157_759_83987596.webp\" width=\"980\" height=\"441\" title=\"Sendte streng melding\" alt=\"\" class=\"lazyload\" style=\"--aspect-ratio-image: 2.22; \"\/><\/p>\n<p>        Sendte streng melding<\/p>\n<p>    <\/a><\/p>\n<p>Konspirasjon og ketamin-bruk  <\/p>\n<p>Wiles er den f\u00f8rste kvinnen som innehar rollen som stabssjef i Det hvite hus. Hun har v\u00e6rt en lojal Trump-tilhenger i \u00e5revis og er kjent for \u00e5 v\u00e6re sv\u00e6rt innflytelsesrik i presidentens indre krets.<\/p>\n<p>Under intervjuet kommer det fram flere oppsiktsvekkende uttalelser fra stabsjefen.\u00a0<\/p>\n<p>Wiles antyder blant annet at visepresident JD Vance har \u00abv\u00e6rt konspirasjonsteoretiker i et ti\u00e5r\u00bb, og omtaler Elon Musk som en \u00abketamin-bruker\u00bb.<\/p>\n<p>        <img loading=\"lazy\" decoding=\"async\" src=\"https:\/\/www.europesays.com\/no\/wp-content\/uploads\/2025\/12\/1765908159_834_83993804.webp\" width=\"667\" height=\"434\" title=\"LOJAL: Det hvite hus\u2019 stabssjef Susie Wiles (t.v.) har hele tiden v\u00e6rt en av president Donald Trumps st\u00f8rste st\u00f8ttespillere. Foto: Brendan Smialowski \/ AFP\/NTB\" alt=\"\" class=\"\" style=\"--aspect-ratio-image: 1.54; \"\/><\/p>\n<p>\n        LOJAL: Det hvite hus\u2019 stabssjef Susie Wiles (t.v.) har hele tiden v\u00e6rt en av president Donald Trumps st\u00f8rste st\u00f8ttespillere. Foto: Brendan Smialowski \/ AFP\/NTB\n    <\/p>\n<p>Reagerer: &#8211; U\u00e6rlig vinklet <\/p>\n<p>Selv reagerer\u00a0Wiles sterkt p\u00e5 artikkelen i\u00a0Vanity Fair, og kaller den blant annet et\u00a0\u00abu\u00e6rlig vinklet angrepsstykke\u00bb.<\/p>\n<p>&#8211; Artikkelen som ble publisert tidlig i morges, er et u\u00e6rlig vinklet angrepsstykke rettet mot meg og den beste presidenten, Det hvite hus&#8217; stab og regjering i historien, skriver hun i et innlegg p\u00e5 <a href=\"https:\/\/x.com\/SusieWiles\/status\/2000943061627548148\" rel=\"nofollow\">X<\/a>.<\/p>\n<p>Stabsjefen mener at det var viktig kontekst som ble utelatt og at andre ting hun sa om Trump ikke ble tatt med. Samtidig antyder hun at saken ble skrevet p\u00e5 den m\u00e5ten for \u00e5 tegne et \u00abkaotisk og negativt bilde\u00bb av presidenten og staben i Det hvite hus.\u00a0<\/p>\n<p>&#8211; Ingenting av dette vil stanse v\u00e5r n\u00e5del\u00f8se innsats for \u00e5 gj\u00f8re Amerika stort igjen, avslutter hun.\u00a0<\/p>\n<p>    <a itemprop=\"url\" href=\"https:\/\/www.dagbladet.no\/kjendis\/dette-er-motbydelig\/83987252\" rel=\"nofollow noopener\" target=\"_blank\"><\/p>\n<p>        <img loading=\"lazy\" decoding=\"async\" src=\"https:\/\/www.europesays.com\/no\/wp-content\/uploads\/2025\/12\/1765908159_365_83981186.webp\" width=\"980\" height=\"441\" title=\"- Dette er motbydelig\" alt=\"\" class=\"lazyload\" style=\"--aspect-ratio-image: 2.22; \"\/><\/p>\n<p>        &#8211; Dette er motbydelig <\/p>\n<p>    <\/a><\/p>\n<p> Leavitt: &#8211; Lojal r\u00e5dgiver  <\/p>\n<p> Det hvite hus&#8217; pressesekret\u00e6r\u00a0Karoline Leavitt har ogs\u00e5 tatt Wiles i forsvar.<\/p>\n<p>I et innlegg p\u00e5 <a href=\"https:\/\/x.com\/PressSec\/status\/2000944086904160480\" rel=\"nofollow\">X <\/a>skriver hun at\u00a0Wiles har hjulpet Trump med \u00e5 oppn\u00e5\u00a0 historisk mye de f\u00f8rste elleve m\u00e5nedene i embetet.<\/p>\n<p>&#8211; President Trump har ingen st\u00f8rre eller mer lojal r\u00e5dgiver enn Susie, skriver Leavitt og legger til:<\/p>\n<p>&#8211; Hele administrasjonen er takknemlig for hennes stabile lederskap og stiller seg fullt og helt bak henne.<\/p>\n","protected":false},"excerpt":{"rendered":"Det hvite hus&#8217; stabssjef Susie Wiles kommer i et ferskt intervju med flere oppsiktsvekkende uttalelser om egen administrasjon.\u00a0&hellip;\n","protected":false},"author":2,"featured_media":114874,"comment_status":"","ping_status":"","sticky":false,"template":"","format":"standard","meta":{"footnotes":""},"categories":[5],"tags":[20,21,55,576,24,25,15,19,479,22,23,17,18,7112,13,13951,30,28,29,14,16,13950,26,27],"class_list":{"0":"post-114873","1":"post","2":"type-post","3":"status-publish","4":"format-standard","5":"has-post-thumbnail","7":"category-overskrifter","8":"tag-breaking-news","9":"tag-breakingnews","10":"tag-donald-trump","11":"tag-dodsfall","12":"tag-featured-news","13":"tag-featurednews","14":"tag-headlines","15":"tag-hovedoppslag","16":"tag-kjendis","17":"tag-latest-news","18":"tag-latestnews","19":"tag-main-news","20":"tag-mainnews","21":"tag-michelle-obama","22":"tag-news","23":"tag-nick-reiner","24":"tag-no","25":"tag-norge","26":"tag-norway","27":"tag-nyheter","28":"tag-overskrifter","29":"tag-rob-reiner","30":"tag-top-stories","31":"tag-topstories"},"share_on_mastodon":{"url":"https:\/\/pubeurope.com\/@no\/115730562864524118","error":""},"_links":{"self":[{"href":"https:\/\/www.europesays.com\/no\/wp-json\/wp\/v2\/posts\/114873","targetHints":{"allow":["GET"]}}],"collection":[{"href":"https:\/\/www.europesays.com\/no\/wp-json\/wp\/v2\/posts"}],"about":[{"href":"https:\/\/www.europesays.com\/no\/wp-json\/wp\/v2\/types\/post"}],"author":[{"embeddable":true,"href":"https:\/\/www.europesays.com\/no\/wp-json\/wp\/v2\/users\/2"}],"replies":[{"embeddable":true,"href":"https:\/\/www.europesays.com\/no\/wp-json\/wp\/v2\/comments?post=114873"}],"version-history":[{"count":0,"href":"https:\/\/www.europesays.com\/no\/wp-json\/wp\/v2\/posts\/114873\/revisions"}],"wp:featuredmedia":[{"embeddable":true,"href":"https:\/\/www.europesays.com\/no\/wp-json\/wp\/v2\/media\/114874"}],"wp:attachment":[{"href":"https:\/\/www.europesays.com\/no\/wp-json\/wp\/v2\/media?parent=114873"}],"wp:term":[{"taxonomy":"category","embeddable":true,"href":"https:\/\/www.europesays.com\/no\/wp-json\/wp\/v2\/categories?post=114873"},{"taxonomy":"post_tag","embeddable":true,"href":"https:\/\/www.europesays.com\/no\/wp-json\/wp\/v2\/tags?post=114873"}],"curies":[{"name":"wp","href":"https:\/\/api.w.org\/{rel}","templated":true}]}}