{"id":114881,"date":"2025-12-16T18:23:18","date_gmt":"2025-12-16T18:23:18","guid":{"rendered":"https:\/\/www.europesays.com\/no\/114881\/"},"modified":"2025-12-16T18:23:18","modified_gmt":"2025-12-16T18:23:18","slug":"trafikkulykke-utforkjoring-bil-kjorte-ut-av-veien-telemarksavisa","status":"publish","type":"post","link":"https:\/\/www.europesays.com\/no\/114881\/","title":{"rendered":"Trafikkulykke, Utforkj\u00f8ring | Bil kj\u00f8rte ut av veien &#8211; Telemarksavisa"},"content":{"rendered":"<ol>\n<li><a href=\"https:\/\/news.google.com\/rss\/articles\/CBMiZkFVX3lxTE9sM24wdDdJcmpQMHZTNUJ2emJaem1wemhzMWlPZXgwTjdfRGc1djYtNkp0QVRrb0pRRWVrRnJ5RmdoRUFoWVdGZjFRWm1XV3pvSzlzQjA1aXVoOEJ0c1ZnRWE2ZVZFdw?oc=5\" target=\"_blank\" rel=\"nofollow noopener\">Trafikkulykke, Utforkj\u00f8ring | Bil kj\u00f8rte ut av veien<\/a>&nbsp;&nbsp;Telemarksavisa<\/li>\n<li><a href=\"https:\/\/news.google.com\/rss\/articles\/CBMiekFVX3lxTE9SUDdqODNfWVhmRV9LaTRCcEdjVlJsYWlyUWdUVzhldEtnaTFoUjNaWF9OMWxSaXYwYWJiWU9XNUtRZm9XUFFjUnp5WFROMkRVZDRNMnloN3NEM29uN3owNF9wMi1UNGtZU0dxRXA5S0JmZGxrc2ZDSGlB?oc=5\" target=\"_blank\" rel=\"nofollow noopener\">Politiet frar\u00e5der bilister \u00e5 bruke denne veien i dag<\/a>&nbsp;&nbsp;varden.no<\/li>\n<li><a href=\"https:\/\/news.google.com\/rss\/articles\/CBMidkFVX3lxTE1ydkYzdFRHcG5ZdTZOd2tzSV82bE5rQzVvVEdEZmlkYm5Gck45eUFDVXRTZkhVQWJfbmR4RE9COXZ5TjJZbVpuanA2YnVpU3NXZVAyOXBWLWMyM1ZqS2Nyc3Z3QnQyNXhwNy1WUWFIamlyQXNVUGc?oc=5\" target=\"_blank\" rel=\"nofollow noopener\">Politi, Ulykke | Kj\u00f8rte ut av veien<\/a>&nbsp;&nbsp;Telen<\/li>\n<li><a href=\"https:\/\/news.google.com\/rss\/articles\/CBMijAFBVV95cUxQSlMxcjVHVmZlWU5iZDlNU1RoZk5US205d1BtYXMtcmNuV3ZhNmRCVHlyU1ZVaHBKa1JVeDhERFAzd1dTZlM4NHd0UV9WaEZRaVNNZW5ia3VUZEdZQVFhUGtzSTFsUHFYeDhVRzB0Vy1uS2NUUFUxNHdKaWUwSDlSd2gyeHlHMmJ5TGl2ZQ?oc=5\" target=\"_blank\" rel=\"nofollow noopener\">Notodden, Ulykker | Bil havnet delvis ned fjellskrent<\/a>&nbsp;&nbsp;Telemarksavisa<\/li>\n<li><a href=\"https:\/\/news.google.com\/rss\/articles\/CBMihgFBVV95cUxNbWNnMkE2aWdLcVJ4TG1yMVpYSV8yYTl4Z21nbTdaVGJVa3NkT2FQVFotZER3czBsVllSMUNIZmh5S0d0ZzcxTjhNYm1DWFBPaGNPM0hWXzhUQnkyZlJpdVpKSWVVUW5xT0tEZnQxdXh6cEJfdGc5Y2h6dFl1b2JKbTdTZHVjZw?oc=5\" target=\"_blank\" rel=\"nofollow noopener\">Notodden, Politi | Ny ulykke p\u00e5 Reshjemvegen &#8211; skadeomfang ukjent<\/a>&nbsp;&nbsp;Telen<\/li>\n<\/ol>\n","protected":false},"excerpt":{"rendered":"Trafikkulykke, Utforkj\u00f8ring | Bil kj\u00f8rte ut av veien&nbsp;&nbsp;Telemarksavisa Politiet frar\u00e5der bilister \u00e5 bruke denne veien i dag&nbsp;&nbsp;varden.no Politi,&hellip;\n","protected":false},"author":2,"featured_media":114882,"comment_status":"","ping_status":"","sticky":false,"template":"","format":"standard","meta":{"footnotes":""},"categories":[10],"tags":[36,20,21,24,25,15,22,23,13,30,28,29,14,16,1510,26,27,224,666,1054],"class_list":{"0":"post-114881","1":"post","2":"type-post","3":"status-publish","4":"format-standard","5":"has-post-thumbnail","7":"category-norge","8":"tag-art","9":"tag-breaking-news","10":"tag-breakingnews","11":"tag-featured-news","12":"tag-featurednews","13":"tag-headlines","14":"tag-latest-news","15":"tag-latestnews","16":"tag-news","17":"tag-no","18":"tag-norge","19":"tag-norway","20":"tag-nyheter","21":"tag-overskrifter","22":"tag-story","23":"tag-top-stories","24":"tag-topstories","25":"tag-trafikk","26":"tag-trafikkulykke","27":"tag-utforkjoring"},"share_on_mastodon":{"url":"https:\/\/pubeurope.com\/@no\/115730645203412514","error":""},"_links":{"self":[{"href":"https:\/\/www.europesays.com\/no\/wp-json\/wp\/v2\/posts\/114881","targetHints":{"allow":["GET"]}}],"collection":[{"href":"https:\/\/www.europesays.com\/no\/wp-json\/wp\/v2\/posts"}],"about":[{"href":"https:\/\/www.europesays.com\/no\/wp-json\/wp\/v2\/types\/post"}],"author":[{"embeddable":true,"href":"https:\/\/www.europesays.com\/no\/wp-json\/wp\/v2\/users\/2"}],"replies":[{"embeddable":true,"href":"https:\/\/www.europesays.com\/no\/wp-json\/wp\/v2\/comments?post=114881"}],"version-history":[{"count":0,"href":"https:\/\/www.europesays.com\/no\/wp-json\/wp\/v2\/posts\/114881\/revisions"}],"wp:featuredmedia":[{"embeddable":true,"href":"https:\/\/www.europesays.com\/no\/wp-json\/wp\/v2\/media\/114882"}],"wp:attachment":[{"href":"https:\/\/www.europesays.com\/no\/wp-json\/wp\/v2\/media?parent=114881"}],"wp:term":[{"taxonomy":"category","embeddable":true,"href":"https:\/\/www.europesays.com\/no\/wp-json\/wp\/v2\/categories?post=114881"},{"taxonomy":"post_tag","embeddable":true,"href":"https:\/\/www.europesays.com\/no\/wp-json\/wp\/v2\/tags?post=114881"}],"curies":[{"name":"wp","href":"https:\/\/api.w.org\/{rel}","templated":true}]}}