{"id":114885,"date":"2025-12-16T18:30:15","date_gmt":"2025-12-16T18:30:15","guid":{"rendered":"https:\/\/www.europesays.com\/no\/114885\/"},"modified":"2025-12-16T18:30:15","modified_gmt":"2025-12-16T18:30:15","slug":"a-gi-morsmelk-ble-nesten-en-besettelse","status":"publish","type":"post","link":"https:\/\/www.europesays.com\/no\/114885\/","title":{"rendered":"\u2013 \u00c5 gi morsmelk ble nesten en besettelse"},"content":{"rendered":"\n<ul class=\"_list_o9xde_3 _list_64s2r_85 _unordered_o9xde_106 text-sans-m\">\n<li class=\"_item_o9xde_30\">Martine Halvorsen tar et oppgj\u00f8r med skam og forventninger rundt amming.<\/li>\n<li class=\"_item_o9xde_30\">Den nybakte tvillingmammaen er overrasket over hvor mange som engasjerer seg i hennes amming.<\/li>\n<li class=\"_item_o9xde_30\">Ammehjelpen st\u00f8tter Halvorsen.<\/li>\n<\/ul>\n<p>Vis mer <\/p>\n<p class=\"_paragraph_o9xde_4 _paragraph_xtcu6_10 layout-component text-serif-m layout-normal text-serif-m layout-padded\">Influencer <a href=\"https:\/\/www.vg.no\/tag\/martine-halvorsen?utm_source=vg-article&amp;utm_medium=auto-tagger&amp;utm_campaign=n1gEVa\" class=\"_link_o9xde_39\" rel=\"nofollow noopener\" target=\"_blank\">Martine Halvorsen<\/a> <a href=\"https:\/\/www.vg.no\/rampelys\/i\/xma6ml\/martine-halvorsen-har-blitt-mamma\" data-track-element-type=\"Link\" data-track-id=\"link:xma6ml\" class=\"_link_o9xde_39\" rel=\"nofollow noopener\" target=\"_blank\">f\u00f8dte tvillinger<\/a> i september \u2013 ti uker f\u00f8r termin. Maja og Emil er de f\u00f8rste barna til Halvorsen og samboer Robert Brancovic (36).<\/p>\n<p class=\"_paragraph_o9xde_4 _paragraph_xtcu6_10 layout-component text-serif-m layout-normal text-serif-m layout-padded\">27-\u00e5ringen skriver p\u00e5 <a href=\"https:\/\/www.instagram.com\/martine.halvs?hl=en\" class=\"_link_o9xde_39\" rel=\"nofollow noopener\" target=\"_blank\">Instagram<\/a> at hun f\u00e5r mange henvendelser om hvorfor hun ikke ammer, etter \u00e5 ha delt bilder av at barna f\u00e5r flaske. <\/p>\n<p class=\"_paragraph_o9xde_4 _paragraph_xtcu6_10 layout-component text-serif-m layout-normal text-serif-m layout-padded\">\u2013 Faktum er at jeg kan amme begge barna, skriver hun og opplyser at hun har en rik melkeproduksjon.<\/p>\n<p class=\"_paragraph_o9xde_4 _paragraph_xtcu6_10 layout-component text-serif-m layout-normal text-serif-m layout-padded\"><strong class=\"_strong_o9xde_25\">Til VG forklarer Halvorsen at hun er overrasket over sp\u00f8rsm\u00e5lene.<\/strong><\/p>\n<p class=\"_paragraph_o9xde_4 _paragraph_xtcu6_10 layout-component text-serif-m layout-normal text-serif-m layout-padded\">\u2013 Jeg var ikke forberedt p\u00e5 at det jeg gj\u00f8r \u2013 eller ikke gj\u00f8r \u2013 med kroppen min og barna mine, skulle oppleves som s\u00e5 personlig og engasjerende for andre, svarer hun over e-post. <\/p>\n<p class=\"_paragraph_o9xde_4 _paragraph_xtcu6_10 layout-component text-serif-m layout-normal text-serif-m layout-padded\">\u2013 Det er nytt for meg hvor fritt mange f\u00f8ler at de kan mene noe om dette.<\/p>\n<p><img alt=\"PAR: Robert Brancovic og Martine Halvorsen p\u00e5 VG-lista-showet i Oslo i fjor.  Foto: Geir Olsen \/ NTB\" class=\"_image_qp4xg_65 layout-component layout-normal\" data-fullscreen- data-track-element-type=\"Article image fullscreen\" data-track-name=\"ImageFullscreen\" decoding=\"async\" loading=\"lazy\" height=\"2240\" itemprop=\"image\"  src=\"https:\/\/www.europesays.com\/no\/wp-content\/uploads\/2025\/12\/be0c49ca-8216-46f5-b44b-cff45f41e578\"  style=\"object-position:0% 0%\" width=\"2896\"\/>PAR: Robert Brancovic og Martine Halvorsen p\u00e5 VG-lista-showet i Oslo i fjor.  Foto: Geir Olsen \/ NTB<\/p>\n<p class=\"_paragraph_o9xde_4 _paragraph_xtcu6_10 layout-component text-serif-m layout-normal text-serif-m layout-padded\">Halvorsen tar et oppgj\u00f8r med det hun mener er skyh\u00f8ye forventninger, press og meninger rundt amming og morsmelkerstatningmorsmelkerstatningMorsmelkerstatning er en type mat laget for \u00e5 erstatte eller supplere morsmelk for babyer. \u2013 og om hva som er \u00abriktig m\u00e5te\u00bb.<\/p>\n<p class=\"_paragraph_o9xde_4 _paragraph_xtcu6_10 layout-component text-serif-m layout-normal text-serif-m layout-padded\">\u2013 Jeg synes vi kan legge skammen, presset og forventningene p\u00e5 hylla.<\/p>\n<p class=\"_paragraph_o9xde_4 _paragraph_xtcu6_10 layout-component text-serif-m layout-normal text-serif-m layout-padded\"><strong class=\"_strong_o9xde_25\">\u2013 Hvordan takler du selv presset?<\/strong><\/p>\n<p class=\"_paragraph_o9xde_4 _paragraph_xtcu6_10 layout-component text-serif-m layout-normal text-serif-m layout-padded\">\u2013 Bedre n\u00e5 enn i starten. Det som gj\u00f8r meg mest trist, er at valgene rundt amming ofte blir fremstilt som et m\u00e5l p\u00e5 om man er en god forelder eller ikke. Det er et enormt ansvar \u00e5 legge p\u00e5 nybakte foreldre, spesielt i en allerede s\u00e5rbar fase, sier hun til VG.<\/p>\n<p class=\"_paragraph_o9xde_4 _paragraph_xtcu6_10 layout-component text-serif-m layout-normal text-serif-m layout-padded\">For Halvorsen er det viktig \u00e5 dele egne erfaringer, fordi mange st\u00e5r i det samme.<\/p>\n<p class=\"_paragraph_o9xde_4 _paragraph_xtcu6_10 layout-component text-serif-m layout-normal text-serif-m layout-padded\">\u2013 Presset kan komme fra s\u00e5 mange hold \u2013 familie, venner, helsevesen eller offentligheten. N\u00e5r jeg deler, h\u00e5per jeg \u00e5 bidra til litt mer rom, forst\u00e5else og mindre skam.<\/p>\n<p><img alt=\"Martine Halvorsen p\u00e5 \u00abTroll 2\u00bb-premiere i Oslo i november \u2013 en liten utflukt uten de sm\u00e5.  Foto: Mattis Sandblad \/ VG\" class=\"_image_qp4xg_65 layout-component layout-normal\" data-fullscreen- data-track-element-type=\"Article image fullscreen\" data-track-name=\"ImageFullscreen\" decoding=\"async\" loading=\"lazy\" height=\"1343\" itemprop=\"image\"  src=\"https:\/\/www.europesays.com\/no\/wp-content\/uploads\/2025\/12\/dc9df33a-cbfd-4022-980e-20d3479abb1e\"  style=\"object-position:0% 0%\" width=\"1907\"\/>Martine Halvorsen p\u00e5 \u00abTroll 2\u00bb-premiere i Oslo i november \u2013 en liten utflukt uten de sm\u00e5.  Foto: Mattis Sandblad \/ VG<\/p>\n<p class=\"_paragraph_o9xde_4 _paragraph_xtcu6_10 layout-component text-serif-m layout-normal text-serif-m layout-padded\">Halvorsens mammarolle startet ikke med hud mot hud og rolige netter hjemme. I stedet ble det syv lange uker med pumping p\u00e5 et sykehusrom, mens barna l\u00e5 p\u00e5 nyf\u00f8dtintensivennyf\u00f8dtintensivenNyf\u00f8dtintensiven er en spesialisert avdeling p\u00e5 sykehuset, hvor syke eller premature babyert f\u00e5r intensiv medisinsk behandling.. <\/p>\n<p class=\"_paragraph_o9xde_4 _paragraph_xtcu6_10 layout-component text-serif-m layout-normal text-serif-m layout-padded\">\u2013 \u00c5 gi morsmelk ble nesten en besettelse.<\/p>\n<p class=\"_paragraph_o9xde_4 _paragraph_xtcu6_10 layout-component text-serif-m layout-normal text-serif-m layout-padded\"><strong class=\"_strong_o9xde_25\">\u2013 P\u00e5 hvilken m\u00e5te da?<\/strong><\/p>\n<p class=\"_paragraph_o9xde_4 _paragraph_xtcu6_10 layout-component text-serif-m layout-normal text-serif-m layout-padded\">\u2013 Da jeg ble mamma mye tidligere enn planlagt, rakk jeg ikke \u00e5 reflektere over amming slik jeg kanskje ellers ville gjort, svarer influenceren. <\/p>\n<p class=\"_paragraph_o9xde_4 _paragraph_xtcu6_10 layout-component text-serif-m layout-normal text-serif-m layout-padded\">\u2013 Men plutselig satt jeg alene p\u00e5 et rom, uten barna mine, og kjempet alt jeg hadde for \u00e5 f\u00e5 i gang melkeproduksjonen. Jeg visste hvor viktig morsmelk var for dem, og da de l\u00e5 i kuv\u00f8sekuv\u00f8seen lukket seng med kontrollert temperatur og fuktighet, brukt til \u00e5 ta vare p\u00e5 premature eller syke nyf\u00f8dte., f\u00f8ltes det p\u00e5 et tidspunkt som det eneste jeg faktisk kunne bidra med som mor.<\/p>\n<p class=\"_paragraph_o9xde_4 _paragraph_xtcu6_10 layout-component text-serif-m layout-normal text-serif-m layout-padded\">For de nybakte foreldrene var det en stor seier da barna tok flaske. Med det var de n\u00e6rmere en hverdag uten \u00e5 m\u00e5tte mate gjennom sondegjennom sondeEn sonde til for tidlig f\u00f8dte barn er et tynt plastr\u00f8r (nese- eller munnmage-sonde) som brukes til \u00e5 gi morsmelk og n\u00e6ring direkte til magesekken n\u00e5r barnet er for svakt til \u00e5 die\/spise selv, fordi sugerefleksen er umoden, og det \u00e5 spise er for krevende.<\/p>\n<p class=\"_paragraph_o9xde_4 _paragraph_xtcu6_10 layout-component text-serif-m layout-normal text-serif-m layout-padded\">Vel hjemme kombinerte Halvorsen sonde, pumping og amming. For Halvorsen ble frykten for ikke \u00e5 ha nok til begge, altoppslukende. Hun f\u00f8lte at hun pumpet d\u00f8gnet rundt. <\/p>\n<p class=\"_paragraph_o9xde_4 _paragraph_xtcu6_10 layout-component text-serif-m layout-normal text-serif-m layout-padded\">\u2013 Det var ekstremt krevende, b\u00e5de fysisk og mentalt, spesielt alle timene jeg ikke fikk v\u00e6re sammen med barna mine. <\/p>\n<p><img alt=\"Martine Halvorsen p\u00e5 Vixen Awards i januar.  Foto: Mattis Sandblad \/ VG\" class=\"_image_qp4xg_65 layout-component layout-normal\" data-fullscreen- data-track-element-type=\"Article image fullscreen\" data-track-name=\"ImageFullscreen\" decoding=\"async\" loading=\"lazy\" height=\"1189\" itemprop=\"image\"  src=\"https:\/\/www.europesays.com\/no\/wp-content\/uploads\/2025\/12\/3093dd4e-0695-40e2-9f95-f99962d72585\"  style=\"object-position:0% 0%\" width=\"1500\"\/>Martine Halvorsen p\u00e5 Vixen Awards i januar.  Foto: Mattis Sandblad \/ VG<\/p>\n<p class=\"_paragraph_o9xde_4 _paragraph_xtcu6_10 layout-component text-serif-m layout-normal text-serif-m layout-padded\">Halvorsen pumper fortsatt mye.<\/p>\n<p class=\"_paragraph_o9xde_4 _paragraph_xtcu6_10 layout-component text-serif-m layout-normal text-serif-m layout-padded\">\u2013 Det krever mye \u00e5 mette to babyer, men jeg har heldigvis kommet dit at jeg forst\u00e5r at det ikke lenger handler om liv og d\u00f8d. Ja, og at morsmelkerstatning kan v\u00e6re et fint alternativ hvis det gir meg mer kapasitet til \u00e5 v\u00e6re mamma.<\/p>\n<p class=\"_paragraph_o9xde_4 _paragraph_xtcu6_10 layout-component text-serif-m layout-normal text-serif-m layout-padded\">Hun ammer fremdeles litt, men babyene f\u00e5r mest morsmelk p\u00e5 flaske.<\/p>\n<p class=\"_paragraph_o9xde_4 _paragraph_xtcu6_10 layout-component text-serif-m layout-normal text-serif-m layout-padded\"><strong class=\"_strong_o9xde_25\">Halvorsen f\u00e5r mye st\u00f8tte i kommentarfeltet. <\/strong><\/p>\n<p class=\"_paragraph_o9xde_4 _paragraph_xtcu6_10 layout-component text-serif-m layout-normal text-serif-m layout-padded\">\u2013 Det er helt overveldende. Det bekrefter hvor mange dette faktisk ber\u00f8rer. Jeg har ogs\u00e5 f\u00e5tt mange private meldinger, blant annet fra menn som har kjent p\u00e5 den samme frustrasjonen p\u00e5 vegne av partneren sin, sier hun til VG.<\/p>\n<p class=\"_paragraph_o9xde_4 _paragraph_xtcu6_10 layout-component text-serif-m layout-normal text-serif-m layout-padded\">\u2013 Det har gjort meg enda mer overbevist om at dette er en viktig samtale \u00e5 ta.<\/p>\n<p class=\"_paragraph_o9xde_4 _paragraph_xtcu6_10 layout-component text-serif-m layout-normal text-serif-m layout-padded\"><strong class=\"_strong_o9xde_25\">Ogs\u00e5 Ammehjelpen har kommentert under Halvorsens innlegg:<\/strong><\/p>\n<p class=\"_paragraph_o9xde_4 _paragraph_xtcu6_10 layout-component text-serif-m layout-normal text-serif-m layout-padded\">\u00abAmming kan v\u00e6re b\u00e5de hardt og strevsomt, men fullpumping til tvillinger er i en egen liga\u00bb, skriver organisasjonen, som har arbeidet for \u00e5 fremme amming i snart 60 \u00e5r.<\/p>\n<p class=\"_paragraph_o9xde_4 _paragraph_xtcu6_10 layout-component text-serif-m layout-normal text-serif-m layout-padded\">\u00abLegg til f\u00f8rstegangsmamma, prematur f\u00f8dselprematur f\u00f8dselPrematur f\u00f8dsel er n\u00e5r en baby blir f\u00f8dt f\u00f8r 37 uker av svangerskapet er fullf\u00f8rt, noe som kan kreve spesiell medisinsk omsorg., og komplikasjoner \u2013 og man f\u00e5r en situasjon som ligger h\u00f8yt p\u00e5 lista over vanvittige ting kvinnekroppen klarer.\u00bb<\/p>\n<p class=\"_paragraph_o9xde_4 _paragraph_xtcu6_10 layout-component text-serif-m layout-normal text-serif-m layout-padded\">Det er Camilla Krogli Hansen (48), redakt\u00f8r og kommunikasjonsansvarlig i Ammehjelpen, som st\u00e5r bak sitatene.<\/p>\n<p class=\"_paragraph_o9xde_4 _paragraph_xtcu6_10 layout-component text-serif-m layout-normal text-serif-m layout-padded\">\u2013 Det er veldig fint med en \u00e5pen diskusjon rundt amming og ammeutfordringer, sier hun til VG. <\/p>\n<p><img decoding=\"async\" alt=\"Bilde av Camilla Krogli Hansen\" class=\"_image_ygndg_42\" height=\"40\" itemprop=\"image\" loading=\"lazy\"  src=\"https:\/\/www.europesays.com\/no\/wp-content\/uploads\/2025\/12\/3a3bea80-f0d2-429a-9c5f-a41ac8526298\"  width=\"40\"\/><strong class=\"_name_ygndg_51 title-serif-xs\">Camilla Krogli Hansen<\/strong><\/p>\n<p class=\"_paragraph_o9xde_4 text-sans-m _description_ygndg_56\">Ammehjelpen<\/p>\n<p class=\"_paragraph_o9xde_4 _paragraph_xtcu6_10 layout-component text-serif-m layout-normal text-serif-m layout-padded\">\u2013 Influencere og kjente personer har mulighet til \u00e5 n\u00e5 bredt ut, og det gj\u00f8r at de som har kjent p\u00e5 det samme, f\u00f8ler seg mindre alene. Men det kan ogs\u00e5 f\u00f8re til un\u00f8dvendige polariseringer i kommentarfeltene, der amming og flaskemating settes opp mot hverandre.<\/p>\n<p class=\"_paragraph_o9xde_4 _paragraph_xtcu6_10 layout-component text-serif-m layout-normal text-serif-m layout-padded\">Hansen, som ogs\u00e5 er sykepleier, mener det viktigste er at m\u00f8dre f\u00e5r hjelpen de trenger til \u00e5 amme eller pumpe s\u00e5 mye og s\u00e5 lenge de vil, og at helsepersonell har kompetansen som trengs.<\/p>\n<p class=\"_paragraph_o9xde_4 _paragraph_xtcu6_10 layout-component text-serif-m layout-normal text-serif-m layout-padded\">\u2013 Forventningene er dessverre ikke alltid i samsvar med hjelpen og st\u00f8tten m\u00f8drene f\u00e5r n\u00e5r ammingen er vanskelig, mener hun. <\/p>\n<p class=\"_paragraph_o9xde_4 _paragraph_xtcu6_10 layout-component text-serif-m layout-normal text-serif-m layout-padded\"><strong class=\"_strong_o9xde_25\">\u2013 Det kan derfor v\u00e6re lett \u00e5 kjenne p\u00e5 vanskelige f\u00f8lelser som skyld, skam og sorg. <\/strong><\/p>\n<p class=\"_paragraph_o9xde_4 _paragraph_xtcu6_10 layout-component text-serif-m layout-normal text-serif-m layout-padded\">Hansens r\u00e5d er \u00e5 s\u00f8ke hjelp hos ammekyndig helsepersonell ved barselavdelingen og helsestasjonen, selv om hun mener det varierer hvor god hjelp man f\u00e5r. <\/p>\n<p class=\"_paragraph_o9xde_4 _paragraph_xtcu6_10 layout-component text-serif-m layout-normal text-serif-m layout-padded\">\u2013 Ammeveiledning er ikke et eget fagomr\u00e5de med tilh\u00f8rende spesialister i den offentlige helsetjenesten.<\/p>\n<p class=\"_paragraph_o9xde_4 _paragraph_xtcu6_10 layout-component text-serif-m layout-normal text-serif-m layout-padded\">Hansen sier at selv om amming er viktig i et folkehelseperspektiv, s\u00e5 er det ikke alltid den beste l\u00f8sningen.<\/p>\n<p class=\"_paragraph_o9xde_4 _paragraph_xtcu6_10 layout-component text-serif-m layout-normal text-serif-m layout-padded\">\u2013 Det finnes mange grunner til at det b\u00e5de er n\u00f8dvendig og riktig med morsmelkerstatning. \u00c5 v\u00e6re en god mamma defineres heldigvis ikke av om vi gir barna morsmelk eller morsmelkerstatning, eller om melken kommer via pupp eller flaske.<\/p>\n<p><img alt=\"Martine Halvorsen med ett av barna, klar for juleferie.  Foto: PRIVAT\" class=\"_image_qp4xg_65 layout-component layout-normal\" data-fullscreen- data-track-element-type=\"Article image fullscreen\" data-track-name=\"ImageFullscreen\" decoding=\"async\" loading=\"lazy\" height=\"1341\" itemprop=\"image\"  src=\"https:\/\/www.europesays.com\/no\/wp-content\/uploads\/2025\/12\/8efe8ba1-1b3d-4021-a9be-998e0e0bd11e\"  style=\"object-position:0% 0%\" width=\"2011\"\/>Martine Halvorsen med ett av barna, klar for juleferie.  Foto: PRIVAT<\/p>\n<p class=\"_paragraph_o9xde_4 _paragraph_xtcu6_10 layout-component text-serif-m layout-normal text-serif-m layout-padded\">Martine Halvorsen gleder seg til f\u00f8rste jul med babyene.<\/p>\n<p class=\"_paragraph_o9xde_4 _paragraph_xtcu6_10 layout-component text-serif-m layout-normal text-serif-m layout-padded\">\u2013 Julekjolen og skjorta er kj\u00f8pt inn til tvillingene, og vi ser frem til ro, kos og kvalitetstid. Etter h\u00f8stens t\u00f8ffe opplevelser har det blitt enda viktigere bare \u00e5 v\u00e6re sammen og lande i det som faktisk betyr noe.<\/p>\n<p class=\"_paragraph_o9xde_4 _paragraph_xtcu6_10 layout-component text-serif-m layout-normal text-serif-m layout-padded\">Hun faller mer og mer inn i rollen. <\/p>\n<p class=\"_paragraph_o9xde_4 _paragraph_xtcu6_10 layout-component text-serif-m layout-normal text-serif-m layout-padded\">\u2013 Jeg elsker \u00e5 v\u00e6re mamma. Starten ble t\u00f8ffere enn jeg hadde sett for meg, men n\u00e5 er vi ferdige med sykehusopphold. Hverdagen begynner endelig \u00e5 ligne den jeg dr\u00f8mte om.<\/p>\n<p class=\"_paragraph_o9xde_4 _paragraph_xtcu6_10 layout-component text-serif-m layout-normal text-serif-m layout-padded\">Halvorsen er ikke den eneste nybakte mammaen som uttaler seg om ammeproblemer. <\/p>\n<p class=\"_paragraph_o9xde_4 _paragraph_xtcu6_10 layout-component text-serif-m layout-normal text-serif-m layout-padded\">I april uttalte <a href=\"http:\/\/www.vg.no\/rampelys\/i\/AvVEM3\/stina-bakken-om-ammeproblem-saart-og-tabu#:~:text=Influencer%20Stina%20Bakken%20deler%20%C3%A5pent,kvinner%20som%20sliter%20med%20amming.\" data-track-element-type=\"Link\" data-track-id=\"link:AvVEM3\" class=\"_link_o9xde_39\" rel=\"nofollow noopener\" target=\"_blank\">Stina Bakken<\/a> (32) at hun f\u00f8lte det var b\u00e5de \u00abs\u00e5rt og tabu\u00bb de gangene hun ikke mestret ammingen.<\/p>\n<p class=\"_paragraph_o9xde_4 _paragraph_xtcu6_10 layout-component text-serif-m layout-normal text-serif-m layout-padded\"><strong class=\"_strong_o9xde_25\">Tilbakeblikk p\u00e5 da Halvorsen m\u00f8tte dr\u00f8mmemannen \u2013 se VGTV:<\/strong><\/p>\n<p>Les ogs\u00e5<br \/>\n    <script async src=\"\/\/www.instagram.com\/embed.js\"><\/script><\/p>\n","protected":false},"excerpt":{"rendered":"Martine Halvorsen tar et oppgj\u00f8r med skam og forventninger rundt amming. Den nybakte tvillingmammaen er overrasket over hvor&hellip;\n","protected":false},"author":2,"featured_media":114886,"comment_status":"","ping_status":"","sticky":false,"template":"","format":"standard","meta":{"footnotes":""},"categories":[10],"tags":[13954,20,21,24,25,434,15,829,22,23,5912,13,30,28,29,14,16,26,27],"class_list":{"0":"post-114885","1":"post","2":"type-post","3":"status-publish","4":"format-standard","5":"has-post-thumbnail","7":"category-norge","8":"tag-amming","9":"tag-breaking-news","10":"tag-breakingnews","11":"tag-featured-news","12":"tag-featurednews","13":"tag-foreldre-og-barn","14":"tag-headlines","15":"tag-influencer","16":"tag-latest-news","17":"tag-latestnews","18":"tag-martine-halvorsen","19":"tag-news","20":"tag-no","21":"tag-norge","22":"tag-norway","23":"tag-nyheter","24":"tag-overskrifter","25":"tag-top-stories","26":"tag-topstories"},"share_on_mastodon":{"url":"https:\/\/pubeurope.com\/@no\/115730673438567266","error":""},"_links":{"self":[{"href":"https:\/\/www.europesays.com\/no\/wp-json\/wp\/v2\/posts\/114885","targetHints":{"allow":["GET"]}}],"collection":[{"href":"https:\/\/www.europesays.com\/no\/wp-json\/wp\/v2\/posts"}],"about":[{"href":"https:\/\/www.europesays.com\/no\/wp-json\/wp\/v2\/types\/post"}],"author":[{"embeddable":true,"href":"https:\/\/www.europesays.com\/no\/wp-json\/wp\/v2\/users\/2"}],"replies":[{"embeddable":true,"href":"https:\/\/www.europesays.com\/no\/wp-json\/wp\/v2\/comments?post=114885"}],"version-history":[{"count":0,"href":"https:\/\/www.europesays.com\/no\/wp-json\/wp\/v2\/posts\/114885\/revisions"}],"wp:featuredmedia":[{"embeddable":true,"href":"https:\/\/www.europesays.com\/no\/wp-json\/wp\/v2\/media\/114886"}],"wp:attachment":[{"href":"https:\/\/www.europesays.com\/no\/wp-json\/wp\/v2\/media?parent=114885"}],"wp:term":[{"taxonomy":"category","embeddable":true,"href":"https:\/\/www.europesays.com\/no\/wp-json\/wp\/v2\/categories?post=114885"},{"taxonomy":"post_tag","embeddable":true,"href":"https:\/\/www.europesays.com\/no\/wp-json\/wp\/v2\/tags?post=114885"}],"curies":[{"name":"wp","href":"https:\/\/api.w.org\/{rel}","templated":true}]}}