{"id":114889,"date":"2025-12-16T18:39:16","date_gmt":"2025-12-16T18:39:16","guid":{"rendered":"https:\/\/www.europesays.com\/no\/114889\/"},"modified":"2025-12-16T18:39:16","modified_gmt":"2025-12-16T18:39:16","slug":"ber-bilister-folge-ekstra-godt-med","status":"publish","type":"post","link":"https:\/\/www.europesays.com\/no\/114889\/","title":{"rendered":"Ber bilister f\u00f8lge ekstra godt med"},"content":{"rendered":"<p data-testid=\"textWithMarkup-text\" data-v-81d7dc2b=\"\" data-v-62d58f52=\"\">Anleggsarbeidet ved det nye Veibustkrysset er kommet godt i gang, if\u00f8lge byggeleder Ingar Walb\u00f8 i Statens vegvesen. Natt til onsdag blir trafikken lagt om til en midlertidig rundkj\u00f8ring. <\/p>\n<p data-testid=\"textWithMarkup-text\" data-v-81d7dc2b=\"\" data-v-62d58f52=\"\">\u2013  Arbeidet har g\u00e5tt etter planen. Entrepren\u00f8ren Busengdal AS har brukt kortreist stein fra Kongshaugstranda kloakkrenseanlegg til \u00e5 bygge omkj\u00f8ringsveg langs E39, sier byggelederen i ei pressemelding og ber trafikantene v\u00e6re oppmerksom p\u00e5 endret kj\u00f8rem\u00f8nster. <\/p>\n<p data-testid=\"textWithMarkup-text\" data-v-81d7dc2b=\"\" data-v-62d58f52=\"\">Den midlertidige rundkj\u00f8ringa vil styre trafikken gjennom Veibustkrysset p\u00e5 E39 inn mot \u00c5lesund fra s\u00f8r fram til m\u00e5nedsskiftet april\/mai. Da blir det nye endringer i kj\u00f8rem\u00f8nsteret.<\/p>\n<p data-testid=\"textWithMarkup-text\" data-v-81d7dc2b=\"\" data-v-62d58f52=\"\">P\u00e5 ny\u00e5ret starter sprenging av fjell s\u00f8r for E39 for \u00e5 gi plass til nye av- og p\u00e5kj\u00f8ringsramper og ny omkj\u00f8ringsveg.<\/p>\n","protected":false},"excerpt":{"rendered":"Anleggsarbeidet ved det nye Veibustkrysset er kommet godt i gang, if\u00f8lge byggeleder Ingar Walb\u00f8 i Statens vegvesen. Natt&hellip;\n","protected":false},"author":2,"featured_media":114890,"comment_status":"","ping_status":"","sticky":false,"template":"","format":"standard","meta":{"footnotes":""},"categories":[10],"tags":[20,21,24,25,15,22,23,13,30,28,29,14,16,26,27],"class_list":{"0":"post-114889","1":"post","2":"type-post","3":"status-publish","4":"format-standard","5":"has-post-thumbnail","7":"category-norge","8":"tag-breaking-news","9":"tag-breakingnews","10":"tag-featured-news","11":"tag-featurednews","12":"tag-headlines","13":"tag-latest-news","14":"tag-latestnews","15":"tag-news","16":"tag-no","17":"tag-norge","18":"tag-norway","19":"tag-nyheter","20":"tag-overskrifter","21":"tag-top-stories","22":"tag-topstories"},"share_on_mastodon":{"url":"https:\/\/pubeurope.com\/@no\/115730708255572338","error":""},"_links":{"self":[{"href":"https:\/\/www.europesays.com\/no\/wp-json\/wp\/v2\/posts\/114889","targetHints":{"allow":["GET"]}}],"collection":[{"href":"https:\/\/www.europesays.com\/no\/wp-json\/wp\/v2\/posts"}],"about":[{"href":"https:\/\/www.europesays.com\/no\/wp-json\/wp\/v2\/types\/post"}],"author":[{"embeddable":true,"href":"https:\/\/www.europesays.com\/no\/wp-json\/wp\/v2\/users\/2"}],"replies":[{"embeddable":true,"href":"https:\/\/www.europesays.com\/no\/wp-json\/wp\/v2\/comments?post=114889"}],"version-history":[{"count":0,"href":"https:\/\/www.europesays.com\/no\/wp-json\/wp\/v2\/posts\/114889\/revisions"}],"wp:featuredmedia":[{"embeddable":true,"href":"https:\/\/www.europesays.com\/no\/wp-json\/wp\/v2\/media\/114890"}],"wp:attachment":[{"href":"https:\/\/www.europesays.com\/no\/wp-json\/wp\/v2\/media?parent=114889"}],"wp:term":[{"taxonomy":"category","embeddable":true,"href":"https:\/\/www.europesays.com\/no\/wp-json\/wp\/v2\/categories?post=114889"},{"taxonomy":"post_tag","embeddable":true,"href":"https:\/\/www.europesays.com\/no\/wp-json\/wp\/v2\/tags?post=114889"}],"curies":[{"name":"wp","href":"https:\/\/api.w.org\/{rel}","templated":true}]}}