{"id":114891,"date":"2025-12-16T18:40:12","date_gmt":"2025-12-16T18:40:12","guid":{"rendered":"https:\/\/www.europesays.com\/no\/114891\/"},"modified":"2025-12-16T18:40:12","modified_gmt":"2025-12-16T18:40:12","slug":"fifa-senker-prisnivaet-pa-vm-billetter-etter-kritikk","status":"publish","type":"post","link":"https:\/\/www.europesays.com\/no\/114891\/","title":{"rendered":"Fifa senker prisniv\u00e5et p\u00e5 VM-billetter etter kritikk"},"content":{"rendered":"\n<p class=\"_lead_o9xde_2 _lead_xtcu6_50 layout-component text-serif-m layout-normal text-serif-l layout-component layout-wide layout-padded _wide_17hqh_1 layout-padded\">Det internasjonale fotballforbundet (Fifa) skal slippe VM-billetter til en langt mer overkommelig pris. Men hvem som kan s\u00f8ke om dem, er fortsatt ikke klart.<\/p>\n<p><img alt=\"Norge skal spille to av kampene sine i VM p\u00e5 arenaen utenfor Boston (i bildet). Der kan fans f\u00e5 tilgang for 60 dollar (610 kroner).  Foto: Stew Milne, File \/ AP \/ NTB\" class=\"_image_qp4xg_65 layout-component layout-wide\" data-fullscreen- data-track-element-type=\"Article image fullscreen\" data-track-name=\"ImageFullscreen\" fetchpriority=\"high\" decoding=\"sync\" loading=\"eager\" height=\"3264\" itemprop=\"image\"  src=\"https:\/\/www.europesays.com\/no\/wp-content\/uploads\/2025\/12\/e501727a-5596-423e-a91c-8c929b3d912c\"  style=\"object-position:0% 0%\" width=\"4896\"\/>Norge skal spille to av kampene sine i VM p\u00e5 arenaen utenfor Boston (i bildet). Der kan fans f\u00e5 tilgang for 60 dollar (610 kroner).  Foto: Stew Milne, File \/ AP \/ NTB<\/p>\n<ul aria-hidden=\"true\" class=\"_images_ntbth_112\">\n<li><a class=\"_link_ntbth_117\" href=\"https:\/\/www.vg.no\/forfatter\/ntb\" style=\"z-index:1\" title=\"NTB\" rel=\"nofollow noopener\" target=\"_blank\"><img alt=\"Bilde av NTB\" class=\"_image_ntbth_93\" fetchpriority=\"low\" loading=\"lazy\" decoding=\"async\" itemprop=\"image\"  src=\"https:\/\/www.europesays.com\/no\/wp-content\/uploads\/2025\/12\/1765910412_833_c33980b0-5d07-4027-84a1-813f90a7c8d6\"  width=\"480\"\/><\/a><\/li>\n<\/ul>\n<p> Oppdatert tirsdag 16. desember kl. 19:20     <\/p>\n<p class=\"_paragraph_o9xde_4 _paragraph_xtcu6_10 layout-component text-serif-m layout-normal text-serif-m layout-padded\">Billettene som n\u00e5 skal slippes, har en pris p\u00e5 rett over 600 kroner, opplyser forbundet i en pressemelding.<\/p>\n<p class=\"_paragraph_o9xde_4 _paragraph_xtcu6_10 layout-component text-serif-m layout-normal text-serif-m layout-padded\">Det er langt mindre enn det de billigste billettene tidligere har v\u00e6rt prissatt til.<\/p>\n<p class=\"_paragraph_o9xde_4 _paragraph_xtcu6_10 layout-component text-serif-m layout-normal text-serif-m layout-padded\">\u2013 Dette er et resultat av samtalene vi har hatt med ulike parter, sier en talsperson for Fifa til NTB.<\/p>\n<p class=\"_paragraph_o9xde_4 _paragraph_xtcu6_10 layout-component text-serif-m layout-normal text-serif-m layout-padded\">Fifa opplyser at de senker prisniv\u00e5et for \u00e5 gj\u00f8re det mer aktuelt for de mest lojale supporterne \u00e5 komme seg p\u00e5 kamp.<\/p>\n<p class=\"_paragraph_o9xde_4 _paragraph_xtcu6_10 layout-component text-serif-m layout-normal text-serif-m layout-padded\">\u00abBillettene i denne prisklassen vil bli tildelt spesifikt til supportere av kvalifiserte lag, og utvelgelses- og distribusjonsprosessen vil bli h\u00e5ndtert individuelt av de deltakende medlemsforbundene. Hvert medlemsforbund vil bestemme sine egne kvalifikasjonskriterier og hvordan s\u00f8knadsprosessen skal foreg\u00e5. De blir bedt om \u00e5 sikre at disse billettene blir tildelt lojale fans som har en n\u00e6r tilknytning til sine landslag\u00bb, skriver Fifa.<\/p>\n<p class=\"_paragraph_o9xde_4 _paragraph_xtcu6_10 layout-component text-serif-m layout-normal text-serif-m layout-padded\">Billettene til 60 dollar skal v\u00e6re tilgjengelig for alle 104 kamper, alts\u00e5 ogs\u00e5 finalen.<\/p>\n<p class=\"_paragraph_o9xde_4 _paragraph_xtcu6_10 layout-component text-serif-m layout-normal text-serif-m layout-padded\">Norge er i gruppe med Frankrike, Senegal og en av Irak\/Bolivia\/Surinam. Norge skal spille to puljekamper i Boston og \u00e9n i New York\/New Jersey.<\/p>\n","protected":false},"excerpt":{"rendered":"Det internasjonale fotballforbundet (Fifa) skal slippe VM-billetter til en langt mer overkommelig pris. Men hvem som kan s\u00f8ke&hellip;\n","protected":false},"author":2,"featured_media":114892,"comment_status":"","ping_status":"","sticky":false,"template":"","format":"standard","meta":{"footnotes":""},"categories":[5],"tags":[20,21,24,25,92,4472,8634,15,19,22,23,17,18,13,30,28,29,14,16,26,27],"class_list":{"0":"post-114891","1":"post","2":"type-post","3":"status-publish","4":"format-standard","5":"has-post-thumbnail","7":"category-overskrifter","8":"tag-breaking-news","9":"tag-breakingnews","10":"tag-featured-news","11":"tag-featurednews","12":"tag-fotball","13":"tag-fotball-vm","14":"tag-fotball-vm-2026","15":"tag-headlines","16":"tag-hovedoppslag","17":"tag-latest-news","18":"tag-latestnews","19":"tag-main-news","20":"tag-mainnews","21":"tag-news","22":"tag-no","23":"tag-norge","24":"tag-norway","25":"tag-nyheter","26":"tag-overskrifter","27":"tag-top-stories","28":"tag-topstories"},"share_on_mastodon":{"url":"https:\/\/pubeurope.com\/@no\/115730712314123428","error":""},"_links":{"self":[{"href":"https:\/\/www.europesays.com\/no\/wp-json\/wp\/v2\/posts\/114891","targetHints":{"allow":["GET"]}}],"collection":[{"href":"https:\/\/www.europesays.com\/no\/wp-json\/wp\/v2\/posts"}],"about":[{"href":"https:\/\/www.europesays.com\/no\/wp-json\/wp\/v2\/types\/post"}],"author":[{"embeddable":true,"href":"https:\/\/www.europesays.com\/no\/wp-json\/wp\/v2\/users\/2"}],"replies":[{"embeddable":true,"href":"https:\/\/www.europesays.com\/no\/wp-json\/wp\/v2\/comments?post=114891"}],"version-history":[{"count":0,"href":"https:\/\/www.europesays.com\/no\/wp-json\/wp\/v2\/posts\/114891\/revisions"}],"wp:featuredmedia":[{"embeddable":true,"href":"https:\/\/www.europesays.com\/no\/wp-json\/wp\/v2\/media\/114892"}],"wp:attachment":[{"href":"https:\/\/www.europesays.com\/no\/wp-json\/wp\/v2\/media?parent=114891"}],"wp:term":[{"taxonomy":"category","embeddable":true,"href":"https:\/\/www.europesays.com\/no\/wp-json\/wp\/v2\/categories?post=114891"},{"taxonomy":"post_tag","embeddable":true,"href":"https:\/\/www.europesays.com\/no\/wp-json\/wp\/v2\/tags?post=114891"}],"curies":[{"name":"wp","href":"https:\/\/api.w.org\/{rel}","templated":true}]}}