{"id":114897,"date":"2025-12-16T18:49:10","date_gmt":"2025-12-16T18:49:10","guid":{"rendered":"https:\/\/www.europesays.com\/no\/114897\/"},"modified":"2025-12-16T18:49:10","modified_gmt":"2025-12-16T18:49:10","slug":"det-er-en-helt-ny-situasjon","status":"publish","type":"post","link":"https:\/\/www.europesays.com\/no\/114897\/","title":{"rendered":"Det er en helt ny situasjon"},"content":{"rendered":"<p class=\"extendedContent hyperion-css-hxzb59\" data-test-tag=\"lead-text\">Helt overraskende sikret Frp seier for Dag Mossige (Ap) og de r\u00f8d-gr\u00f8nne. N\u00e5 er det de som bestemmer hva ordf\u00f8reren skal gj\u00f8re. <\/p>\n<p><img decoding=\"async\" class=\"image-asset hyperion-css-u06ts1\" data-test-tag=\"image-asset\" src=\"https:\/\/www.europesays.com\/no\/wp-content\/uploads\/2025\/12\/59d1495a-0458-421c-bfa2-38e559001371\"  alt=\"Et stort glis dagen derp\u00e5 for Dag Mossige (Ap). Budsjettet hans fikk flertall i bystyret mandag. \"  loading=\"eager\" fetchpriority=\"high\" style=\"aspect-ratio:1900 \/ 995\"\/>Et stort glis dagen derp\u00e5 for Dag Mossige (Ap). Budsjettet hans fikk flertall i bystyret mandag. Foto: P\u00e5l Christensen \/ AftenbladetPublisert: Publisert: <\/p>\n<p>For mindre enn 2 timer siden<\/p>\n<p class=\"hyperion-css-1qm9e9t\">Les hele saken med abonnement<\/p>\n<p>Allerede abonnent? Logg inn<\/p>\n","protected":false},"excerpt":{"rendered":"Helt overraskende sikret Frp seier for Dag Mossige (Ap) og de r\u00f8d-gr\u00f8nne. N\u00e5 er det de som bestemmer&hellip;\n","protected":false},"author":2,"featured_media":114898,"comment_status":"","ping_status":"","sticky":false,"template":"","format":"standard","meta":{"footnotes":""},"categories":[10],"tags":[20,21,24,25,15,22,23,13,30,28,29,14,16,26,27],"class_list":{"0":"post-114897","1":"post","2":"type-post","3":"status-publish","4":"format-standard","5":"has-post-thumbnail","7":"category-norge","8":"tag-breaking-news","9":"tag-breakingnews","10":"tag-featured-news","11":"tag-featurednews","12":"tag-headlines","13":"tag-latest-news","14":"tag-latestnews","15":"tag-news","16":"tag-no","17":"tag-norge","18":"tag-norway","19":"tag-nyheter","20":"tag-overskrifter","21":"tag-top-stories","22":"tag-topstories"},"share_on_mastodon":{"url":"https:\/\/pubeurope.com\/@no\/115730747764484855","error":""},"_links":{"self":[{"href":"https:\/\/www.europesays.com\/no\/wp-json\/wp\/v2\/posts\/114897","targetHints":{"allow":["GET"]}}],"collection":[{"href":"https:\/\/www.europesays.com\/no\/wp-json\/wp\/v2\/posts"}],"about":[{"href":"https:\/\/www.europesays.com\/no\/wp-json\/wp\/v2\/types\/post"}],"author":[{"embeddable":true,"href":"https:\/\/www.europesays.com\/no\/wp-json\/wp\/v2\/users\/2"}],"replies":[{"embeddable":true,"href":"https:\/\/www.europesays.com\/no\/wp-json\/wp\/v2\/comments?post=114897"}],"version-history":[{"count":0,"href":"https:\/\/www.europesays.com\/no\/wp-json\/wp\/v2\/posts\/114897\/revisions"}],"wp:featuredmedia":[{"embeddable":true,"href":"https:\/\/www.europesays.com\/no\/wp-json\/wp\/v2\/media\/114898"}],"wp:attachment":[{"href":"https:\/\/www.europesays.com\/no\/wp-json\/wp\/v2\/media?parent=114897"}],"wp:term":[{"taxonomy":"category","embeddable":true,"href":"https:\/\/www.europesays.com\/no\/wp-json\/wp\/v2\/categories?post=114897"},{"taxonomy":"post_tag","embeddable":true,"href":"https:\/\/www.europesays.com\/no\/wp-json\/wp\/v2\/tags?post=114897"}],"curies":[{"name":"wp","href":"https:\/\/api.w.org\/{rel}","templated":true}]}}