{"id":114899,"date":"2025-12-16T18:50:10","date_gmt":"2025-12-16T18:50:10","guid":{"rendered":"https:\/\/www.europesays.com\/no\/114899\/"},"modified":"2025-12-16T18:50:10","modified_gmt":"2025-12-16T18:50:10","slug":"kritiseres-for-brynhildsen-behandling-na-svarer-bodo-glimt","status":"publish","type":"post","link":"https:\/\/www.europesays.com\/no\/114899\/","title":{"rendered":"Kritiseres for Brynhildsen-behandling &#8211; n\u00e5 svarer Bod\u00f8\/Glimt"},"content":{"rendered":"\n<p class=\"_lead_o9xde_2 _lead_xtcu6_50 layout-component text-serif-m layout-normal text-serif-l layout-component layout-wide layout-padded _wide_17hqh_1 layout-padded\">Midtjylland-treneren er kritisk til jobben Bod\u00f8\/Glimts medisinske apparat har gjort med skadene til Ola Brynhildsen denne h\u00f8sten. Glimt-legen svarer.<\/p>\n<p><img alt=\"Ola Brynhildsen var mye plaget med skader under oppholdet i Bod\u00f8\/Glimt.&#10;Foto: Mats Torbergsen \/ NTB\" class=\"_image_qp4xg_65 layout-component layout-wide\" data-fullscreen- data-track-element-type=\"Article image fullscreen\" data-track-name=\"ImageFullscreen\" fetchpriority=\"high\" decoding=\"sync\" loading=\"eager\" height=\"3366\" itemprop=\"image\"  src=\"https:\/\/www.europesays.com\/no\/wp-content\/uploads\/2025\/12\/05127d7b-2ca7-4ae3-9de2-ab201fea8c09\"  style=\"object-position:0% 0%\" width=\"5049\"\/>Ola Brynhildsen var mye plaget med skader under oppholdet i Bod\u00f8\/Glimt.<br \/>\nFoto: Mats Torbergsen \/ NTB<\/p>\n<ul aria-hidden=\"true\" class=\"_images_ntbth_112\">\n<li><a class=\"_link_ntbth_117\" href=\"https:\/\/www.vg.no\/forfatter\/ntb\" style=\"z-index:1\" title=\"NTB\" rel=\"nofollow noopener\" target=\"_blank\"><img alt=\"Bilde av NTB\" class=\"_image_ntbth_93\" fetchpriority=\"low\" loading=\"lazy\" decoding=\"async\" itemprop=\"image\"  src=\"https:\/\/www.europesays.com\/no\/wp-content\/uploads\/2025\/12\/1765911010_853_c33980b0-5d07-4027-84a1-813f90a7c8d6\"  width=\"480\"\/><\/a><\/li>\n<\/ul>\n<p> Oppdatert tirsdag 16. desember kl. 18:24    <\/p>\n<ul class=\"_list_o9xde_3 _list_64s2r_85 _unordered_o9xde_106 text-sans-m\">\n<li class=\"_item_o9xde_30\">Midtjylland-trener Mike Tullberg kritiserer Bod\u00f8\/Glimts medisinske apparat rundt Ola Brynhildsens skader.<\/li>\n<li class=\"_item_o9xde_30\">Tullberg mener Brynhildsen kom tilbake i d\u00e5rlig forfatning og hevder skaden ikke ble behandlet ordentlig.<\/li>\n<li class=\"_item_o9xde_30\">Glimt-lege Morten S\u00f8rg\u00e5rd avviser kritikken og sier dialogen mellom klubbene har v\u00e6rt god gjennom h\u00f8sten.<\/li>\n<\/ul>\n<p>Vis mer <\/p>\n<p class=\"_paragraph_o9xde_4 _paragraph_xtcu6_10 layout-component text-serif-m layout-normal text-serif-m layout-padded\">Brynhildsen ble hentet til Glimt p\u00e5 en l\u00e5neavtale i september, men skader har f\u00f8rt til at han ikke fikk s\u00e6rlig mye spilletid.<\/p>\n<p class=\"_paragraph_o9xde_4 _paragraph_xtcu6_10 layout-component text-serif-m layout-normal text-serif-m layout-padded\">N\u00e5 er han tilbake i Midtjylland, der de ikke er forn\u00f8yd med behandlingen skadeplagene til kantspilleren har f\u00e5tt.<\/p>\n<p class=\"_paragraph_o9xde_4 _paragraph_xtcu6_10 layout-component text-serif-m layout-normal text-serif-m layout-padded\"> \u2013 Alle som har kontrakt f\u00e5r en fair sjanse, selvf\u00f8lgelig. Men han kommer tilbake i en veldig d\u00e5rlig forfatning, ettersom det er en skade som ikke har blitt behandlet ordentlig, sier Midtjylland-trener Mike Tullberg til danske <a href=\"https:\/\/bold.dk\/fodbold\/stillinger\/superligaen\/nyheder\/tullberg-langer-ud-efter-bodo-et-rigtig-skidt-forlob\" class=\"_link_o9xde_39\" rel=\"nofollow noopener\" target=\"_blank\">Bold.<\/a><\/p>\n<p class=\"_paragraph_o9xde_4 _paragraph_xtcu6_10 layout-component text-serif-m layout-normal text-serif-m layout-padded\">\u2013 Det har v\u00e6rt en veldig d\u00e5rlig prosess der oppe, hvor ting ikke har blitt gjort slik de burde, fortsetter treneren.<\/p>\n<p class=\"_paragraph_o9xde_4 _paragraph_xtcu6_10 layout-component text-serif-m layout-normal text-serif-m layout-padded\"><a href=\"https:\/\/www.nettavisen.no\/sport\/langer-ut-mot-bodo-glimt-i-veldig-darlig-forfatning\/s\/5-95-2783522\" class=\"_link_o9xde_39\" rel=\"nofollow noopener\" target=\"_blank\">Nettavisen <\/a> har kontaktet Glimt-lege Morten S\u00f8rg\u00e5rd. Han mener dialogen mellom klubbene har v\u00e6rt god gjennom h\u00f8sten.<\/p>\n<p class=\"_paragraph_o9xde_4 _paragraph_xtcu6_10 layout-component text-serif-m layout-normal text-serif-m layout-padded\">\u2013 Midtjylland har for \u00f8vrig ikke kommet med endringsforslag eller innspill til rehabiliteringen underveis, men har hatt en h\u00e5nd p\u00e5 rattet hele veien. Uttalelsene faller derfor p\u00e5 sin egen urimelighet. I beste fall er treneren feilsitert, i verste fall d\u00e5rlig informert, sier S\u00f8rg\u00e5rd.<\/p>\n","protected":false},"excerpt":{"rendered":"Midtjylland-treneren er kritisk til jobben Bod\u00f8\/Glimts medisinske apparat har gjort med skadene til Ola Brynhildsen denne h\u00f8sten. Glimt-legen&hellip;\n","protected":false},"author":2,"featured_media":114900,"comment_status":"","ping_status":"","sticky":false,"template":"","format":"standard","meta":{"footnotes":""},"categories":[5],"tags":[517,20,21,24,25,92,15,19,22,23,17,18,13,30,28,29,14,3970,16,26,27],"class_list":{"0":"post-114899","1":"post","2":"type-post","3":"status-publish","4":"format-standard","5":"has-post-thumbnail","7":"category-overskrifter","8":"tag-bodo-glimt","9":"tag-breaking-news","10":"tag-breakingnews","11":"tag-featured-news","12":"tag-featurednews","13":"tag-fotball","14":"tag-headlines","15":"tag-hovedoppslag","16":"tag-latest-news","17":"tag-latestnews","18":"tag-main-news","19":"tag-mainnews","20":"tag-news","21":"tag-no","22":"tag-norge","23":"tag-norway","24":"tag-nyheter","25":"tag-ola-brynhildsen","26":"tag-overskrifter","27":"tag-top-stories","28":"tag-topstories"},"share_on_mastodon":{"url":"https:\/\/pubeurope.com\/@no\/115730751557448221","error":""},"_links":{"self":[{"href":"https:\/\/www.europesays.com\/no\/wp-json\/wp\/v2\/posts\/114899","targetHints":{"allow":["GET"]}}],"collection":[{"href":"https:\/\/www.europesays.com\/no\/wp-json\/wp\/v2\/posts"}],"about":[{"href":"https:\/\/www.europesays.com\/no\/wp-json\/wp\/v2\/types\/post"}],"author":[{"embeddable":true,"href":"https:\/\/www.europesays.com\/no\/wp-json\/wp\/v2\/users\/2"}],"replies":[{"embeddable":true,"href":"https:\/\/www.europesays.com\/no\/wp-json\/wp\/v2\/comments?post=114899"}],"version-history":[{"count":0,"href":"https:\/\/www.europesays.com\/no\/wp-json\/wp\/v2\/posts\/114899\/revisions"}],"wp:featuredmedia":[{"embeddable":true,"href":"https:\/\/www.europesays.com\/no\/wp-json\/wp\/v2\/media\/114900"}],"wp:attachment":[{"href":"https:\/\/www.europesays.com\/no\/wp-json\/wp\/v2\/media?parent=114899"}],"wp:term":[{"taxonomy":"category","embeddable":true,"href":"https:\/\/www.europesays.com\/no\/wp-json\/wp\/v2\/categories?post=114899"},{"taxonomy":"post_tag","embeddable":true,"href":"https:\/\/www.europesays.com\/no\/wp-json\/wp\/v2\/tags?post=114899"}],"curies":[{"name":"wp","href":"https:\/\/api.w.org\/{rel}","templated":true}]}}