{"id":114905,"date":"2025-12-16T19:03:18","date_gmt":"2025-12-16T19:03:18","guid":{"rendered":"https:\/\/www.europesays.com\/no\/114905\/"},"modified":"2025-12-16T19:03:18","modified_gmt":"2025-12-16T19:03:18","slug":"kjendiser-ankommer-den-rod-loperen-for-eksklusiv-avatar","status":"publish","type":"post","link":"https:\/\/www.europesays.com\/no\/114905\/","title":{"rendered":"Kjendiser ankommer den r\u00f8d l\u00f8peren for eksklusiv \u00abAvatar"},"content":{"rendered":"<p class=\"kicker \" style=\"\">Filmpremiere:<\/p>\n<p>  Det er duket for eksklusiv filmpremiere i Oslo. Se alle bildene fra arrangementet her!<\/p>\n<p>\n    DUKKET OPP: Prinsesse M\u00e4rtha Louise og Durek Verrett er p\u00e5 plass til filmpremieren. Foto: Shad Madian\n  <\/p>\n<p>Tirsdag kveld har flere kjente fjes tatt turen til\u00a0Odeon kino i Oslo, i anledning en lukket og eksklusiv Norgespremiere p\u00e5 Disneys nye \u00abAvatar &#8211; Fire &amp; Ash\u00bb.\u00a0<\/p>\n<p>Filmen er den tredje utgaven i den popul\u00e6re \u00abAvatar\u00bb-serien og er i kjent stil regissert av James Cameron. Han st\u00e5r ogs\u00e5 bak andre storfilmer som \u00abTitanic\u00bb og\u00a0\u00abThe Terminator\u00bb.<\/p>\n<p>    <a itemprop=\"url\" href=\"https:\/\/www.seher.no\/kongelig\/julen-i-fare\/83992181\" rel=\"nofollow noopener\" target=\"_blank\"><\/p>\n<p>        <img loading=\"lazy\" decoding=\"async\" src=\"https:\/\/www.europesays.com\/no\/wp-content\/uploads\/2025\/12\/83992458.webp\" width=\"147\" height=\"98\" title=\"Julen i fare\" alt=\"\" class=\"lazyload\" style=\"--aspect-ratio-image: 1.50; \"\/><\/p>\n<p>        Julen i fare<\/p>\n<p>    <\/a><\/p>\n<p>Prinsesse M\u00e4rtha Louise og Durek Verrett er blant de som har ankommet l\u00f8peren og til Se og H\u00f8r letter de p\u00e5 sl\u00f8ret om juleplanene.\u00a0<\/p>\n<p>&#8211; Vi skal tilbringe julen med familien, forteller Verrett.<\/p>\n<p>&#8211; Vi er veldig spente, og vi er ogs\u00e5 spente p\u00e5 \u00e5 v\u00e6re p\u00e5 Avatar-premieren, legger prinsessen til.\u00a0<\/p>\n<p>P\u00e5 et sp\u00f8rsm\u00e5l om hva de tenker om en norsk jul, svarer Verrett at han hadde h\u00e5pet p\u00e5 \u00e5 f\u00e5 en hvit jul i \u00e5r, men:<\/p>\n<p>        PROVOSERER: Traileren til M\u00e4rtha Louise og Durek Verretts bryllupsdokumentar har satt sinnene i kok. Video: Netflix \/ Trailer: \u00abRebel Royals: An Unlikely Love Story\u00bb \/\/ Reporter: H\u00e5vard Bj\u00f8rnerem<\/p>\n<p>&#8211; Jeg elsker det, og med gr\u00f8ten og nissen. Jeg liker \u00e5 danse rundt juletreet. Det er noen av favoritt-tingene mine. Jeg elsker norsk jul.\u00a0<\/p>\n<p>&#8211; Jeg tror vi har mer tradisjoner enn amerikanerne, som blant annet \u00e5 g\u00e5 rundt juletreet og \u00e5 gj\u00f8re s\u00e5nne tradisjonelle ting, forteller prinsessen, og legger til at paret har som tradisjon \u00e5 danse rundt treet.\u00a0<\/p>\n<p class=\"font-weight-bold m-font-weight-bold\" data-lab-font_weight=\"font-weight-bold\">Se bildene fra premieren her:<\/p>\n<p>        <img loading=\"lazy\" decoding=\"async\" src=\"https:\/\/www.europesays.com\/no\/wp-content\/uploads\/2025\/12\/83994192.webp\" width=\"686\" height=\"1029\" title=\"Foto: Shad Madian\" alt=\"\" class=\"\" style=\"--aspect-ratio-image: 0.67; \"\/><\/p>\n<p>\n        Foto: Shad Madian\n    <\/p>\n<p>        <img loading=\"lazy\" decoding=\"async\" src=\"https:\/\/www.europesays.com\/no\/wp-content\/uploads\/2025\/12\/83994086.webp\" width=\"686\" height=\"1029\" title=\"Foto: Shad Madian\" alt=\"\" class=\"\" style=\"--aspect-ratio-image: 0.67; \"\/><\/p>\n<p>\n        Foto: Shad Madian\n    <\/p>\n<p>        <img loading=\"lazy\" decoding=\"async\" src=\"https:\/\/www.europesays.com\/no\/wp-content\/uploads\/2025\/12\/83994082.webp\" width=\"667\" height=\"768\" title=\"Foto: Shad Madian\" alt=\"\" class=\"\" style=\"--aspect-ratio-image: 0.87; \"\/><\/p>\n<p>\n        Foto: Shad Madian\n    <\/p>\n<p>        <img loading=\"lazy\" decoding=\"async\" src=\"https:\/\/www.europesays.com\/no\/wp-content\/uploads\/2025\/12\/83994036.webp\" width=\"686\" height=\"1029\" title=\"Foto: Shad Madian\" alt=\"\" class=\"\" style=\"--aspect-ratio-image: 0.67; \"\/><\/p>\n<p>\n        Foto: Shad Madian\n    <\/p>\n<p>        <img loading=\"lazy\" decoding=\"async\" src=\"https:\/\/www.europesays.com\/no\/wp-content\/uploads\/2025\/12\/83994033.webp\" width=\"980\" height=\"559\" title=\"Foto: Shad Madian\" alt=\"\" class=\"\" style=\"--aspect-ratio-image: 1.75; \"\/><\/p>\n<p>\n        Foto: Shad Madian\n    <\/p>\n<p>        <img loading=\"lazy\" decoding=\"async\" src=\"https:\/\/www.europesays.com\/no\/wp-content\/uploads\/2025\/12\/83994030.webp\" width=\"686\" height=\"1029\" title=\"Foto: Shad Madian\" alt=\"\" class=\"\" style=\"--aspect-ratio-image: 0.67; \"\/><\/p>\n<p>\n        Foto: Shad Madian\n    <\/p>\n","protected":false},"excerpt":{"rendered":"Filmpremiere: Det er duket for eksklusiv filmpremiere i Oslo. Se alle bildene fra arrangementet her! DUKKET OPP: Prinsesse&hellip;\n","protected":false},"author":2,"featured_media":114906,"comment_status":"","ping_status":"","sticky":false,"template":"","format":"standard","meta":{"footnotes":""},"categories":[58],"tags":[11184,71,12368,479,2543,30,28,29,5825,72],"class_list":{"0":"post-114905","1":"post","2":"type-post","3":"status-publish","4":"format-standard","5":"has-post-thumbnail","7":"category-underholdning","8":"tag-avatar","9":"tag-entertainment","10":"tag-filmpremiere","11":"tag-kjendis","12":"tag-kjendisdesken","13":"tag-no","14":"tag-norge","15":"tag-norway","16":"tag-rod-loper","17":"tag-underholdning"},"share_on_mastodon":{"url":"https:\/\/pubeurope.com\/@no\/115730802783695533","error":""},"_links":{"self":[{"href":"https:\/\/www.europesays.com\/no\/wp-json\/wp\/v2\/posts\/114905","targetHints":{"allow":["GET"]}}],"collection":[{"href":"https:\/\/www.europesays.com\/no\/wp-json\/wp\/v2\/posts"}],"about":[{"href":"https:\/\/www.europesays.com\/no\/wp-json\/wp\/v2\/types\/post"}],"author":[{"embeddable":true,"href":"https:\/\/www.europesays.com\/no\/wp-json\/wp\/v2\/users\/2"}],"replies":[{"embeddable":true,"href":"https:\/\/www.europesays.com\/no\/wp-json\/wp\/v2\/comments?post=114905"}],"version-history":[{"count":0,"href":"https:\/\/www.europesays.com\/no\/wp-json\/wp\/v2\/posts\/114905\/revisions"}],"wp:featuredmedia":[{"embeddable":true,"href":"https:\/\/www.europesays.com\/no\/wp-json\/wp\/v2\/media\/114906"}],"wp:attachment":[{"href":"https:\/\/www.europesays.com\/no\/wp-json\/wp\/v2\/media?parent=114905"}],"wp:term":[{"taxonomy":"category","embeddable":true,"href":"https:\/\/www.europesays.com\/no\/wp-json\/wp\/v2\/categories?post=114905"},{"taxonomy":"post_tag","embeddable":true,"href":"https:\/\/www.europesays.com\/no\/wp-json\/wp\/v2\/tags?post=114905"}],"curies":[{"name":"wp","href":"https:\/\/api.w.org\/{rel}","templated":true}]}}