{"id":114919,"date":"2025-12-16T19:28:13","date_gmt":"2025-12-16T19:28:13","guid":{"rendered":"https:\/\/www.europesays.com\/no\/114919\/"},"modified":"2025-12-16T19:28:13","modified_gmt":"2025-12-16T19:28:13","slug":"til-minne-om-asmund-larsen","status":"publish","type":"post","link":"https:\/\/www.europesays.com\/no\/114919\/","title":{"rendered":"Til minne om \u00c5smund Larsen"},"content":{"rendered":"<p>\u00c5smund Larsen fikk g\u00e5 videre til Jesus den 3. desember 2025. I takknemlighet minnes vi en god mann og venn i manges liv, ogs\u00e5 for oss i v\u00e5r lille flokk, i Alta Frikirke.<\/p>\n<p>Vi har v\u00e6rt velsignet med \u00c5smund iblant oss. Han var alltid raus og mild. Vi fikk oppleve en praktisk anlagt mann, en samvittighetsfull diakon og d\u00f8rvert m.m. i en god del \u00e5r. \u00a0Han tok del i arbeidet som fantes, og han deltok gjerne sammen med andre.<\/p>\n<p>Vi har ledd en god del sammen. S\u00e6rlig fordi \u00c5smund var en god historieforteller, riktignok aldri p\u00e5 andres bekostning. Flere minnes \u00c5smund med p\u00e5 tur under menighetens St. Hans grillinger ved Altaelva. Artige historier ble delt, gjerne de med litt spenning i. Kanskje s\u00e6rlig historier fra tida da laksen kunne g\u00e5 opp Altadalen &#8211; og ned Tverrelvdalen.<\/p>\n<p>Vi ble sett av \u00c5smund, b\u00e5de de sm\u00e5 og vi store. Han s\u00e5 ogs\u00e5 s\u00e6rlig den som hadde vanskelige dager. Han var flink \u00e5 yte omsorg, ja eide en fin og var samvittighet ovenfor sitt medmenneske. Han kunne lytte og dele velvalgte ord, glede seg med den glade, og gr\u00e5te med den som gr\u00e5t.<\/p>\n<p>Vi har et tomrom \u00e5 fylle i v\u00e5r sammenheng. Ja, ganske mange sammenhenger har et tomrom n\u00e5. Aller mest skj\u00f8nner vi at hans kj\u00e6reste Guri og familien kjenner p\u00e5 et tomrom etter \u00c5smund. En tom stol er en ting, men at hans store hjerterom mangler i hverdagen n\u00e5, vil merkes. \u00c5smund fikk liksom vise oss litt av v\u00e5r Fars store hjerterom, gjennom det han fikk bety som \u00abfar\u00bb for oss andre. Det blir en glede \u00e5 treffe \u00c5smund igjen hos Far, som fikk prege ham alt her, p\u00e5 en s\u00e5 fin m\u00e5te.<\/p>\n<p>P\u00e5 Frikirka reiste vi oss til ett minutts stillhet den f\u00f8rste gudstjeneste i desember. Det betydde litt for oss i v\u00e5r sorg. Mer betydningsfullt er det nok om vi alle som kjente \u00c5smund, kan vise Guri og familien en god vilje til \u00e5 v\u00e6re tilstede noen \u00abminutter til\u00bb. Dette ogs\u00e5 med takknemlighet fordi vi fikk \u00abl\u00e5ne\u00bb deres kj\u00e6re \u00c5smund s\u00e5 mange stunder. La oss i v\u00e5re b\u00f8nner og med omsorg l\u00f8fte \u00c5smunds kj\u00e6re opp, og se til dem i sorgen. Dette etter \u00c5smunds forbilde, og ogs\u00e5 gjerne dele de felles minnene vi jo har etter en god mann.<\/p>\n<p>Fra oss i Frikirken: Det er bare gode minner vi sitter igjen med. \u00c5smund ble for oss en god venn og en god Broder. En mann vel verd \u00e5 s\u00f8rge over, og \u00e5 v\u00e6re takknemlige over \u00e5 ha f\u00e5tt lov \u00e5 kalle v\u00e5r bror!<\/p>\n<p><strong>Fred over \u00c5smunds minne!<\/strong><\/p>\n<p><strong>P\u00e5 vegne av Alta Frikirke<\/strong><\/p>\n<p><strong>Yngve Andersen, pastor<\/strong><\/p>\n<p><img decoding=\"async\" src=\"data:image\/gif;base64,R0lGODlhEAAJAIAAAP\/\/\/wAAACH5BAEAAAAALAAAAAAQAAkAAAIKhI+py+0Po5yUFQA7\" alt=\"\"\/><br \/>\n  \u00c5smund Larsen.<br \/>\n  <strong>Foto:<\/strong> Privat<\/p>\n<p>Send inn ditt debattinnlegg til redaksjonen@altaposten.no, og merk innlegget med Debatt<\/p>\n","protected":false},"excerpt":{"rendered":"\u00c5smund Larsen fikk g\u00e5 videre til Jesus den 3. desember 2025. I takknemlighet minnes vi en god mann&hellip;\n","protected":false},"author":2,"featured_media":114920,"comment_status":"","ping_status":"","sticky":false,"template":"","format":"standard","meta":{"footnotes":""},"categories":[10],"tags":[20,21,24,25,15,22,23,13958,692,13,30,28,29,14,16,26,27],"class_list":{"0":"post-114919","1":"post","2":"type-post","3":"status-publish","4":"format-standard","5":"has-post-thumbnail","7":"category-norge","8":"tag-breaking-news","9":"tag-breakingnews","10":"tag-featured-news","11":"tag-featurednews","12":"tag-headlines","13":"tag-latest-news","14":"tag-latestnews","15":"tag-minne","16":"tag-minneord","17":"tag-news","18":"tag-no","19":"tag-norge","20":"tag-norway","21":"tag-nyheter","22":"tag-overskrifter","23":"tag-top-stories","24":"tag-topstories"},"share_on_mastodon":{"url":"https:\/\/pubeurope.com\/@no\/115730900845978391","error":""},"_links":{"self":[{"href":"https:\/\/www.europesays.com\/no\/wp-json\/wp\/v2\/posts\/114919","targetHints":{"allow":["GET"]}}],"collection":[{"href":"https:\/\/www.europesays.com\/no\/wp-json\/wp\/v2\/posts"}],"about":[{"href":"https:\/\/www.europesays.com\/no\/wp-json\/wp\/v2\/types\/post"}],"author":[{"embeddable":true,"href":"https:\/\/www.europesays.com\/no\/wp-json\/wp\/v2\/users\/2"}],"replies":[{"embeddable":true,"href":"https:\/\/www.europesays.com\/no\/wp-json\/wp\/v2\/comments?post=114919"}],"version-history":[{"count":0,"href":"https:\/\/www.europesays.com\/no\/wp-json\/wp\/v2\/posts\/114919\/revisions"}],"wp:featuredmedia":[{"embeddable":true,"href":"https:\/\/www.europesays.com\/no\/wp-json\/wp\/v2\/media\/114920"}],"wp:attachment":[{"href":"https:\/\/www.europesays.com\/no\/wp-json\/wp\/v2\/media?parent=114919"}],"wp:term":[{"taxonomy":"category","embeddable":true,"href":"https:\/\/www.europesays.com\/no\/wp-json\/wp\/v2\/categories?post=114919"},{"taxonomy":"post_tag","embeddable":true,"href":"https:\/\/www.europesays.com\/no\/wp-json\/wp\/v2\/tags?post=114919"}],"curies":[{"name":"wp","href":"https:\/\/api.w.org\/{rel}","templated":true}]}}