{"id":11492,"date":"2025-08-18T15:25:19","date_gmt":"2025-08-18T15:25:19","guid":{"rendered":"https:\/\/www.europesays.com\/no\/11492\/"},"modified":"2025-08-18T15:25:19","modified_gmt":"2025-08-18T15:25:19","slug":"videregaende-skole-lom-apnet-privat-videregaende-i-lom","status":"publish","type":"post","link":"https:\/\/www.europesays.com\/no\/11492\/","title":{"rendered":"Videreg\u00e5ende skole, Lom | \u00c5pnet privat videreg\u00e5ende i Lom"},"content":{"rendered":"\n<p>Saken oppdateres. <\/p>\n<p>Mange foreldre, elever og politikere m\u00f8tte opp da den nye skolen \u00e5pnet p\u00e5 f\u00f8rste skoledag.<\/p>\n<p>Etter flere nedleggelser av videreg\u00e5ende skoler i Innlandet, som f\u00f8rte til store protester, kunne blant andre Sp-leder Trygve Slagsvold Vedum forn\u00f8yd \u00e5pne et nytt tilbud for elevene.<\/p>\n<p>\u2013 Vi er veldig klare for skolestart og har pyntet oss for det. Vi var aldri i tvil om at vi skulle g\u00e5 i Lom p\u00e5 privatistskolen og g\u00e5 sammen med klassekameratene, sier Tonje B\u00e5rdseng fra Skj\u00e5k og G\u00f8ril Str\u00f8mstad fra V\u00e5g\u00e5 til <a href=\"https:\/\/www.nrk.no\/innlandet\/heile-lom-flaggar-for-ny-skule_-_-festdag_-1.17530974\" rel=\"Follow nofollow noopener\" target=\"_blank\">NRK.<\/a><\/p>\n<p>  <a href=\"https:\/\/www.nationen.no\/5-148-776080\" class=\"related-teaser has-image default-gallery-teaser article--c-eRUmMG article--c-eRUmMG-jKCPdD-design-default\" rel=\"nofollow noopener\" target=\"_blank\"><\/p>\n<p>    <img decoding=\"async\" loading=\"lazy\"  src=\"https:\/\/www.europesays.com\/no\/wp-content\/uploads\/2025\/08\/0ac092df-61c0-4641-93aa-279d7a49e517.jpeg\" alt=\"\" class=\"brick-c-cFOWSL\" style=\"\"\/><\/p>\n<p>\n            Bildeserie<\/p>\n<p>              Se bilder av \u00e5pning av ny privatistskole\n        <\/p>\n<p>  <\/a><br \/>\n  \u2013 Bredt og desentralisert tilbud<\/p>\n<p>Det skal ogs\u00e5 v\u00e6re duket for en politisk debatt om skole- og distriktspolitikk i forbindelse med \u00e5pningen. Dit kom ogs\u00e5 partilederne Sylvi Listhaug (Frp) og Bj\u00f8rnar Moxnes (R\u00f8dt). Sps Emilie Enger Mehl var ogs\u00e5 til stede.<\/p>\n<p>Sylvi Listhaug mener den nye skolen er et viktig for elevene i Lom.<\/p>\n<p>\u2013 Jeg synes det er en stor verdi at det er et bredt og desentralisert tilbud av videreg\u00e5ende utdanning over hele landet. Jeg har bes\u00f8kt Lom, og vet hvor viktig den videreg\u00e5ende skolen er for kommunen og hele regionen. For ungdommen, foreldrene, besteforeldrene \u2013 og ikke minst n\u00e6ringslivet \u2013 der mange av de unge jobber ved siden av skolen, skriver Listhaug i en e-post til <a href=\"https:\/\/www.nettavisen.no\/nyheter\/lokalt-engasjement-sikret-ny-videregaende-skole-i-lom\/s\/5-95-2568214\" rel=\"Follow nofollow noopener\" target=\"_blank\">Nettavisen.<\/a><\/p>\n<p>   <img decoding=\"async\" width=\"1200\" height=\"800\" fetchpriority=\"low\"  loading=\"lazy\"  src=\"https:\/\/www.europesays.com\/no\/wp-content\/uploads\/2025\/08\/TT_03457.jpeg\" alt=\"\" class=\"brick-c-cFOWSL\" style=\"--brick-image-ratio: 1200 \/ 800;\"\/><\/p>\n<p>    Sylvi Listhaug var en av dem som skulle delta i den politiske debatten.<br \/>\n    Foto: Truls Telle\n  <\/p>\n<p>Rundt 65 millioner kroner er samlet inn av av lokale bidragsytere, b\u00e5de bedrifter og privatpersoner. I tillegg har kommunene Lom, Skj\u00e5k og V\u00e5g\u00e5 lagt litt i potten.<\/p>\n<p>  <a href=\"https:\/\/www.nationen.no\/5-148-718968\" class=\"related-teaser has-image default-story-teaser article--c-eRUmMG article--c-eRUmMG-jKCPdD-design-default\" rel=\"nofollow noopener\" target=\"_blank\"><\/p>\n<p>    <img decoding=\"async\" loading=\"lazy\"  src=\"https:\/\/www.europesays.com\/no\/wp-content\/uploads\/2025\/08\/476405565_1686009515628689_1632799493557327347_n.jpg\" alt=\"\" class=\"brick-c-cFOWSL\" style=\"\"\/><\/p>\n<p>\n            Les ogs\u00e5<\/p>\n<p>              Samlet 55 milliloner: \u2013 Stolt av \u00e5 v\u00e6re fra bygda!\n        <\/p>\n<p>  <\/a><\/p>\n<p>\u2013 Entusiasmen og engasjementet rundt nyetableringen savner sidestykke. Alle prater om den nye skolen. Det merkes at samholdet har vokst, sier Tor Olav Mundal, rektor p\u00e5 Jotunheimen privatistskule, til Nettavisen.<\/p>\n<p>   <img decoding=\"async\" width=\"8192\" height=\"5464\" fetchpriority=\"low\"  loading=\"lazy\"  src=\"https:\/\/www.europesays.com\/no\/wp-content\/uploads\/2025\/08\/NTB_6cJEeIM7zt4.jpg\" alt=\"Lom 20250818. &#10;Offisiell \u00e5pning av privatskolen i Lom, samt politisk debatt om &#10;skole- og distriktspolitikk i forbindelse med \u00e5pningen av Jotunheimen privatistskole for V\u00e5g\u00e5, Lom og Skj\u00e5k i Lom i Gudbrandsdalen.&#10;Foto: Geir Olsen \/ NTB\" class=\"brick-c-cFOWSL\" style=\"--brick-image-ratio: 8192 \/ 5464;\"\/><\/p>\n<p>    Stort oppm\u00f8te under den offisielle \u00e5pningen av privatskolen i Lom.<br \/>\n    Foto: Geir Olsen \/ NTB\n  <\/p>\n<p>  <a href=\"https:\/\/www.nationen.no\/5-148-697532\" class=\"related-teaser has-image default-story-teaser article--c-eRUmMG article--c-eRUmMG-jKCPdD-design-default\" rel=\"nofollow noopener\" target=\"_blank\"><\/p>\n<p>    <img decoding=\"async\" loading=\"lazy\"  src=\"https:\/\/www.europesays.com\/no\/wp-content\/uploads\/2025\/08\/NTB_Bf0-HSSQrQA.jpg\" alt=\"\" class=\"brick-c-cFOWSL\" style=\"\"\/><\/p>\n<p>\n            Les ogs\u00e5<\/p>\n<p>              Avviser borgerlig frieri fra Sp: \u2013 Frekkhetens n\u00e5degave\n        <\/p>\n<p>  <\/a><br \/>\n  \u2013 \u00c5pen og inkluderende skole<\/p>\n<p>Skolen har ogs\u00e5 s\u00f8kt til Utdanningsdirektoratet om \u00e5 bli en kristen og offentlig finansiert privatskole etter privatskoleloven. De venter p\u00e5 svar p\u00e5 s\u00f8knaden.<\/p>\n<p>\u00abVi \u00f8nsker \u00e5 skape en \u00e5pen og inkluderende skole, der det er rom for livssyn, dannelse og refleksjon \u2013 og der hver elev blir m\u00f8tt med respekt, uavhengig av trosbakgrunn\u00bb, skriver skolen p\u00e5 sin egen hjemmeside.<\/p>\n<p>Skolen vil ha nynorsk som b\u00e5de undervisningsspr\u00e5k og administrasjonsspr\u00e5k.<\/p>\n<p>   <img decoding=\"async\" width=\"4032\" height=\"3024\" fetchpriority=\"low\"  loading=\"lazy\"  src=\"https:\/\/www.europesays.com\/no\/wp-content\/uploads\/2025\/08\/IMG_7015+(1)_1.jpg\" alt=\"\" class=\"brick-c-cFOWSL\" style=\"--brick-image-ratio: 4032 \/ 3024;\"\/><\/p>\n<p>    H\u00f8ytidelig hilsen og norske flagg under \u00e5pningen.<br \/>\n    Foto: Peter Stefanovic\n  <\/p>\n<p>  <a href=\"https:\/\/www.nationen.no\/5-148-697532\" class=\"related-teaser has-image default-story-teaser article--c-eRUmMG article--c-eRUmMG-jKCPdD-design-default\" rel=\"nofollow noopener\" target=\"_blank\"><\/p>\n<p>    <img decoding=\"async\" loading=\"lazy\"  src=\"https:\/\/www.europesays.com\/no\/wp-content\/uploads\/2025\/08\/NTB_Bf0-HSSQrQA.jpg\" alt=\"\" class=\"brick-c-cFOWSL\" style=\"\"\/><\/p>\n<p>\n            Les ogs\u00e5<\/p>\n<p>              Avviser borgerlig frieri fra Sp: \u2013 Frekkhetens n\u00e5degave\n        <\/p>\n<p>  <\/a><\/p>\n<p>   <img decoding=\"async\" width=\"5584\" height=\"3722\" fetchpriority=\"low\"  loading=\"lazy\"  src=\"https:\/\/www.europesays.com\/no\/wp-content\/uploads\/2025\/08\/NTB_lRNgWL6Q6z8+%281%29.jpg\" alt=\"Lom 20250818. &#10;Offisiell \u00e5pning av privatskolen i Lom, samt politisk debatt om &#10;skole- og distriktspolitikk i forbindelse med \u00e5pningen av Jotunheimen privatistskole for V\u00e5g\u00e5, Lom og Skj\u00e5k i Lom i Gudbrandsdalen.&#10;Foto: Geir Olsen \/ NTB\" class=\"brick-c-cFOWSL\" style=\"--brick-image-ratio: 5584 \/ 3722;\"\/><\/p>\n<p>    Elevene var klare for \u00e5 starte i f\u00f8rste klasse p\u00e5 videreg\u00e5ende skole.<br \/>\n    Foto: Geir Olsen \/ NTB\n  <\/p>\n<p>  <a href=\"https:\/\/www.nationen.no\/5-148-709013\" class=\"related-teaser has-image default-opinion-teaser article--c-eRUmMG article--c-eRUmMG-jKCPdD-design-default\" rel=\"nofollow noopener\" target=\"_blank\"><\/p>\n<p>    <img decoding=\"async\" loading=\"lazy\"  src=\"https:\/\/www.europesays.com\/no\/wp-content\/uploads\/2025\/08\/fb3c906d-5dee-42bf-8e41-4c8a66d8aaf9.jpeg\" alt=\"\" class=\"brick-c-cFOWSL\" style=\"\"\/><\/p>\n<p>\n            Les ogs\u00e5<\/p>\n<p>              Skolenedleggelser svekker beredskapen v\u00e5r\n        <\/p>\n<p>  <\/a><\/p>\n<p>  <a href=\"https:\/\/www.nationen.no\/5-148-686791\" class=\"related-teaser has-image default-story-teaser article--c-eRUmMG article--c-eRUmMG-jKCPdD-design-default\" rel=\"nofollow noopener\" target=\"_blank\"><\/p>\n<p>    <img decoding=\"async\" loading=\"lazy\"  src=\"https:\/\/www.europesays.com\/no\/wp-content\/uploads\/2025\/08\/476100241_664902032595798_1756690713600609931_n+%281%29.jpg\" alt=\"\" class=\"brick-c-cFOWSL\" style=\"\"\/><\/p>\n<p>\n            Les ogs\u00e5<\/p>\n<p>              Lokal bedrift \u00e5pner lommeboka for privatistskole i Lom\n        <\/p>\n<p>  <\/a><\/p>\n<p>Les mer om: artikkelemnene<\/p>\n","protected":false},"excerpt":{"rendered":"Saken oppdateres. Mange foreldre, elever og politikere m\u00f8tte opp da den nye skolen \u00e5pnet p\u00e5 f\u00f8rste skoledag. Etter&hellip;\n","protected":false},"author":2,"featured_media":11493,"comment_status":"","ping_status":"","sticky":false,"template":"","format":"standard","meta":{"footnotes":""},"categories":[10],"tags":[36,20,21,24,25,15,22,23,1431,13,30,28,29,14,16,804,1510,26,27,2209],"class_list":{"0":"post-11492","1":"post","2":"type-post","3":"status-publish","4":"format-standard","5":"has-post-thumbnail","7":"category-norge","8":"tag-art","9":"tag-breaking-news","10":"tag-breakingnews","11":"tag-featured-news","12":"tag-featurednews","13":"tag-headlines","14":"tag-latest-news","15":"tag-latestnews","16":"tag-lom","17":"tag-news","18":"tag-no","19":"tag-norge","20":"tag-norway","21":"tag-nyheter","22":"tag-overskrifter","23":"tag-skole","24":"tag-story","25":"tag-top-stories","26":"tag-topstories","27":"tag-videregaende-skole"},"share_on_mastodon":{"url":"","error":""},"_links":{"self":[{"href":"https:\/\/www.europesays.com\/no\/wp-json\/wp\/v2\/posts\/11492","targetHints":{"allow":["GET"]}}],"collection":[{"href":"https:\/\/www.europesays.com\/no\/wp-json\/wp\/v2\/posts"}],"about":[{"href":"https:\/\/www.europesays.com\/no\/wp-json\/wp\/v2\/types\/post"}],"author":[{"embeddable":true,"href":"https:\/\/www.europesays.com\/no\/wp-json\/wp\/v2\/users\/2"}],"replies":[{"embeddable":true,"href":"https:\/\/www.europesays.com\/no\/wp-json\/wp\/v2\/comments?post=11492"}],"version-history":[{"count":0,"href":"https:\/\/www.europesays.com\/no\/wp-json\/wp\/v2\/posts\/11492\/revisions"}],"wp:featuredmedia":[{"embeddable":true,"href":"https:\/\/www.europesays.com\/no\/wp-json\/wp\/v2\/media\/11493"}],"wp:attachment":[{"href":"https:\/\/www.europesays.com\/no\/wp-json\/wp\/v2\/media?parent=11492"}],"wp:term":[{"taxonomy":"category","embeddable":true,"href":"https:\/\/www.europesays.com\/no\/wp-json\/wp\/v2\/categories?post=11492"},{"taxonomy":"post_tag","embeddable":true,"href":"https:\/\/www.europesays.com\/no\/wp-json\/wp\/v2\/tags?post=11492"}],"curies":[{"name":"wp","href":"https:\/\/api.w.org\/{rel}","templated":true}]}}