{"id":114923,"date":"2025-12-16T19:30:26","date_gmt":"2025-12-16T19:30:26","guid":{"rendered":"https:\/\/www.europesays.com\/no\/114923\/"},"modified":"2025-12-16T19:30:26","modified_gmt":"2025-12-16T19:30:26","slug":"sport-bjorn-einar-romoren-mistet-moren-vi-savner-deg","status":"publish","type":"post","link":"https:\/\/www.europesays.com\/no\/114923\/","title":{"rendered":"Sport, Bj\u00f8rn Einar Rom\u00f8ren | Mistet moren: \u2013 Vi savner deg"},"content":{"rendered":"\n<p>Det skriver Bj\u00f8rn Einar Rom\u00f8ren selv p\u00e5 sine plattformer p\u00e5 sosiale medier:<\/p>\n<p>\u00abVi savner deg alle sammen. Du satte sterke og fine spor i s\u00e5 mange hjerter, og jeg vil takke alle som var med p\u00e5 \u00e5 gj\u00f8re den siste tiden s\u00e5 fin for mamma. En spesiell takk til alle ansatte og frivillige ved Hospice Stabekk\u00bb.<\/p>\n<p>   <img decoding=\"async\" width=\"3937\" height=\"2676\" fetchpriority=\"low\"  loading=\"lazy\"  src=\"https:\/\/www.europesays.com\/no\/wp-content\/uploads\/2025\/12\/bente-Lill+Rom%C3%B8ren+.jpg\" alt=\"\" class=\"brick-c-cFOWSL\" style=\"--brick-image-ratio: 3937 \/ 2676;\"\/><\/p>\n<p>      Bente-Lill Rom\u00f8ren er g\u00e5tt bort.<br \/>\n      Foto: Terje Pedersen \/ NTB\n    <\/p>\n<p>Han skriver ogs\u00e5 at moren gikk bort 14. desember.<\/p>\n<p>Bente-Lill Rom\u00f8ren har fulgt s\u00f8nnens hoppkarriere gjennom flere \u00e5r. Hun var ogs\u00e5 i flere \u00e5r leder av hoppkomiteen.<\/p>\n<p>Bente-Lill Rom\u00f8ren bodde p\u00e5 Hosle i B\u00e6rum.<\/p>\n","protected":false},"excerpt":{"rendered":"Det skriver Bj\u00f8rn Einar Rom\u00f8ren selv p\u00e5 sine plattformer p\u00e5 sosiale medier: \u00abVi savner deg alle sammen. Du&hellip;\n","protected":false},"author":2,"featured_media":114924,"comment_status":"","ping_status":"","sticky":false,"template":"","format":"standard","meta":{"footnotes":""},"categories":[59],"tags":[36,13923,770,30,28,29,83,82,1510],"class_list":{"0":"post-114923","1":"post","2":"type-post","3":"status-publish","4":"format-standard","5":"has-post-thumbnail","7":"category-sport","8":"tag-art","9":"tag-bjorn-einar-romoren","10":"tag-hopp","11":"tag-no","12":"tag-norge","13":"tag-norway","14":"tag-sport","15":"tag-sports","16":"tag-story"},"share_on_mastodon":{"url":"https:\/\/pubeurope.com\/@no\/115730908777760326","error":""},"_links":{"self":[{"href":"https:\/\/www.europesays.com\/no\/wp-json\/wp\/v2\/posts\/114923","targetHints":{"allow":["GET"]}}],"collection":[{"href":"https:\/\/www.europesays.com\/no\/wp-json\/wp\/v2\/posts"}],"about":[{"href":"https:\/\/www.europesays.com\/no\/wp-json\/wp\/v2\/types\/post"}],"author":[{"embeddable":true,"href":"https:\/\/www.europesays.com\/no\/wp-json\/wp\/v2\/users\/2"}],"replies":[{"embeddable":true,"href":"https:\/\/www.europesays.com\/no\/wp-json\/wp\/v2\/comments?post=114923"}],"version-history":[{"count":0,"href":"https:\/\/www.europesays.com\/no\/wp-json\/wp\/v2\/posts\/114923\/revisions"}],"wp:featuredmedia":[{"embeddable":true,"href":"https:\/\/www.europesays.com\/no\/wp-json\/wp\/v2\/media\/114924"}],"wp:attachment":[{"href":"https:\/\/www.europesays.com\/no\/wp-json\/wp\/v2\/media?parent=114923"}],"wp:term":[{"taxonomy":"category","embeddable":true,"href":"https:\/\/www.europesays.com\/no\/wp-json\/wp\/v2\/categories?post=114923"},{"taxonomy":"post_tag","embeddable":true,"href":"https:\/\/www.europesays.com\/no\/wp-json\/wp\/v2\/tags?post=114923"}],"curies":[{"name":"wp","href":"https:\/\/api.w.org\/{rel}","templated":true}]}}