{"id":114927,"date":"2025-12-16T19:35:26","date_gmt":"2025-12-16T19:35:26","guid":{"rendered":"https:\/\/www.europesays.com\/no\/114927\/"},"modified":"2025-12-16T19:35:26","modified_gmt":"2025-12-16T19:35:26","slug":"hafslo-luster-ulukka-skjedde-under-opplaering-sjaforen-blir-folgd-opp-av-arbeidsgjevar-sogn-avis","status":"publish","type":"post","link":"https:\/\/www.europesays.com\/no\/114927\/","title":{"rendered":"Hafslo, Luster | Ulukka skjedde under oppl\u00e6ring \u2013 sj\u00e5f\u00f8ren blir f\u00f8lgd opp av arbeidsgjevar &#8211; Sogn Avis"},"content":{"rendered":"<ol>\n<li><a href=\"https:\/\/news.google.com\/rss\/articles\/CBMisAFBVV95cUxNOVMwRFR1Mk9oTnJsZHVsSTVTczhQa0FOd0x5Vml0dHVEYWluRUNTVGlFM1BxSjlqdU1HNXlIa2RpQ2xycnBjUDhYbmtKMXVIZzdRcXk5SmFSMjVDZVVkMXpNbW1KNzNBUFdPMkRBOUI1OTlPWFBRemJLblRYSDVvNlpXRVM4TjIyYnQtVTU2QTktazhSRV9lQ015RS1IeU1LZ05walRIdmY3T3RpVHE5dA?oc=5\" target=\"_blank\" rel=\"nofollow noopener\">Hafslo, Luster | Ulukka skjedde under oppl\u00e6ring \u2013 sj\u00e5f\u00f8ren blir f\u00f8lgd opp av arbeidsgjevar<\/a>&nbsp;&nbsp;Sogn Avis<\/li>\n<li><a href=\"https:\/\/news.google.com\/rss\/articles\/CBMia0FVX3lxTFA3WTlpa1lEelNZV1N5MElPZnBXYmNEWTVFMVZGd0RTbzItV1dQMTNMaVhFb2NVZXdpb25NUFEzQndUZ1JXZXE3aUQ5bFg4NzZiM3ZFRjA1NjFCbDRyOWhBVGNVZWpEaFFxVUg4?oc=5\" target=\"_blank\" rel=\"nofollow noopener\">Trafikk, Luster | Buss har k\u00f8yrt i gr\u00f8fta<\/a>&nbsp;&nbsp;Firda<\/li>\n<li><a href=\"https:\/\/news.google.com\/rss\/articles\/CBMingFBVV95cUxOdUl5N0NtQVd2S3dWOWNfYU9KTUE3UHd0dzdPQThjZUpSM2xFUkZCVWVCSlgxSjBGMGd5bXI5QW9hejNQNGY3dVJHUm9GTjJNWl9QMEpCU3NBLVlwYUZvekJBdDZHQTM3dy1WbkZ5SnFidnpnbnJXYmZsMnNZbDFLYjRsN01TWDhFOW50cEF0azBhMDJXYjA0REtSaXhsQQ?oc=5\" target=\"_blank\" rel=\"nofollow noopener\">Luster, Krim og politi | \u2013 Utgangen var blokkert og det var eit problem \u00e5 f\u00e5 folk ut<\/a>&nbsp;&nbsp;Sogn Avis<\/li>\n<li><a href=\"https:\/\/news.google.com\/rss\/articles\/CBMihgFBVV95cUxONUxBcTlBcldvT184NzlzcjlVbkktNGg5cU91THlFeFhhOGdkMjNGMWtvZXlob1dfaWdfdG1ESGlDUGtMSTlZamQ3QXd4UWVoN0dUUDdSc0J0U01LZ21HX1EzaVRjMWtyY2xfTUFHSllXT25FM1lOTjRpY2JnNUF2ZGkxMWZBUQ?oc=5\" target=\"_blank\" rel=\"nofollow noopener\">Buss i gr\u00f8ften p\u00e5 Hafslovegen etter \u00e5 ha m\u00f8tt p\u00e5 buss<\/a>&nbsp;&nbsp;Bergens Tidende<\/li>\n<li><a href=\"https:\/\/news.google.com\/rss\/articles\/CBMigAFBVV95cUxNc01aMjU0RzBudjl1Rlc4bUJOSXZQaWNhT0xLU19LekZTb18xOW0yTVNuZnF1NzJYTmxxSmw1WmdiNm5jNlFKUzhvdlNYVEhlWWNMVTlZenJiZVVLd3RsVElHTE82RTNKN3EtYUkzR2JWSzVYTHgtLUMxNGtDcVhjdw?oc=5\" target=\"_blank\" rel=\"nofollow noopener\">Luster, Ulukke | Buss i gr\u00f8fta, naudetatane er p\u00e5 staden<\/a>&nbsp;&nbsp;Sogn Avis<\/li>\n<\/ol>\n","protected":false},"excerpt":{"rendered":"Hafslo, Luster | Ulukka skjedde under oppl\u00e6ring \u2013 sj\u00e5f\u00f8ren blir f\u00f8lgd opp av arbeidsgjevar&nbsp;&nbsp;Sogn Avis Trafikk, Luster |&hellip;\n","protected":false},"author":2,"featured_media":114928,"comment_status":"","ping_status":"","sticky":false,"template":"","format":"standard","meta":{"footnotes":""},"categories":[10],"tags":[20,21,24,25,15,22,23,13,30,28,29,14,16,26,27],"class_list":{"0":"post-114927","1":"post","2":"type-post","3":"status-publish","4":"format-standard","5":"has-post-thumbnail","7":"category-norge","8":"tag-breaking-news","9":"tag-breakingnews","10":"tag-featured-news","11":"tag-featurednews","12":"tag-headlines","13":"tag-latest-news","14":"tag-latestnews","15":"tag-news","16":"tag-no","17":"tag-norge","18":"tag-norway","19":"tag-nyheter","20":"tag-overskrifter","21":"tag-top-stories","22":"tag-topstories"},"share_on_mastodon":{"url":"https:\/\/pubeurope.com\/@no\/115730928284308087","error":""},"_links":{"self":[{"href":"https:\/\/www.europesays.com\/no\/wp-json\/wp\/v2\/posts\/114927","targetHints":{"allow":["GET"]}}],"collection":[{"href":"https:\/\/www.europesays.com\/no\/wp-json\/wp\/v2\/posts"}],"about":[{"href":"https:\/\/www.europesays.com\/no\/wp-json\/wp\/v2\/types\/post"}],"author":[{"embeddable":true,"href":"https:\/\/www.europesays.com\/no\/wp-json\/wp\/v2\/users\/2"}],"replies":[{"embeddable":true,"href":"https:\/\/www.europesays.com\/no\/wp-json\/wp\/v2\/comments?post=114927"}],"version-history":[{"count":0,"href":"https:\/\/www.europesays.com\/no\/wp-json\/wp\/v2\/posts\/114927\/revisions"}],"wp:featuredmedia":[{"embeddable":true,"href":"https:\/\/www.europesays.com\/no\/wp-json\/wp\/v2\/media\/114928"}],"wp:attachment":[{"href":"https:\/\/www.europesays.com\/no\/wp-json\/wp\/v2\/media?parent=114927"}],"wp:term":[{"taxonomy":"category","embeddable":true,"href":"https:\/\/www.europesays.com\/no\/wp-json\/wp\/v2\/categories?post=114927"},{"taxonomy":"post_tag","embeddable":true,"href":"https:\/\/www.europesays.com\/no\/wp-json\/wp\/v2\/tags?post=114927"}],"curies":[{"name":"wp","href":"https:\/\/api.w.org\/{rel}","templated":true}]}}