{"id":114933,"date":"2025-12-16T19:42:45","date_gmt":"2025-12-16T19:42:45","guid":{"rendered":"https:\/\/www.europesays.com\/no\/114933\/"},"modified":"2025-12-16T19:42:45","modified_gmt":"2025-12-16T19:42:45","slug":"storbritannia-lanserer-atlantic-bastion-for-a-beskytte-undervannskabler-mot-russiske-trusler","status":"publish","type":"post","link":"https:\/\/www.europesays.com\/no\/114933\/","title":{"rendered":"Storbritannia lanserer Atlantic Bastion for \u00e5 beskytte undervannskabler mot russiske trusler"},"content":{"rendered":"<p>    Norge skal samarbeide med v\u00e5re britiske allierte om \u00e5 sikre Nord-Atlanteren.<\/p>\n<p>\n        Et st\u00f8ttefart\u00f8y til den britiske marinen skygger en russisk ub\u00e5t gjennom Den engelske kanal. Beskyttelse av sj\u00f8kabler har f\u00e5tt h\u00f8y prioritet etter en rekke antatte sabotasjeaksjoner de siste \u00e5rene.<br \/>\n        Foto: Royal Navy \/ NTB\n    <\/p>\n<p class=\"kicker tertiary color_mobile_tertiary\" style=\"\">Verden<\/p>\n<p>Det britiske forsvarsdepartementet har lansert et nytt program, kalt Atlantic Bastion, som skal utvikle autonome overflate- og undervannsfart\u00f8y integrert med kunstig intelligens (KI).<\/p>\n<p>Form\u00e5let er \u00e5\u00a0styrke beskyttelsen av undersj\u00f8iske kabler og r\u00f8rledninger.<\/p>\n<p>Programmet svarer p\u00e5 \u00f8kt aktivitet fra russiske milit\u00e6re og etterretningsrelaterte undervannsoperasjoner i britiske farvann, og tar sikte p\u00e5 \u00e5 starte opp i 2026.<\/p>\n","protected":false},"excerpt":{"rendered":"Norge skal samarbeide med v\u00e5re britiske allierte om \u00e5 sikre Nord-Atlanteren. Et st\u00f8ttefart\u00f8y til den britiske marinen skygger&hellip;\n","protected":false},"author":2,"featured_media":114934,"comment_status":"","ping_status":"","sticky":false,"template":"","format":"standard","meta":{"footnotes":""},"categories":[12],"tags":[20,21,24,25,15,22,23,13,30,28,29,14,16,26,27,42,43,44,45],"class_list":{"0":"post-114933","1":"post","2":"type-post","3":"status-publish","4":"format-standard","5":"has-post-thumbnail","7":"category-verden","8":"tag-breaking-news","9":"tag-breakingnews","10":"tag-featured-news","11":"tag-featurednews","12":"tag-headlines","13":"tag-latest-news","14":"tag-latestnews","15":"tag-news","16":"tag-no","17":"tag-norge","18":"tag-norway","19":"tag-nyheter","20":"tag-overskrifter","21":"tag-top-stories","22":"tag-topstories","23":"tag-verden","24":"tag-world","25":"tag-world-news","26":"tag-worldnews"},"share_on_mastodon":{"url":"https:\/\/pubeurope.com\/@no\/115730955933361348","error":""},"_links":{"self":[{"href":"https:\/\/www.europesays.com\/no\/wp-json\/wp\/v2\/posts\/114933","targetHints":{"allow":["GET"]}}],"collection":[{"href":"https:\/\/www.europesays.com\/no\/wp-json\/wp\/v2\/posts"}],"about":[{"href":"https:\/\/www.europesays.com\/no\/wp-json\/wp\/v2\/types\/post"}],"author":[{"embeddable":true,"href":"https:\/\/www.europesays.com\/no\/wp-json\/wp\/v2\/users\/2"}],"replies":[{"embeddable":true,"href":"https:\/\/www.europesays.com\/no\/wp-json\/wp\/v2\/comments?post=114933"}],"version-history":[{"count":0,"href":"https:\/\/www.europesays.com\/no\/wp-json\/wp\/v2\/posts\/114933\/revisions"}],"wp:featuredmedia":[{"embeddable":true,"href":"https:\/\/www.europesays.com\/no\/wp-json\/wp\/v2\/media\/114934"}],"wp:attachment":[{"href":"https:\/\/www.europesays.com\/no\/wp-json\/wp\/v2\/media?parent=114933"}],"wp:term":[{"taxonomy":"category","embeddable":true,"href":"https:\/\/www.europesays.com\/no\/wp-json\/wp\/v2\/categories?post=114933"},{"taxonomy":"post_tag","embeddable":true,"href":"https:\/\/www.europesays.com\/no\/wp-json\/wp\/v2\/tags?post=114933"}],"curies":[{"name":"wp","href":"https:\/\/api.w.org\/{rel}","templated":true}]}}