{"id":114935,"date":"2025-12-16T19:43:11","date_gmt":"2025-12-16T19:43:11","guid":{"rendered":"https:\/\/www.europesays.com\/no\/114935\/"},"modified":"2025-12-16T19:43:11","modified_gmt":"2025-12-16T19:43:11","slug":"krever-gransking-av-equinor-e24","status":"publish","type":"post","link":"https:\/\/www.europesays.com\/no\/114935\/","title":{"rendered":"Krever gransking av Equinor \u2013 E24"},"content":{"rendered":"<p class=\"fullWidthDesktop hyperion-css-71ztg2\" data-test-tag=\"lead-text\">SV og MDG vil ha gransking etter at den norske olje- og gassgiganten ble ilagt rekordbot av \u00d8kokrim. <\/p>\n<p><img decoding=\"async\" class=\"image-asset hyperion-css-184hyg\" data-test-tag=\"image-asset\" src=\"https:\/\/www.europesays.com\/no\/wp-content\/uploads\/2025\/12\/7b272133-7c20-4de4-9264-828ea0fc2ed3\"  alt=\"Oljeraffineriet p\u00e5 Mongstad. \"  loading=\"eager\" fetchpriority=\"high\" style=\"aspect-ratio:1900 \/ 1267\"\/>Oljeraffineriet p\u00e5 Mongstad. Foto: Rodrigo Freitas \/ NTBPublisert: Publisert: <\/p>\n<p>For mindre enn 30 minutter siden<\/p>\n<ul class=\"hyperion-css-pte5x0\">\n<li aria-label=\"link\" class=\"narrow-button hyperion-css-1sz7d3n\">Kopier lenke<\/li>\n<li aria-label=\"link\" class=\"wide-button hyperion-css-1sz7d3n\">Kopier lenke<\/li>\n<li aria-label=\"facebook\" class=\"narrow-button hyperion-css-1sz7d3n\">Del p\u00e5 Facebook<\/li>\n<li aria-label=\"facebook\" class=\"wide-button hyperion-css-1sz7d3n\">Del p\u00e5 Facebook<\/li>\n<li aria-label=\"email\" class=\"narrow-button hyperion-css-1sz7d3n\">Del med e-post<\/li>\n<li aria-label=\"email\" class=\"wide-button hyperion-css-1sz7d3n\">Del med e-post<\/li>\n<\/ul>\n<p class=\"hyperion-css-1lemvax\">\u2013 Dette er en skandale. \u00d8kokrim mener det bare er flaks at liv ikke har g\u00e5tt tapt. Dessverre f\u00f8yer dette seg i rekken av tilfeller hvor Equinor ikke har kontroll p\u00e5 milj\u00f8 og sikkerhet p\u00e5 egne anlegg, sier SV-nestleder Lars Haltbrekken. <\/p>\n<p class=\"hyperion-css-1lemvax\">Tirsdag morgen meldte \u00d8kokrim at de har ilagt Equinor 720 millioner kroner i bot og inndragning. Bakgrunnen er det de mener er omfattende og langvarig forurensning p\u00e5 Mongstad-raffineriet.<\/p>\n<p class=\"hyperion-css-1lemvax\">Equinor bestrider forelegget og varsler rettssak. Konserndirekt\u00f8r Siv Helen Rygh Torstensen sier \u00d8kokrim ikke har konkretisert hva den straffbare uaktsomheten best\u00e5r i.<\/p>\n<p><a data-test-tag=\"teaser-small:link-internal\" href=\"https:\/\/e24.no\/boers-og-finans\/i\/0pEO2J\/dumper-raavareaksjer-ser-halvstygt-ut-for-oljeprisen\" class=\"imagePosition-top inline hyperion-css-6238vu\" rel=\"nofollow noopener\" target=\"\" aria-label=\"Dumper r\u00e5vareaksjer: \u2013 Ser halvstygt ut for oljeprisen\"><\/p>\n<p>Les p\u00e5 E24+<\/p>\n<p>Dumper r\u00e5vareaksjer: \u2013 Ser halvstygt ut for oljeprisen<\/p>\n<p><\/a>Vil ha ekstern gransking<\/p>\n<p class=\"hyperion-css-1lemvax\">\u2013 N\u00e5 m\u00e5 det komme p\u00e5 plass en ekstern gransking av alle Equinors anlegg, sier Haltbrekken. <\/p>\n<p class=\"hyperion-css-1lemvax\">\u2013 Vil dere fremme forslag?<\/p>\n<p class=\"hyperion-css-1lemvax\">\u2013 Vi kommer til \u00e5 fremme forslag om gransking i Stortinget rett etter jul. Vi ser dette i sammenheng med sakene som har v\u00e6rt p\u00e5 Melk\u00f8ya og de nyere sakene om sikkerhet p\u00e5 Mongstad, sier Haltbrekken. <\/p>\n<p class=\"hyperion-css-1lemvax\">Han sier det ser ut til \u00e5 v\u00e6re et gjennomg\u00e5ende trekk hos Equinor at sikkerhet, helse og milj\u00f8 har blitt \u00abkraftig nedprioritert\u00bb de siste \u00e5rene. <\/p>\n<p class=\"hyperion-css-1lemvax\">\u2013 Det har gitt mange hendelser, sier Haltbrekken.<\/p>\n<p class=\"hyperion-css-1lemvax\">Han nevner alvorlige situasjoner for arbeidere p\u00e5 Melk\u00f8ya, ulykker p\u00e5 Tjeldbergodden og Mongstad, samt offshore-utslipp som har skadet milj\u00f8et. <\/p>\n<p class=\"hyperion-css-1lemvax\">\u2013 Det er behov for en uavhengig gransking av Equinor. Vi har et s\u00e6rlig ansvar for dette n\u00e5r det er snakk om et statlig eidstatlig eidDen norske stat er hovedaksjon\u00e6r i Equinor med en eierandel p\u00e5 67 prosent i selskapet. Beholdningen forvaltes av N\u00e6rings- og fiskeridepartementet. selskap, sier SV-nestlederen. <\/p>\n<p><img decoding=\"async\" class=\"image-asset hyperion-css-11qpdah\" data-test-tag=\"image-asset\" src=\"https:\/\/www.europesays.com\/no\/wp-content\/uploads\/2025\/12\/4b42a64c-5053-4fb0-8376-bdce9ac1c8d0\"  alt=\"Lars Haltbrekken, nestleder i SV og andre nestleder i energi- og milj\u00f8komiteen p\u00e5 Stortinget. \"  loading=\"eager\" fetchpriority=\"high\" style=\"aspect-ratio:1900 \/ 1267\"\/>Lars Haltbrekken, nestleder i SV og andre nestleder i energi- og milj\u00f8komiteen p\u00e5 Stortinget. Foto: Gorm Kallestad \/ NTB<\/p>\n<p class=\"hyperion-css-1lemvax\">Det var Milj\u00f8direktoratet og Bellona som anmeldte saken i desember 2020, if\u00f8lge \u00d8kokrim. <\/p>\n<p class=\"hyperion-css-1lemvax\">\u2013 Vi s\u00e5 et selskap i dyp systemkrise. For oss fremsto dette som notorisk milj\u00f8kriminalitet, preget av grov uaktsomhet. Vi anmeldte saken fordi det \u00e5penbart bare var et tidssp\u00f8rsm\u00e5l f\u00f8r en alvorlig ulykke ville inntreffe ved et Equinor-anlegg, sier Bellona-stifter Frederic Hauge. <\/p>\n<p class=\"hyperion-css-1lemvax\">Han legger til at Bellonas \u00abgrundige arbeid f\u00f8rer til resultater\u00bb og retter samtidig kritikk mot det organisasjonen mener er myndighetenes manglende h\u00e5ndheving av regelverket over tid. <\/p>\n<p>\u2013 Fullstendig useri\u00f8st<\/p>\n<p class=\"hyperion-css-1lemvax\">Stortingsrepresentant og medlem i energi- og milj\u00f8komiteen for MDG, Fr\u00f8ya Skjold Sjurs\u00e6ther mener saken er alvorlig.<\/p>\n<p class=\"hyperion-css-1lemvax\">\u2013 Det er fullstendig useri\u00f8st at Norges rikeste selskap driter i eget reir og nekter \u00e5 rydde opp etterp\u00e5. Og enda verre er det jo n\u00e5r Equinor er et 67 prosent statseid selskap, sier hun.<\/p>\n<p class=\"hyperion-css-1lemvax\">\u2013 Hva forventer du at skjer n\u00e5? <\/p>\n<p class=\"hyperion-css-1lemvax\">\u2013 \u00d8kokrim mener at det er en tilfeldighet at ikke noen har mistet livet som en f\u00f8lge. Og jeg mener at Equinor m\u00e5 rydde opp og ta ansvar sporenstreks. Det er ganske alvorlig \u00e5 lese den ansvarsfraskrivelsen de holder p\u00e5 med i mediene i dag, sier hun.<\/p>\n<p><img decoding=\"async\" class=\"image-asset hyperion-css-1jcj029\" data-test-tag=\"image-asset\" src=\"https:\/\/www.europesays.com\/no\/wp-content\/uploads\/2025\/12\/8bb7b069-4a5a-48b4-bea9-e7d88467c46c\"  alt=\"Fr\u00f8ya Skjold Sjurs\u00e6ther, stortingsrepresentant og medlem i energi- og milj\u00f8komiteen for MDG. \"  loading=\"eager\" fetchpriority=\"high\" style=\"aspect-ratio:1900 \/ 1267\"\/>Fr\u00f8ya Skjold Sjurs\u00e6ther, stortingsrepresentant og medlem i energi- og milj\u00f8komiteen for MDG. Foto: Jonas F\u00e6ste Laksekj\u00f8n \/ NTB<\/p>\n<p class=\"hyperion-css-1lemvax\">Skjold Sjurs\u00e6ther har merket seg flere saker om Equinor den siste tiden. Blant annet i <a aria-label=\"VG\" class=\"default hyperion-css-1rezu2g\" href=\"https:\/\/www.vg.no\/tag\/equinor\" rel=\"noopener nofollow noreferrer\" data-test-tag=\"external-link\" target=\"_blank\">VG<\/a>. <\/p>\n<p class=\"hyperion-css-1lemvax\">\u2013 Det er ekstremt alvorlige saker vi ser n\u00e5. Og jeg forventer at b\u00e5de Equinor og n\u00e6ringsministeren kommer seg p\u00e5 banen og finner ut hvordan de kan l\u00f8se dette videre og hindre at s\u00e5nne ting ikke skjer igjen.<\/p>\n<p class=\"hyperion-css-1lemvax\">Hun sier at MDG ogs\u00e5 vil jobbe for en gransking. <\/p>\n<p class=\"hyperion-css-1lemvax\">\u2013 Burde skje s\u00e5 fort som mulig og regjeringen burde sette i gang det arbeidet. Det rokker ved tilliten til staten n\u00e5r ansatte settes i fare, sier hun. <\/p>\n","protected":false},"excerpt":{"rendered":"SV og MDG vil ha gransking etter at den norske olje- og gassgiganten ble ilagt rekordbot av \u00d8kokrim.&hellip;\n","protected":false},"author":2,"featured_media":114936,"comment_status":"","ping_status":"","sticky":false,"template":"","format":"standard","meta":{"footnotes":""},"categories":[10],"tags":[20,21,24,25,15,22,23,13,30,28,29,14,16,26,27],"class_list":{"0":"post-114935","1":"post","2":"type-post","3":"status-publish","4":"format-standard","5":"has-post-thumbnail","7":"category-norge","8":"tag-breaking-news","9":"tag-breakingnews","10":"tag-featured-news","11":"tag-featurednews","12":"tag-headlines","13":"tag-latest-news","14":"tag-latestnews","15":"tag-news","16":"tag-no","17":"tag-norge","18":"tag-norway","19":"tag-nyheter","20":"tag-overskrifter","21":"tag-top-stories","22":"tag-topstories"},"share_on_mastodon":{"url":"https:\/\/pubeurope.com\/@no\/115730960170967173","error":""},"_links":{"self":[{"href":"https:\/\/www.europesays.com\/no\/wp-json\/wp\/v2\/posts\/114935","targetHints":{"allow":["GET"]}}],"collection":[{"href":"https:\/\/www.europesays.com\/no\/wp-json\/wp\/v2\/posts"}],"about":[{"href":"https:\/\/www.europesays.com\/no\/wp-json\/wp\/v2\/types\/post"}],"author":[{"embeddable":true,"href":"https:\/\/www.europesays.com\/no\/wp-json\/wp\/v2\/users\/2"}],"replies":[{"embeddable":true,"href":"https:\/\/www.europesays.com\/no\/wp-json\/wp\/v2\/comments?post=114935"}],"version-history":[{"count":0,"href":"https:\/\/www.europesays.com\/no\/wp-json\/wp\/v2\/posts\/114935\/revisions"}],"wp:featuredmedia":[{"embeddable":true,"href":"https:\/\/www.europesays.com\/no\/wp-json\/wp\/v2\/media\/114936"}],"wp:attachment":[{"href":"https:\/\/www.europesays.com\/no\/wp-json\/wp\/v2\/media?parent=114935"}],"wp:term":[{"taxonomy":"category","embeddable":true,"href":"https:\/\/www.europesays.com\/no\/wp-json\/wp\/v2\/categories?post=114935"},{"taxonomy":"post_tag","embeddable":true,"href":"https:\/\/www.europesays.com\/no\/wp-json\/wp\/v2\/tags?post=114935"}],"curies":[{"name":"wp","href":"https:\/\/api.w.org\/{rel}","templated":true}]}}