{"id":114938,"date":"2025-12-16T19:51:24","date_gmt":"2025-12-16T19:51:24","guid":{"rendered":"https:\/\/www.europesays.com\/no\/114938\/"},"modified":"2025-12-16T19:51:24","modified_gmt":"2025-12-16T19:51:24","slug":"influensasesongen-i-nord-norge-er-i-gang-og-fylkeslege-ber-syke-holde-seg-hjemme-fra-jobb-nrk-troms-og-finnmark","status":"publish","type":"post","link":"https:\/\/www.europesays.com\/no\/114938\/","title":{"rendered":"Influensasesongen i Nord-Norge er i gang og fylkeslege ber syke holde seg hjemme fra jobb \u2013 NRK Troms og Finnmark"},"content":{"rendered":"<p>Rennende nese og rommet fullt av snytepapir. Influensasesongen er i gang ogs\u00e5 i Nord-Norge.<\/p>\n<p>\u2013 Den har kommet, men vi er forel\u00f8pig bare i starten, sier fylkeslege i Troms og Finnmark, Anne Grethe Olsen.<\/p>\n<p>Sesongen starter ofte litt senere her, enn lenger s\u00f8r.<\/p>\n<p><img decoding=\"async\"   src=\"data:image\/gif;base64,R0lGODlhAQABAIAAAAAAAP\/\/\/yH5BAEAAAAALAAAAAABAAEAAAIBRAA7\" loading=\"eager\" alt=\"Syk mann\" title=\"Foto: Colourbox.com\"\/><\/p>\n<p class=\"\">Det er ikke s\u00e6rlig fristende \u00e5 starte 2026 p\u00e5 denne m\u00e5ten. F\u00f8lg smittevernreglene og ta vaksinen, er r\u00e5dene fra fylkeslegen. <\/p>\n<p>Foto: Colourbox.com<\/p>\n<p>Regler for sn\u00f8rrfri julefeiring<\/p>\n<p>I forrige uke var smitten h\u00f8yest i fylker p\u00e5 det sentrale \u00d8stlandet. Og p\u00e5 bare en uke \u00f8kte andelen smittede fra 16 til 23 prosent.<\/p>\n<p><strong>\u2013 Men ogs\u00e5 her nord ser vi p\u00e5 sykefrav\u00e6ret at det er flere borte fra jobb rundt omkring.<\/strong><\/p>\n<p>\u2013 Blir det \u00f8kt smitte n\u00e5 i jula og nytt\u00e5r?<\/p>\n<p>\u2013 Kan se s\u00e5nn ut.<\/p>\n<p>Fylkeslegen ber oss ta noen forholdsregler for \u00e5 unng\u00e5 \u00e5 starte ny\u00e5ret i sykesenga.<\/p>\n<p>\u2013 F\u00f8rjulstida kan v\u00e6re veldig stressende. Det gj\u00f8r at immunforsvaret kan bli litt d\u00e5rligere.<\/p>\n<p><strong>Vi b\u00f8r derfor ta det litt med ro.<\/strong><\/p>\n<p>I tillegg b\u00f8r vi f\u00f8lge smittevernreglene vi l\u00e6rte under pandemien:<\/p>\n<ul>\n<li>God h\u00e5ndvask<\/li>\n<li>Hosting i albuen<\/li>\n<li>Redusere n\u00e6rkontakt hvis man er syk<\/li>\n<\/ul>\n<p>Og:<\/p>\n<p><strong>\u2013 N\u00e5r du blir syk, b\u00f8r du v\u00e6re borte fra jobb. B\u00e5de for \u00e5 bli raskere frisk, og for \u00e5 ikke smitte andre, sier Olsen.<\/strong><\/p>\n<p><img decoding=\"async\"   src=\"data:image\/gif;base64,R0lGODlhAQABAIAAAAAAAP\/\/\/yH5BAEAAAAALAAAAAABAAEAAAIBRAA7\" loading=\"eager\" alt=\"Her tek apotekar Anne-Grete Reikvam influensavaksine.\" title=\"Foto: Matilde Sunde Solsvik \/ NRK\"\/><\/p>\n<p class=\"\">Flere enn tidligere har i \u00e5r tatt influensavaksine.<\/p>\n<p>Foto: Matilde Sunde Solsvik \/ NRK<\/p>\n<p>Stor vaksinep\u00e5gang<\/p>\n<p>Det er imidlertid \u00e9n fordel \u00e5 ta med seg inn i \u00e5rets influensasesong, if\u00f8lge fylkeslegen:<\/p>\n<p>\u2013 Det er flere som har vaksinert seg. P\u00e5 landsbasis er det dobbelt s\u00e5 mange som i fjor. Det er veldig bra, sier hun.<\/p>\n<p>Ogs\u00e5 Apotek 1 i Alta sentrum merker enorm p\u00e5gang av folk som vil ta vaksinen.<\/p>\n<p><strong>\u2013 November i \u00e5r v\u00e6rt helt vill i forhold til i fjor. Vi har satt rundt fem ganger s\u00e5 mange vaksiner i \u00e5r som i fjor. <\/strong><\/p>\n<p>Det sier apoteker Janik Johansen.<\/p>\n<p><img decoding=\"async\"   src=\"data:image\/gif;base64,R0lGODlhAQABAIAAAAAAAP\/\/\/yH5BAEAAAAALAAAAAABAAEAAAIBRAA7\" loading=\"eager\" alt=\"Janik Johansen, apoteker p\u00e5 Apotek 1 Alta\" title=\"Foto: Irene Pettersen\"\/><\/p>\n<p class=\"\">P\u00e5 Apotek 1 i Alta sentrum er det enorm p\u00e5gang. N\u00e5 er de i ferd med \u00e5 g\u00e5 tom for vaksiner, og venter p\u00e5 p\u00e5fyll. <\/p>\n<p>Foto: Irene Pettersen<\/p>\n<p>\u2013 Ogs\u00e5 n\u00e5 i desember opplever vi helt andre tall enn i fjor. Det er mye st\u00f8rre p\u00e5gang.<\/p>\n<p>Disse oppfordres til \u00e5 ta vaksinen s\u00e5 fort som mulig:<\/p>\n<ul>\n<li>Uvaksinerte eldre<\/li>\n<li>Barn i risikogrupper<\/li>\n<li>Helsepersonell med pasientkontakt<\/li>\n<\/ul>\n<p>Kilde: Folkehelseinstituttet<\/p>\n<p>Forsiktig med klemming<\/p>\n<p>Skulle du f\u00e5 julebes\u00f8k s\u00f8rfra, og frykter smitte, har fylkeslegen enda et r\u00e5d:<\/p>\n<p>\u2013 Det kan v\u00e6re lurt \u00e5 v\u00e6re forsiktig med klemming, hvis de har v\u00e6rt rundt noen som har v\u00e6rt syk.<\/p>\n<p>Ogs\u00e5 her anbefales det \u00e5 f\u00f8lge de \u00f8vrige smittevernreglene.<\/p>\n<p><strong>\u2013 Men vi skal selvf\u00f8lgelig \u00f8nske s\u00f8ringene velkommen hjem til jul.<\/strong><\/p>\n<p>I Finnmarkssendinga sjekkes tempen p\u00e5 influensasesongen sammen med fylkeslegen. Du kan og h\u00f8re om kommunestyrem\u00f8te i M\u00e5s\u00f8y \u2013 og fylkesordf\u00f8reren som er skeptisk til ledertrio i eget parti.<\/p>\n<p>Publisert<\/p>\n<p>16.12.2025, kl. 11.12<\/p>\n<p>Oppdatert<\/p>\n<p>16.12.2025, kl. 17.08<\/p>\n","protected":false},"excerpt":{"rendered":"Rennende nese og rommet fullt av snytepapir. Influensasesongen er i gang ogs\u00e5 i Nord-Norge. \u2013 Den har kommet,&hellip;\n","protected":false},"author":2,"featured_media":114939,"comment_status":"","ping_status":"","sticky":false,"template":"","format":"standard","meta":{"footnotes":""},"categories":[10],"tags":[20,21,24,25,15,22,23,13,30,28,29,14,16,26,27],"class_list":{"0":"post-114938","1":"post","2":"type-post","3":"status-publish","4":"format-standard","5":"has-post-thumbnail","7":"category-norge","8":"tag-breaking-news","9":"tag-breakingnews","10":"tag-featured-news","11":"tag-featurednews","12":"tag-headlines","13":"tag-latest-news","14":"tag-latestnews","15":"tag-news","16":"tag-no","17":"tag-norge","18":"tag-norway","19":"tag-nyheter","20":"tag-overskrifter","21":"tag-top-stories","22":"tag-topstories"},"share_on_mastodon":{"url":"https:\/\/pubeurope.com\/@no\/115730991234604088","error":""},"_links":{"self":[{"href":"https:\/\/www.europesays.com\/no\/wp-json\/wp\/v2\/posts\/114938","targetHints":{"allow":["GET"]}}],"collection":[{"href":"https:\/\/www.europesays.com\/no\/wp-json\/wp\/v2\/posts"}],"about":[{"href":"https:\/\/www.europesays.com\/no\/wp-json\/wp\/v2\/types\/post"}],"author":[{"embeddable":true,"href":"https:\/\/www.europesays.com\/no\/wp-json\/wp\/v2\/users\/2"}],"replies":[{"embeddable":true,"href":"https:\/\/www.europesays.com\/no\/wp-json\/wp\/v2\/comments?post=114938"}],"version-history":[{"count":0,"href":"https:\/\/www.europesays.com\/no\/wp-json\/wp\/v2\/posts\/114938\/revisions"}],"wp:featuredmedia":[{"embeddable":true,"href":"https:\/\/www.europesays.com\/no\/wp-json\/wp\/v2\/media\/114939"}],"wp:attachment":[{"href":"https:\/\/www.europesays.com\/no\/wp-json\/wp\/v2\/media?parent=114938"}],"wp:term":[{"taxonomy":"category","embeddable":true,"href":"https:\/\/www.europesays.com\/no\/wp-json\/wp\/v2\/categories?post=114938"},{"taxonomy":"post_tag","embeddable":true,"href":"https:\/\/www.europesays.com\/no\/wp-json\/wp\/v2\/tags?post=114938"}],"curies":[{"name":"wp","href":"https:\/\/api.w.org\/{rel}","templated":true}]}}