{"id":114940,"date":"2025-12-16T19:53:30","date_gmt":"2025-12-16T19:53:30","guid":{"rendered":"https:\/\/www.europesays.com\/no\/114940\/"},"modified":"2025-12-16T19:53:30","modified_gmt":"2025-12-16T19:53:30","slug":"en-fredspris-her-og-en-fredspris-der","status":"publish","type":"post","link":"https:\/\/www.europesays.com\/no\/114940\/","title":{"rendered":"En fredspris her og en fredspris der"},"content":{"rendered":"<p>Riktignok er det en pris ingen har h\u00f8rt om f\u00f8r, og som man vel neppe kommer til \u00e5 h\u00f8re om igjen, men fredspris er fredspris.<\/p>\n<p>Det er det internasjonale fotballforbundet, FIFA, som har etablert prisen og delt den ut. Prisen ble opprettet i november 2025, og allerede 5. desember var vinneren klar. Da kunne initiativtaker Gianni Infantino stolt henge medaljen rundt halsen p\u00e5 vinneren \u2013 en medalje som mest av alt minner om de sjokolademedaljene som deles ut i barneselskaper. Og Trump takket for prisen med \u00e5 skryte p\u00e5 seg alle de krigene og konfliktene han hadde l\u00f8st det siste \u00e5ret \u2013 noen rakk ikke engang \u00e5 bli verken krig eller konflikt for de var ryddet opp i.<\/p>\n<p>Alternative fredspriser<\/p>\n<p>Det har v\u00e6rt opprettet alternative fredspriser tidligere ogs\u00e5; flere av dem som en direkte kritikk av Nobelprisen. Det gjaldt eksempelvis den \u00abFolkets Fredspris\u00bb som ble opprettet i Norge i 1974. Bakgrunnen var at den katolske biskopen H\u00e9lder C\u00e2mara fra Brasil var blitt nominert til Nobels Fredspris en rekke ganger uten at han fikk den. Ikke minst var to av Nobelkomiteens medlemmer, H\u00f8yre-politikerne Sjur Lindebr\u00e6kke og Bernt Ingvaldsen, sterkt imot en slik tildeling; biskopen var kjent som en sv\u00e6rt sterk kritiker av det dav\u00e6rende milit\u00e6rregimet i Brasil. I stedet fikk han \u00abFolkets Fredspris\u00bb det samme \u00e5ret.<\/p>\n<p>Prisen er senere delt ut noen f\u00e5 ganger, og med flere \u00e5rs mellomrom. I 1974 fikk de to irske fredskvinnene Betty Williams og Mairead Corrigan prisen, men fikk s\u00e5 Nobels Fredspris to \u00e5r senere. Den svenske politikeren Alva Myrdal, fikk b\u00e5de Folkets Fredspris og Nobels fredspris i 1982.<\/p>\n<p>Den siste som fikk prisen var den israelske atomteknikeren Mordechai Vanunu i 2005. Da hadde den ikke v\u00e6rt delt ut siden 1991.<\/p>\n<p>Stalin og Lenin<\/p>\n<p>Mer kontroversiell var den fredsprisen som ble opprettet i det dav\u00e6rende Sovjet i 1949. Den het i utgangspunktet \u00abStalins fredspris\u00bb, og ble opprettet i forbindelse med diktatorens 70-\u00e5rsdag.<\/p>\n<p>I 1957 ble navnet endret til \u00abLenins fredspris\u00bb. Form\u00e5let med prisen var \u00e5 \u00abstyrke freden mellom nasjonene\u00bb, og den ble bare gitt til personer som ikke var sovjetiske borgere. Det kunne v\u00e6re flere tildelinger i l\u00f8pet av et \u00e5r, og mange av tildelingene gikk til kulturpersonligheter, mer enn politikere. Forfattere som islandske Halld\u00f3r Laxness og danske Martin Andersen Nex\u00f8, fikk den, det samme gjorde den afroamerikanske sangeren Paul Robson og maleren Pablo Picasso. Den eneste norske mottakeren av Stalins Fredspris var presten Ragnar Forbech (1955). Prisen ble delt ut siste gang i 1990.<\/p>\n<p>20 priser<\/p>\n<p>Sjekker man Wikipedia, vil man kunne finne artikler om i alt 20 forskjellige fredspriser verden rundt. Flere av dem fikk kort levetid. En av disse er den fredsprisen som b\u00e6rer Konfucius\u2019 navn. Den ble opprettet i 2010 som en reaksjon p\u00e5 at Nobels Fredspris var blitt tildelt den kinesiske dissidenten Liu Xiaobo. Blant de som har f\u00e5tt denne prisen er Vladimir Putin (2011) og Robert Mugabe (2015). Etter det er den ikke blitt delt ut flere ganger.<\/p>\n<p><a href=\"https:\/\/www.fvn.no\/sport\/i\/16krwM\/fifa-sjefen-klaget-inn-organisasjon-vil-ha-trump-pris-gransket\" rel=\"nofollow noopener\" target=\"_blank\"> <img decoding=\"async\" src=\"data:image\/gif;base64,R0lGODlhEAAJAIAAAP\/\/\/wAAACH5BAEAAAAALAAAAAAQAAkAAAIKhI+py+0Po5yUFQA7\" alt=\"\"\/>   Fifa-sjefen klaget inn \u2013 organisasjon vil ha Trump-pris gransket  <\/a> <\/p>\n<p>\u00c5pen <\/p>\n<p><a href=\"https:\/\/www.fvn.no\/mening\/kommentar\/i\/gkPrVJ\/en-hoeyrisikabel-nobelpris\" rel=\"nofollow noopener\" target=\"_blank\"> <img decoding=\"async\" src=\"data:image\/gif;base64,R0lGODlhEAAJAIAAAP\/\/\/wAAACH5BAEAAAAALAAAAAAQAAkAAAIKhI+py+0Po5yUFQA7\" alt=\"\"\/>   En h\u00f8yri\u00adsikabel Nobel\u00adpris  <\/a> <a href=\"https:\/\/www.fvn.no\/mening\/debattinnlegg\/i\/Exor4K\/epsteins-nettverk-mer-enn-trump\" rel=\"nofollow noopener\" target=\"_blank\"> <img decoding=\"async\" src=\"data:image\/gif;base64,R0lGODlhEAAJAIAAAP\/\/\/wAAACH5BAEAAAAALAAAAAAQAAkAAAIKhI+py+0Po5yUFQA7\" alt=\"\"\/>   Epsteins nettverk \u2013 mer enn Trump  <\/a> <\/p>\n<p>\u00c5pen <\/p>\n","protected":false},"excerpt":{"rendered":"Riktignok er det en pris ingen har h\u00f8rt om f\u00f8r, og som man vel neppe kommer til \u00e5&hellip;\n","protected":false},"author":2,"featured_media":114941,"comment_status":"","ping_status":"","sticky":false,"template":"","format":"standard","meta":{"footnotes":""},"categories":[59],"tags":[55,2326,13961,30,28,29,83,82],"class_list":{"0":"post-114940","1":"post","2":"type-post","3":"status-publish","4":"format-standard","5":"has-post-thumbnail","7":"category-sport","8":"tag-donald-trump","9":"tag-fifa","10":"tag-krig-og-konfliktar","11":"tag-no","12":"tag-norge","13":"tag-norway","14":"tag-sport","15":"tag-sports"},"share_on_mastodon":{"url":"https:\/\/pubeurope.com\/@no\/115730999133477326","error":""},"_links":{"self":[{"href":"https:\/\/www.europesays.com\/no\/wp-json\/wp\/v2\/posts\/114940","targetHints":{"allow":["GET"]}}],"collection":[{"href":"https:\/\/www.europesays.com\/no\/wp-json\/wp\/v2\/posts"}],"about":[{"href":"https:\/\/www.europesays.com\/no\/wp-json\/wp\/v2\/types\/post"}],"author":[{"embeddable":true,"href":"https:\/\/www.europesays.com\/no\/wp-json\/wp\/v2\/users\/2"}],"replies":[{"embeddable":true,"href":"https:\/\/www.europesays.com\/no\/wp-json\/wp\/v2\/comments?post=114940"}],"version-history":[{"count":0,"href":"https:\/\/www.europesays.com\/no\/wp-json\/wp\/v2\/posts\/114940\/revisions"}],"wp:featuredmedia":[{"embeddable":true,"href":"https:\/\/www.europesays.com\/no\/wp-json\/wp\/v2\/media\/114941"}],"wp:attachment":[{"href":"https:\/\/www.europesays.com\/no\/wp-json\/wp\/v2\/media?parent=114940"}],"wp:term":[{"taxonomy":"category","embeddable":true,"href":"https:\/\/www.europesays.com\/no\/wp-json\/wp\/v2\/categories?post=114940"},{"taxonomy":"post_tag","embeddable":true,"href":"https:\/\/www.europesays.com\/no\/wp-json\/wp\/v2\/tags?post=114940"}],"curies":[{"name":"wp","href":"https:\/\/api.w.org\/{rel}","templated":true}]}}