{"id":114942,"date":"2025-12-16T19:58:12","date_gmt":"2025-12-16T19:58:12","guid":{"rendered":"https:\/\/www.europesays.com\/no\/114942\/"},"modified":"2025-12-16T19:58:12","modified_gmt":"2025-12-16T19:58:12","slug":"haerverk-mot-den-snille-nissen-i-kirkerudbakken-skisenter","status":"publish","type":"post","link":"https:\/\/www.europesays.com\/no\/114942\/","title":{"rendered":"H\u00e6rverk mot \u00abDen snille nissen\u00bb i Kirkerudbakken skisenter"},"content":{"rendered":"\n<p class=\"_lead_o9xde_2 _lead_xtcu6_50 layout-component text-serif-m layout-normal text-serif-l layout-component layout-wide layout-padded _wide_17hqh_1 layout-padded\">Hans Kristiansen fortviler etter angrepet p\u00e5 juledekorasjonen, men lover en uvanlig \u00abstraff\u00bb om synderne melder seg!<\/p>\n<p><img alt=\"Slik s\u00e5 julenissen i skisenteret ut f\u00f8r h\u00e6rverket fant sted. Foto: Privat\" class=\"_image_qp4xg_65 layout-component layout-wide\" data-fullscreen- data-track-element-type=\"Article image fullscreen\" data-track-name=\"ImageFullscreen\" fetchpriority=\"high\" decoding=\"sync\" loading=\"eager\" height=\"570\" itemprop=\"image\"  src=\"https:\/\/www.europesays.com\/no\/wp-content\/uploads\/2025\/12\/8ebbe7af-d543-478e-baa0-0c6e74e56e2b\"  style=\"object-position:0% 0%\" width=\"461\"\/>Slik s\u00e5 julenissen i skisenteret ut f\u00f8r h\u00e6rverket fant sted. Foto: Privat<\/p>\n<ul aria-hidden=\"true\" class=\"_images_ntbth_112\">\n<li><a class=\"_link_ntbth_117\" href=\"https:\/\/www.vg.no\/forfatter\/fredrik-ouren-jostad\" style=\"z-index:1\" title=\"Fredrik Ouren Jostad\" rel=\"nofollow noopener\" target=\"_blank\"><img alt=\"Bilde av Fredrik Ouren Jostad\" class=\"_image_ntbth_93\" fetchpriority=\"low\" loading=\"lazy\" decoding=\"async\" itemprop=\"image\"  src=\"https:\/\/www.europesays.com\/no\/wp-content\/uploads\/2025\/12\/1765915090_608_44a138e9-ee61-47be-8b25-b699b8f538d1\"  width=\"480\"\/><\/a><\/li>\n<\/ul>\n<p> Oppdatert tirsdag 16. desember kl. 20:54     <\/p>\n<p class=\"_paragraph_o9xde_4 _paragraph_xtcu6_10 layout-component text-serif-m layout-normal text-serif-m layout-padded\">\u2013 Det var trist n\u00e5r vi kom opp og s\u00e5 at den var klappet sammen. Vi skj\u00f8nte med en gang at det var h\u00e6rverk, sier Hans Kristiansen, driftsleder i Kirkerudbakken skisenter til VG.<\/p>\n<p class=\"_paragraph_o9xde_4 _paragraph_xtcu6_10 layout-component text-serif-m layout-normal text-serif-m layout-padded\">De siste syv \u00e5rene har \u00abDen snille nissen\u00bb som den kalles, tatt imot ski- og snowboardgjester i bakken. <\/p>\n<p class=\"_paragraph_o9xde_4 _paragraph_xtcu6_10 layout-component text-serif-m layout-normal text-serif-m layout-padded\">Nissen ble gitt i gave av en Europris-butikk i Sandvika som ikke hadde plass til den.<\/p>\n<p><img alt=\"Foto: Privat\" class=\"_image_qp4xg_65 layout-component layout-normal\" data-fullscreen- data-track-element-type=\"Article image fullscreen\" data-track-name=\"ImageFullscreen\" decoding=\"async\" loading=\"lazy\" height=\"925\" itemprop=\"image\"  src=\"https:\/\/www.europesays.com\/no\/wp-content\/uploads\/2025\/12\/f2f95533-cddd-49d2-970a-1736aecf8d2b\"  style=\"object-position:0% 0%\" width=\"744\"\/>Foto: Privat<\/p>\n<p class=\"_paragraph_o9xde_4 _paragraph_xtcu6_10 layout-component text-serif-m layout-normal text-serif-m layout-padded\">Den oppbl\u00e5sbare julenissen har v\u00e6rt et fast innslag hvert \u00e5r siden da, men i \u00e5r fikk den ikke st\u00e5 der i fred.<\/p>\n<p class=\"_paragraph_o9xde_4 _paragraph_xtcu6_10 layout-component text-serif-m layout-normal text-serif-m layout-padded\">\u2013 I l\u00f8pet av nattennattenNatt til mandag 15. desember s\u00e5 jeg p\u00e5 webkameraet at det var skjedd noe. Julenissen var borte, forteller Kristiansen.<\/p>\n<p><img alt=\"Driftsleder i Kirkerudbakken, Hans Kristiansen  Foto: Privat\" class=\"_image_qp4xg_65 layout-component layout-normal\" data-fullscreen- data-track-element-type=\"Article image fullscreen\" data-track-name=\"ImageFullscreen\" decoding=\"async\" loading=\"lazy\" height=\"1190\" itemprop=\"image\"  src=\"https:\/\/www.europesays.com\/no\/wp-content\/uploads\/2025\/12\/a6275db7-a30f-4e85-993d-8ef85b1b3e8a\"  style=\"object-position:0% 0%\" width=\"747\"\/>Driftsleder i Kirkerudbakken, Hans Kristiansen  Foto: Privat<\/p>\n<p class=\"_paragraph_o9xde_4 _paragraph_xtcu6_10 layout-component text-serif-m layout-normal text-serif-m layout-padded\">Det viste seg at julenissen ikke hadde stukket av, men at den hadde blitt stukket. <\/p>\n<p class=\"_paragraph_o9xde_4 _paragraph_xtcu6_10 layout-component text-serif-m layout-normal text-serif-m layout-padded\">I tillegg var en lyskaster som sto foran nissen, ogs\u00e5 revet bort og kastet unna. Han forteller at de har sett to personer p\u00e5 webkameraet.<\/p>\n<p> Ligger i garasjen<\/p>\n<p class=\"_paragraph_o9xde_4 _paragraph_xtcu6_10 layout-component text-serif-m layout-normal text-serif-m layout-padded\">Etter h\u00e6rverket s\u00e5 driftslederen seg n\u00f8dt til \u00e5 pakke bort \u00abDen snille nissen\u00bb, som n\u00e5 ligger slapp i garasjen, og venter p\u00e5 \u00e5 f\u00e5 liv i seg.<\/p>\n<p class=\"_paragraph_o9xde_4 _paragraph_xtcu6_10 layout-component text-serif-m layout-normal text-serif-m layout-padded\">\u2013 Du kan si at den er til reparasjon, og vi trenger nok en syerske for \u00e5 fikse nissen. Men det har vi ikke, s\u00e5 vi f\u00e5r se hva som skjer. Hvis det er noen som har en nisse som de vil gi bort, s\u00e5 tar vi gladelig imot en, sier Hans Kristiansen til <a href=\"https:\/\/www.budstikka.no\/slik-sa-julenissen-ut-etter-harverket-jeg-synes-det-er-trist\/s\/5-55-2163983\" class=\"_link_o9xde_39\" rel=\"nofollow noopener\" target=\"_blank\">Budstikka<\/a> som omtalte saken f\u00f8rst.<\/p>\n<p class=\"_paragraph_o9xde_4 _paragraph_xtcu6_10 layout-component text-serif-m layout-normal text-serif-m layout-padded\">P\u00e5 flere bilder Kristiansen har sendt til VG, ser man nissen b\u00e5de f\u00f8r og etter den ble utsatt for h\u00e6rverk. <\/p>\n<p><img alt=\"F\u00f8r.\" class=\"_image_qp4xg_65 layout-component layout-normal\" data-fullscreen- data-track-element-type=\"Article image fullscreen\" data-track-name=\"ImageFullscreen\" decoding=\"async\" loading=\"lazy\" height=\"1373\" itemprop=\"image\"  src=\"https:\/\/www.europesays.com\/no\/wp-content\/uploads\/2025\/12\/e4f5e08c-46a2-4f15-93c9-6f01ee5287d4\"  style=\"object-position:0% 0%\" width=\"1030\"\/>F\u00f8r.<img alt=\"Etter...\" class=\"_image_qp4xg_65 layout-component layout-normal\" data-fullscreen- data-track-element-type=\"Article image fullscreen\" data-track-name=\"ImageFullscreen\" decoding=\"async\" loading=\"lazy\" height=\"770\" itemprop=\"image\"  src=\"https:\/\/www.europesays.com\/no\/wp-content\/uploads\/2025\/12\/cc0adce3-30b5-4605-b457-5130dd1ebb6a\"  style=\"object-position:0% 0%\" width=\"528\"\/>Etter&#8230; \u2013 De skal f\u00e5 dagskort<\/p>\n<p class=\"_paragraph_o9xde_4 _paragraph_xtcu6_10 layout-component text-serif-m layout-normal text-serif-m layout-padded\">Men til tross for skuffelsen over h\u00e6rverket, kommer Kristiansen med en overraskende reaksjon. Han planlegger nemlig en oppsiktsvekkende \u00abstraff\u00bb til de som har \u00f8delagt juledekorasjonen hans.<\/p>\n<p class=\"_paragraph_o9xde_4 _paragraph_xtcu6_10 layout-component text-serif-m layout-normal text-serif-m layout-padded\">\u2013 Man blir litt sint med en gang, disse er nok ikke kunder hos oss. Men de f\u00e5r komme hit og bekjenne sine synder, vi er ikke sure eller noe. <\/p>\n<p class=\"_paragraph_o9xde_4 _paragraph_xtcu6_10 layout-component text-serif-m layout-normal text-serif-m layout-padded\">\u2013 De skal f\u00e5 et dagskort hvis de sier ifra, slik at de forst\u00e5r hvor g\u00f8y det er i denne bakken. Jeg \u00f8nsker ikke \u00e5 anmelde, det f\u00f8rer ingen vei og blir henlagt uansett.<\/p>\n","protected":false},"excerpt":{"rendered":"Hans Kristiansen fortviler etter angrepet p\u00e5 juledekorasjonen, men lover en uvanlig \u00abstraff\u00bb om synderne melder seg! Slik s\u00e5&hellip;\n","protected":false},"author":2,"featured_media":114943,"comment_status":"","ping_status":"","sticky":false,"template":"","format":"standard","meta":{"footnotes":""},"categories":[10],"tags":[20,21,24,25,15,5593,22,23,13,12201,30,28,29,14,16,26,27],"class_list":{"0":"post-114942","1":"post","2":"type-post","3":"status-publish","4":"format-standard","5":"has-post-thumbnail","7":"category-norge","8":"tag-breaking-news","9":"tag-breakingnews","10":"tag-featured-news","11":"tag-featurednews","12":"tag-headlines","13":"tag-jul","14":"tag-latest-news","15":"tag-latestnews","16":"tag-news","17":"tag-nisse","18":"tag-no","19":"tag-norge","20":"tag-norway","21":"tag-nyheter","22":"tag-overskrifter","23":"tag-top-stories","24":"tag-topstories"},"share_on_mastodon":{"url":"https:\/\/pubeurope.com\/@no\/115731019917310813","error":""},"_links":{"self":[{"href":"https:\/\/www.europesays.com\/no\/wp-json\/wp\/v2\/posts\/114942","targetHints":{"allow":["GET"]}}],"collection":[{"href":"https:\/\/www.europesays.com\/no\/wp-json\/wp\/v2\/posts"}],"about":[{"href":"https:\/\/www.europesays.com\/no\/wp-json\/wp\/v2\/types\/post"}],"author":[{"embeddable":true,"href":"https:\/\/www.europesays.com\/no\/wp-json\/wp\/v2\/users\/2"}],"replies":[{"embeddable":true,"href":"https:\/\/www.europesays.com\/no\/wp-json\/wp\/v2\/comments?post=114942"}],"version-history":[{"count":0,"href":"https:\/\/www.europesays.com\/no\/wp-json\/wp\/v2\/posts\/114942\/revisions"}],"wp:featuredmedia":[{"embeddable":true,"href":"https:\/\/www.europesays.com\/no\/wp-json\/wp\/v2\/media\/114943"}],"wp:attachment":[{"href":"https:\/\/www.europesays.com\/no\/wp-json\/wp\/v2\/media?parent=114942"}],"wp:term":[{"taxonomy":"category","embeddable":true,"href":"https:\/\/www.europesays.com\/no\/wp-json\/wp\/v2\/categories?post=114942"},{"taxonomy":"post_tag","embeddable":true,"href":"https:\/\/www.europesays.com\/no\/wp-json\/wp\/v2\/tags?post=114942"}],"curies":[{"name":"wp","href":"https:\/\/api.w.org\/{rel}","templated":true}]}}