{"id":114944,"date":"2025-12-16T19:59:12","date_gmt":"2025-12-16T19:59:12","guid":{"rendered":"https:\/\/www.europesays.com\/no\/114944\/"},"modified":"2025-12-16T19:59:12","modified_gmt":"2025-12-16T19:59:12","slug":"unge-meninger-problematiske-jentepodkaster","status":"publish","type":"post","link":"https:\/\/www.europesays.com\/no\/114944\/","title":{"rendered":"Unge meninger: Problematiske jentepodkaster"},"content":{"rendered":"\n<p class=\"_prefix_nfjwc_1 layout-padded\">Meninger<br \/>Unge meninger<\/p>\n<p class=\"_lead_o9xde_2 _lead_xtcu6_50 layout-component text-serif-m layout-normal text-serif-l _lead_1eue0_21 layout-component layout-normal layout-padded layout-padded\">De er norske mediers st\u00f8rste ekkokammer. <\/p>\n<p><img decoding=\"async\" class=\"_image_1pdwo_15\" itemprop=\"image\" loading=\"lazy\"  src=\"https:\/\/www.europesays.com\/no\/wp-content\/uploads\/2025\/12\/b557ee71-6445-4d35-b6f5-ae305ff1a28c\"  width=\"40\"\/><strong>Joel Ysteb\u00f8<\/strong><\/p>\n<p class=\"_description_1pdwo_10 text-sans-s\">Stortingsrepresentant for Krf<\/p>\n<p><img alt=\"Frida Hollund og \u00d8yunn Krogh har den popul\u00e6re podkasten \u00abKaffesk\u00e5l\u00bb. Foto: Javad Parsa \/ NTB\" class=\"_image_qp4xg_65 layout-component layout-wide\" data-fullscreen- data-track-element-type=\"Article image fullscreen\" data-track-name=\"ImageFullscreen\" fetchpriority=\"high\" decoding=\"sync\" loading=\"eager\" height=\"5576\" itemprop=\"image\"  src=\"https:\/\/www.europesays.com\/no\/wp-content\/uploads\/2025\/12\/87530a6b-1a63-483e-a7fb-075c9115170c\"  style=\"object-position:0% 0%\" width=\"8364\"\/>Frida Hollund og \u00d8yunn Krogh har den popul\u00e6re podkasten \u00abKaffesk\u00e5l\u00bb. Foto: Javad Parsa \/ NTBTirsdag 16. desember kl. 19:33     <\/p>\n<p class=\"_paragraph_o9xde_4 _paragraph_xtcu6_10 layout-component text-serif-m layout-normal text-serif-m layout-padded\">Podkaster fra den s\u00e5kalte \u00abmannosf\u00e6ren\u00bb har lenge f\u00e5tt kritikk. <\/p>\n<p class=\"_paragraph_o9xde_4 _paragraph_xtcu6_10 layout-component text-serif-m layout-normal text-serif-m layout-padded\">Profiler som Wolfgang WeeWolfgang WeeWolfgang Wee er en norsk podkastvert, mest kjent som programleder for Wolfgang Wee Uncut. Podkasten best\u00e5r hovedsakelig av lange samtaler med gjester fra politikk, media, forskning og popul\u00e6rkultur. og<a href=\"https:\/\/www.vg.no\/nyheter\/i\/GyLq0x\/gutta-paa-youtube-naa-er-det-politikk\" data-track-element-type=\"Link\" data-track-id=\"link:GyLq0x\" class=\"_link_o9xde_39\" rel=\"nofollow noopener\" target=\"_blank\"> \u00abGutta\u00bb <\/a>anklages ofte for \u00e5 skape<a href=\"https:\/\/www.nrk.no\/kultur\/kritisk-til-_gutta-as__-_-selv-om-du-driver-med-humor-kan-du-ikke-gjore-hva-du-vil-1.17316620\" class=\"_link_o9xde_39\" rel=\"nofollow noopener\" target=\"_blank\"> ekkokammer,<\/a> og flere har pekt p\u00e5 dem som en<a href=\"https:\/\/www.nettavisen.no\/kjendis\/slakter-oskar-westerlin-video-rett-og-slett-skammelig\/s\/5-95-2171120\" class=\"_link_o9xde_39\" rel=\"nofollow noopener\" target=\"_blank\"> utfordring for offentlig debatt.<\/a><\/p>\n<p class=\"_paragraph_o9xde_4 _paragraph_xtcu6_10 layout-component text-serif-m layout-normal text-serif-m layout-padded\">\u00c5 kritisere dem, er som \u00e5 sl\u00e5 inn en \u00e5pen d\u00f8r. <\/p>\n<p class=\"_paragraph_o9xde_4 _paragraph_xtcu6_10 layout-component text-serif-m layout-normal text-serif-m layout-padded\">Samtidig finnes det et univers som slipper nesten helt unna kritikk i offentlig debatt:<\/p>\n<p class=\"_paragraph_o9xde_4 _paragraph_xtcu6_10 layout-component text-serif-m layout-normal text-serif-m layout-padded\"><strong class=\"_strong_o9xde_25\">Jentepodkastene. <\/strong><\/p>\n<p class=\"_paragraph_o9xde_4 _paragraph_xtcu6_10 layout-component text-serif-m layout-normal text-serif-m layout-padded\">Disse podkastene er i utgangspunktet laget for \u00e5 underholde, men glir ofte inn i politiske temaer preget av syltynne politiske analyser og gjentagelse av \u00abwoke\u00bb verdioppfatninger.<\/p>\n<p class=\"_paragraph_o9xde_4 _paragraph_xtcu6_10 layout-component text-serif-m layout-normal text-serif-m layout-padded\"><strong class=\"_strong_o9xde_25\">Et eksempel er podkasten \u00abS\u00f8strene Talling\u00bb. <\/strong><\/p>\n<p class=\"_paragraph_o9xde_4 _paragraph_xtcu6_10 layout-component text-serif-m layout-normal text-serif-m layout-padded\">I podkasten fortalte de nylig at en av dem er gravid. Den gravide f\u00f8lger direkte opp med \u00abat hun skal ta abort p\u00e5 fredag\u00bb, og begge ler. Dette lages ogs\u00e5 som et some-klipp.<\/p>\n<p class=\"_paragraph_o9xde_4 _paragraph_xtcu6_10 layout-component text-serif-m layout-normal text-serif-m layout-padded\">Jeg opplever at et livsvalg av enorm etisk betydning reduseres til underholdning.<\/p>\n<p class=\"_paragraph_o9xde_4 _paragraph_xtcu6_10 layout-component text-serif-m layout-normal text-serif-m layout-padded\"><strong class=\"_strong_o9xde_25\">Det samme m\u00f8nsteret ser vi i podkastene \u00abFetisha + 1\u00bb og \u00abKaffesk\u00e5l\u00bb.<\/strong><\/p>\n<p class=\"_paragraph_o9xde_4 _paragraph_xtcu6_10 layout-component text-serif-m layout-normal text-serif-m layout-padded\">Influencer Anine Olsen, som startet en underskriftskampanje mot KrFU-lederen da hun ytret sine meninger om abort,sine meninger om abort,KrFU-lederen Ingrid Olina Hovland sa i en podkast i h\u00f8st at kvinner b\u00f8r b\u00e6re fram barn selv om graviditeten er resultat av voldtekt.  er fast makker i \u00abFetisha +1\u00bb. <\/p>\n<p class=\"_paragraph_o9xde_4 _paragraph_xtcu6_10 layout-component text-serif-m layout-normal text-serif-m layout-padded\">Her gjentas \u00abwoke\u00bb verdistandpunkter, og alle som avviker fra dette latterliggj\u00f8res.<\/p>\n<p class=\"_paragraph_o9xde_4 _paragraph_xtcu6_10 layout-component text-serif-m layout-normal text-serif-m layout-padded\">I podkasten \u00abKaffesk\u00e5l\u00bb fikk <a href=\"https:\/\/www.vg.no\/tag\/oeyunn-krogh?utm_source=vg-article&amp;utm_medium=auto-tagger&amp;utm_campaign=xrR6lV\" class=\"_link_o9xde_39\" rel=\"nofollow noopener\" target=\"_blank\">\u00d8yunn Krogh<\/a> i h\u00f8st frie t\u00f8yler til \u00e5 karikere og rante over KrFU-lederens uttalelser, med en indignasjon som er b\u00e5de pinlig og uverdig \u00e5 h\u00f8re p\u00e5.<\/p>\n<p class=\"_paragraph_o9xde_4 _paragraph_xtcu6_10 layout-component text-serif-m layout-normal text-serif-m layout-padded\">Det som gj\u00f8r dette s\u00e6rlig urovekkende, er hvordan norske medier promoterer disse podkastene. <\/p>\n<p class=\"_paragraph_o9xde_4 _paragraph_xtcu6_10 layout-component text-serif-m layout-normal text-serif-m layout-padded\">Som om de var uskyldig underholdning. Upolitisk. Ikke noe \u00e5 diskutere. <\/p>\n<p class=\"_paragraph_o9xde_4 _paragraph_xtcu6_10 layout-component text-serif-m layout-normal text-serif-m layout-padded\"><strong class=\"_strong_o9xde_25\">Som om dem som h\u00f8rer p\u00e5, ikke kan formes av dem. <\/strong><\/p>\n<p class=\"_paragraph_o9xde_4 _paragraph_xtcu6_10 layout-component text-serif-m layout-normal text-serif-m layout-padded\">Podkast-plattformer som Podimo opptrer fullstendig ukritisk. <\/p>\n<p class=\"_paragraph_o9xde_4 _paragraph_xtcu6_10 layout-component text-serif-m layout-normal text-serif-m layout-padded\">Resultatet kan bli en generasjon unge kvinner som formes i et ekkokammer.<\/p>\n<p class=\"_paragraph_o9xde_4 _paragraph_xtcu6_10 layout-component text-serif-m layout-normal text-serif-m layout-padded\"><strong class=\"_strong_o9xde_25\">Er det greit s\u00e5 lenge det er det \u00abrette\u00bb ekkokammeret?<\/strong><\/p>\n<p class=\"_paragraph_o9xde_4 _paragraph_xtcu6_10 layout-component text-serif-m layout-normal text-serif-m layout-padded\">Som samfunn blir vi dummere av \u00e5 v\u00e6re ukritiske.<\/p>\n<p class=\"_paragraph_o9xde_4 _paragraph_xtcu6_10 layout-component text-serif-m layout-normal text-serif-m layout-padded\">Norske medier b\u00f8r stille de samme kritiske sp\u00f8rsm\u00e5lene til jentepodkastene som de gj\u00f8r til gutter p\u00e5 h\u00f8yresiden. <\/p>\n<p class=\"_paragraph_o9xde_4 _paragraph_xtcu6_10 layout-component text-serif-m layout-normal text-serif-m layout-padded\">For i disse podkastene er nyanser et fremmedord.<\/p>\n<p>      Dette er en kronikk. Kronikken gir uttrykk for skribentens holdning. Du kan sende inn kronikker og debattinnlegg til <a class=\"_link_jv5ak_10\" href=\"https:\/\/www.vg.no\/nyheter\/i\/xrR6lV\/mailto:debatt@vg.no\" rel=\"nofollow noopener\" target=\"_blank\">debatt@vg.no<\/a>. Unge meninger-prosjektet er finansiert med st\u00f8tte av Stiftelsen Tinius. <a class=\"_link_jv5ak_10\" href=\"https:\/\/www.vg.no\/informasjon\/redaksjonelle-avgjorelser\/240\" rel=\"nofollow noopener\" target=\"_blank\">Les mer<\/a>. <\/p>\n","protected":false},"excerpt":{"rendered":"MeningerUnge meninger De er norske mediers st\u00f8rste ekkokammer. Joel Ysteb\u00f8 Stortingsrepresentant for Krf Frida Hollund og \u00d8yunn Krogh&hellip;\n","protected":false},"author":2,"featured_media":114945,"comment_status":"","ping_status":"","sticky":false,"template":"","format":"standard","meta":{"footnotes":""},"categories":[5],"tags":[20,21,24,25,15,19,22,23,17,18,13,30,28,29,14,16,2496,26,27,72,103],"class_list":{"0":"post-114944","1":"post","2":"type-post","3":"status-publish","4":"format-standard","5":"has-post-thumbnail","7":"category-overskrifter","8":"tag-breaking-news","9":"tag-breakingnews","10":"tag-featured-news","11":"tag-featurednews","12":"tag-headlines","13":"tag-hovedoppslag","14":"tag-latest-news","15":"tag-latestnews","16":"tag-main-news","17":"tag-mainnews","18":"tag-news","19":"tag-no","20":"tag-norge","21":"tag-norway","22":"tag-nyheter","23":"tag-overskrifter","24":"tag-oyunn-krogh","25":"tag-top-stories","26":"tag-topstories","27":"tag-underholdning","28":"tag-vgmeninger"},"share_on_mastodon":{"url":"https:\/\/pubeurope.com\/@no\/115731022776434772","error":""},"_links":{"self":[{"href":"https:\/\/www.europesays.com\/no\/wp-json\/wp\/v2\/posts\/114944","targetHints":{"allow":["GET"]}}],"collection":[{"href":"https:\/\/www.europesays.com\/no\/wp-json\/wp\/v2\/posts"}],"about":[{"href":"https:\/\/www.europesays.com\/no\/wp-json\/wp\/v2\/types\/post"}],"author":[{"embeddable":true,"href":"https:\/\/www.europesays.com\/no\/wp-json\/wp\/v2\/users\/2"}],"replies":[{"embeddable":true,"href":"https:\/\/www.europesays.com\/no\/wp-json\/wp\/v2\/comments?post=114944"}],"version-history":[{"count":0,"href":"https:\/\/www.europesays.com\/no\/wp-json\/wp\/v2\/posts\/114944\/revisions"}],"wp:featuredmedia":[{"embeddable":true,"href":"https:\/\/www.europesays.com\/no\/wp-json\/wp\/v2\/media\/114945"}],"wp:attachment":[{"href":"https:\/\/www.europesays.com\/no\/wp-json\/wp\/v2\/media?parent=114944"}],"wp:term":[{"taxonomy":"category","embeddable":true,"href":"https:\/\/www.europesays.com\/no\/wp-json\/wp\/v2\/categories?post=114944"},{"taxonomy":"post_tag","embeddable":true,"href":"https:\/\/www.europesays.com\/no\/wp-json\/wp\/v2\/tags?post=114944"}],"curies":[{"name":"wp","href":"https:\/\/api.w.org\/{rel}","templated":true}]}}