{"id":114950,"date":"2025-12-16T20:13:19","date_gmt":"2025-12-16T20:13:19","guid":{"rendered":"https:\/\/www.europesays.com\/no\/114950\/"},"modified":"2025-12-16T20:13:19","modified_gmt":"2025-12-16T20:13:19","slug":"nyheter-bir-nytt-biogassanlegget-apnet-epleskrotten-du-kaster-vil-fa-bussen-til-a-rulle","status":"publish","type":"post","link":"https:\/\/www.europesays.com\/no\/114950\/","title":{"rendered":"Nyheter, BIR | Nytt biogassanlegget \u00e5pnet: Epleskrotten du kaster vil f\u00e5 bussen til \u00e5 rulle"},"content":{"rendered":"\n<p>15. desember \u00e5pnet det nye biogassanlegget p\u00e5 Bj\u00f8rkemoen p\u00e5 Voss. Det melder BIR i en pressemelding.<\/p>\n<p>Fra n\u00e5 av skal alt matavfall i BIR-omr\u00e5det behandles p\u00e5 Voss.<\/p>\n<p>\u2013 Anlegget markerer et stort steg videre i v\u00e5r satsing p\u00e5 sirkul\u00e6r ressursutnyttelse og klimavennlige l\u00f8sninger. Matavfallet fra v\u00e5re kunder vil sammen med husdyrm\u00f8kk fra b\u00f8ndene p\u00e5 Voss bli omdannet til fornybar biogass og n\u00e6ringsrik biogj\u00f8dsel. Slik skaper vi et lokalt kretsl\u00f8p der energi og n\u00e6ringsstoffer utnyttes bedre enn f\u00f8r, sier Borghild Lekve, konsernsjef i BIR.<\/p>\n<p>   <img decoding=\"async\" width=\"576\" height=\"432\" fetchpriority=\"low\"  loading=\"lazy\"  src=\"https:\/\/www.europesays.com\/no\/wp-content\/uploads\/2025\/12\/unnamed+%286%29.jpg\" alt=\"\" class=\"brick-c-cFOWSL\" style=\"--brick-image-ratio: 576 \/ 432;\"\/><\/p>\n<p>      Ordf\u00f8rer i Voss herad Tonje S\u00e5kvitne kaster f\u00f8rste pose med matavfall inn i mottakslommen i biogassanlegget.<br \/>\n      Foto: BIR\n    <\/p>\n<p>  Bussen kan bruke matavfallet ditt<\/p>\n<p>I l\u00f8pet av 2024 og 2025 har BIR jobbet med \u00e5 tilrettelegge for innsamling av matavfall.<\/p>\n<p>Dette har f\u00f8rt til en jevn \u00f8kning i innsamlet mengde, og mengdene forventes \u00e5 fortsette \u00e5 \u00f8ke p\u00e5 grunn av videre utrulling av henteordningen, endret kundeatferd og innf\u00f8ring av ny gebyrmodell. Forventet innsamlet og behandlet volum er ca. 15 000 tonn \u00e5rlig.<\/p>\n<p>\u2013 Vi mener fortsatt at det viktigste folk gj\u00f8r er \u00e5 spise opp maten, men det vil alltid bli rester, og det er viktig at disse sorteres i matavfallet, slik at de kan gjenvinnes. Sm\u00e5 mengder fra hvert hjem blir til store ressurser n\u00e5r alle bidrar \u2013 selv den minste epleskrott teller, forteller Borghild Lekve.<\/p>\n<p>Anlegget skal produsere 28 GWh \u00e5rlig, og all gassen skal brukes.<\/p>\n<p>St\u00f8rstedelen av volumet vil g\u00e5 til kollektivtrafikk i regionen, blant annet gjennom avtale med Redo Biosolutions som fungerer som et mellomledd og lever gassen videre til sluttbruker.<\/p>\n<p><b>\u2013 Du kan tenke deg at det matavfallet du kastet i forrige uke, n\u00e5 er med p\u00e5 \u00e5 frakte deg dit du skal med bussen, sier konsernsjefen i BIR.<\/b><\/p>\n<p>I tillegg til biogass, vil anlegget produsere ca. 40 000 tonn flytende biogj\u00f8dsel og 6 000 tonn fast biogj\u00f8dsel. Samarbeid med lokale b\u00f8nder er avgj\u00f8rende \u2013 b\u00e5de for \u00e5 f\u00e5 inn husdyrm\u00f8kk som innsatsfaktor, og for salg av biogj\u00f8dselen.<\/p>\n<p>   <img decoding=\"async\" width=\"576\" height=\"432\" fetchpriority=\"low\"  loading=\"lazy\"  src=\"https:\/\/www.europesays.com\/no\/wp-content\/uploads\/2025\/12\/unnamed+%285%29.jpg\" alt=\"\" class=\"brick-c-cFOWSL\" style=\"--brick-image-ratio: 576 \/ 432;\"\/><\/p>\n<p>      Biogassanlegget p\u00e5 Voss er \u00e5pnet.<br \/>\n      Foto: BIR\n    <\/p>\n<p>  Papirposer sikrer ren biogj\u00f8dsel<\/p>\n<p>Anlegget har f\u00e5tt vilk\u00e5r om \u00e5 kun tillate matavfall innsamlet i papirposer.<\/p>\n<p>\u2013 Papir er hundre prosent nedbrytbart, og det gj\u00f8r gj\u00f8dselen milj\u00f8vennlig og helt uten mikroplast, sier Lekve, og legger til at papirposen ogs\u00e5 er det beste valget under kj\u00f8kkenbenken: \u2013 Brukt riktig t\u00f8rker matavfallet i papirposen, noe som reduserer lukt og s\u00f8l.<\/p>\n<p>I BIR-omr\u00e5det sorterer alle kundene matavfall i papirposer, men anlegget skal ogs\u00e5 ta imot matavfall fra andre selskap, hvor det sorteres i plastposer.<\/p>\n<p>\u2013 Forbehandlingsanlegget v\u00e5rt p\u00e5 Voss kan h\u00e5ndtere en gitt mengde plast og ta dette ut, men det er viktig at flest mulig bruker papirposer.<\/p>\n<p>Viktig satsing<\/p>\n<p>I 2023 vedtok BIR at det skulle bygges biogassanlegg p\u00e5 Voss.<\/p>\n<p>\u2013 IHM hadde lenge jobbet med tanker om et biogassanlegg p\u00e5 Voss, men hadde for lite matavfall. Ved \u00e5 bygge biogassanlegg p\u00e5 Voss og koble matavfall og husdyrm\u00f8kk, kan biorest g\u00e5 direkte tilbake til b\u00f8ndene, s\u00e5 dette har blitt en kortreist og veldig god milj\u00f8historie, forteller konsernsjef Lekve.<\/p>\n<p>Anlegget ble ferdig p\u00e5 tiden og var innenfor kostnadsrammen p\u00e5 370 millioner kroner. Etter fjerde drifts\u00e5r forventes anlegget \u00e5 g\u00e5 i pluss.<\/p>\n<p><b>\u2013 Det som tidligere ble sett p\u00e5 som avfall, f\u00e5r n\u00e5 verdi \u2013 for kunder, landbruket og regionen. Biogassanlegget er det st\u00f8rste enkeltst\u00e5ende milj\u00f8- og klimatiltaket i regionen i 2025. Det er ogs\u00e5 f\u00f8rste biogassanlegg i sitt slag i Vestland fylke.<\/b><\/p>\n","protected":false},"excerpt":{"rendered":"15. desember \u00e5pnet det nye biogassanlegget p\u00e5 Bj\u00f8rkemoen p\u00e5 Voss. Det melder BIR i en pressemelding. Fra n\u00e5&hellip;\n","protected":false},"author":2,"featured_media":114951,"comment_status":"","ping_status":"","sticky":false,"template":"","format":"standard","meta":{"footnotes":""},"categories":[10],"tags":[36,13962,20,21,24,25,15,22,23,13,30,28,29,14,16,1510,26,27,1847],"class_list":{"0":"post-114950","1":"post","2":"type-post","3":"status-publish","4":"format-standard","5":"has-post-thumbnail","7":"category-norge","8":"tag-art","9":"tag-bir","10":"tag-breaking-news","11":"tag-breakingnews","12":"tag-featured-news","13":"tag-featurednews","14":"tag-headlines","15":"tag-latest-news","16":"tag-latestnews","17":"tag-news","18":"tag-no","19":"tag-norge","20":"tag-norway","21":"tag-nyheter","22":"tag-overskrifter","23":"tag-story","24":"tag-top-stories","25":"tag-topstories","26":"tag-voss"},"share_on_mastodon":{"url":"https:\/\/pubeurope.com\/@no\/115731078110183708","error":""},"_links":{"self":[{"href":"https:\/\/www.europesays.com\/no\/wp-json\/wp\/v2\/posts\/114950","targetHints":{"allow":["GET"]}}],"collection":[{"href":"https:\/\/www.europesays.com\/no\/wp-json\/wp\/v2\/posts"}],"about":[{"href":"https:\/\/www.europesays.com\/no\/wp-json\/wp\/v2\/types\/post"}],"author":[{"embeddable":true,"href":"https:\/\/www.europesays.com\/no\/wp-json\/wp\/v2\/users\/2"}],"replies":[{"embeddable":true,"href":"https:\/\/www.europesays.com\/no\/wp-json\/wp\/v2\/comments?post=114950"}],"version-history":[{"count":0,"href":"https:\/\/www.europesays.com\/no\/wp-json\/wp\/v2\/posts\/114950\/revisions"}],"wp:featuredmedia":[{"embeddable":true,"href":"https:\/\/www.europesays.com\/no\/wp-json\/wp\/v2\/media\/114951"}],"wp:attachment":[{"href":"https:\/\/www.europesays.com\/no\/wp-json\/wp\/v2\/media?parent=114950"}],"wp:term":[{"taxonomy":"category","embeddable":true,"href":"https:\/\/www.europesays.com\/no\/wp-json\/wp\/v2\/categories?post=114950"},{"taxonomy":"post_tag","embeddable":true,"href":"https:\/\/www.europesays.com\/no\/wp-json\/wp\/v2\/tags?post=114950"}],"curies":[{"name":"wp","href":"https:\/\/api.w.org\/{rel}","templated":true}]}}