{"id":114952,"date":"2025-12-16T20:14:16","date_gmt":"2025-12-16T20:14:16","guid":{"rendered":"https:\/\/www.europesays.com\/no\/114952\/"},"modified":"2025-12-16T20:14:16","modified_gmt":"2025-12-16T20:14:16","slug":"unge-meninger-heldig-vinner-av-skattelotteriet","status":"publish","type":"post","link":"https:\/\/www.europesays.com\/no\/114952\/","title":{"rendered":"Unge meninger: \u00abHeldig\u00bb vinner av skattelotteriet"},"content":{"rendered":"\n<p class=\"_prefix_nfjwc_1 layout-padded\">Meninger<br \/>Unge meninger<\/p>\n<p class=\"_lead_o9xde_2 _lead_xtcu6_50 layout-component text-serif-m layout-normal text-serif-l _lead_1eue0_21 layout-component layout-normal layout-padded layout-padded\">Jeg vant i Regjeringen sitt skattelotteri. Til absolutt ingen nytte.<\/p>\n<p><strong>Amalie Andersen<\/strong><img alt=\"\" class=\"_image_qp4xg_65 layout-component layout-wide\" data-fullscreen- data-track-element-type=\"Article image fullscreen\" data-track-name=\"ImageFullscreen\" fetchpriority=\"high\" decoding=\"sync\" loading=\"eager\" height=\"4032\" itemprop=\"image\"  src=\"https:\/\/www.europesays.com\/no\/wp-content\/uploads\/2025\/12\/803f30b5-d168-4918-84d5-5bf5a74c2c26\"  style=\"object-position:51.91798941798942% 45.34970238095239%\" width=\"3024\"\/>Tirsdag 16. desember kl. 12:40     <\/p>\n<p class=\"_paragraph_o9xde_4 _paragraph_xtcu6_10 layout-component text-serif-m layout-normal text-serif-m layout-padded\">Regjeringen har <a href=\"https:\/\/www.vg.no\/nyheter\/i\/Gx1R8B\/skattekortet-for-2026-er-klart-er-du-trukket-ut-i-skattelotteriet\" data-track-element-type=\"Link\" data-track-id=\"link:Gx1R8B\" class=\"_link_o9xde_39\" rel=\"nofollow noopener\" target=\"_blank\">satt av 500 millioner<\/a> kroner til det omstridte \u00abskattelotteriet\u00bb.<\/p>\n<p class=\"_paragraph_o9xde_4 _paragraph_xtcu6_10 layout-component text-serif-m layout-normal text-serif-m layout-padded\">Der blir 100.000 tilfeldige mennesker mellom 20 og 35 \u00e5r blir trukket ut og f\u00e5r et arbeidsfradrag p\u00e5 skatten. <\/p>\n<p class=\"_paragraph_o9xde_4 _paragraph_xtcu6_10 layout-component text-serif-m layout-normal text-serif-m layout-padded\">For dem med lavest inntekt kan dette bety 27.500 kroner mindre i skatt. <\/p>\n<p class=\"_paragraph_o9xde_4 _paragraph_xtcu6_10 layout-component text-serif-m layout-normal text-serif-m layout-padded\"><strong class=\"_strong_o9xde_25\">Det er penger som g\u00e5r rett i lommen p\u00e5 de heldige.<\/strong><\/p>\n<p><img alt=\"Finansminister Jens Stoltenberg.  Foto: Jonas Been Henriksen \/ NTB\" class=\"_image_qp4xg_65 layout-component layout-normal\" data-fullscreen- data-track-element-type=\"Article image fullscreen\" data-track-name=\"ImageFullscreen\" decoding=\"async\" loading=\"lazy\" height=\"5353\" itemprop=\"image\"  src=\"https:\/\/www.europesays.com\/no\/wp-content\/uploads\/2025\/12\/17510ed1-7e69-403e-b92e-eb826e1d111d\"  style=\"object-position:0% 0%\" width=\"4904\"\/>Finansminister Jens Stoltenberg.  Foto: Jonas Been Henriksen \/ NTB<\/p>\n<p class=\"_paragraph_o9xde_4 _paragraph_xtcu6_10 layout-component text-serif-m layout-normal text-serif-m layout-padded\">Finansminister Jens Stoltenberg, sammen med regjeringen, \u00f8nsker \u00e5 teste ut det kostbare prosjektet for \u00e5 se om unge blir mer motivert til \u00e5 jobbe dersom de betaler mindre skatt.<\/p>\n<p class=\"_paragraph_o9xde_4 _paragraph_xtcu6_10 layout-component text-serif-m layout-normal text-serif-m layout-padded\">Personlig har jeg ikke satt meg s\u00e6rlig godt inn i denne ordningen. <\/p>\n<p class=\"_paragraph_o9xde_4 _paragraph_xtcu6_10 layout-component text-serif-m layout-normal text-serif-m layout-padded\">Siden 2022 har jeg hatt fulltidsjobb og ikke tenkt at dette er for \u00abs\u00e5nne som meg\u00bb.<\/p>\n<p class=\"_paragraph_o9xde_4 _paragraph_xtcu6_10 layout-component text-serif-m layout-normal text-serif-m layout-padded\"><strong class=\"_strong_o9xde_25\">Folk med fast, trygg og grei inntekt.<\/strong><\/p>\n<p class=\"_paragraph_o9xde_4 _paragraph_xtcu6_10 layout-component text-serif-m layout-normal text-serif-m layout-padded\">Men da jeg fikk melding fra Skatteetaten om at skattekortet mitt for 2026 var oppdatert, og jeg logget meg inn, ble jeg mildt sagt overrasket. <\/p>\n<p class=\"_paragraph_o9xde_4 _paragraph_xtcu6_10 layout-component text-serif-m layout-normal text-serif-m layout-padded\">Der sto det: \u00abDu er trukket ut og har rett p\u00e5 arbeidsfradrag\u00bb.<\/p>\n<p class=\"_paragraph_o9xde_4 _paragraph_xtcu6_10 layout-component text-serif-m layout-normal text-serif-m layout-padded\"><strong class=\"_strong_o9xde_25\">F\u00f8rst ble jeg forvirret. S\u00e5 ble jeg glad. <\/strong><\/p>\n<p class=\"_paragraph_o9xde_4 _paragraph_xtcu6_10 layout-component text-serif-m layout-normal text-serif-m layout-padded\">Hvem blir ikke glad over \u00e5 ha vunnet noe? <\/p>\n<p class=\"_paragraph_o9xde_4 _paragraph_xtcu6_10 layout-component text-serif-m layout-normal text-serif-m layout-padded\">Men gleden var kortvarig. <\/p>\n<p class=\"_paragraph_o9xde_4 _paragraph_xtcu6_10 layout-component text-serif-m layout-normal text-serif-m layout-padded\">Da jeg bladde videre, lyste neste melding mot meg: <\/p>\n<p class=\"_paragraph_o9xde_4 _paragraph_xtcu6_10 layout-component text-serif-m layout-normal text-serif-m layout-padded\">\u00abArbeidsfradraget reduserer skatten du skal betale med 0 kroner.\u00bb<\/p>\n<p class=\"_paragraph_o9xde_4 _paragraph_xtcu6_10 layout-component text-serif-m layout-normal text-serif-m layout-padded\">If\u00f8lge FriFagbevegelse er det<a href=\"https:\/\/frifagbevegelse.no\/nyheter\/snart-kommer-stoltenbergs-skattelotteri-dette-ma-du-vite-6.158.1180573.3146ed9b34#:~:text=De%20vil%20f%C3%A5%20rett%20til,27.500%20kroner%20i%20lavere%20skatteregning.&amp;text=Bare%20rundt%2042.000%20av%20dem,med%20i%20gjennomsnitt%2012.500%20kroner.&amp;text=De%20som%20blir%20trukket%20ut%2C%20informeres%20direkte.&amp;text=Ordningen%20trer%20i%20kraft%20fra,vil%20si%20allerede%20fra%20nytt%C3%A5r.\" class=\"_link_o9xde_39\" rel=\"nofollow noopener\" target=\"_blank\"> kun 42.000 av dem som trekkes ut, som faktisk f\u00e5r lavere skatt. <\/a><\/p>\n<p class=\"_paragraph_o9xde_4 _paragraph_xtcu6_10 layout-component text-serif-m layout-normal text-serif-m layout-padded\">Da kan man jo undre seg over hvor smart denne l\u00f8sningen egentlig er, og hvor lite m\u00e5lrettet den fremst\u00e5r.<\/p>\n<p class=\"_paragraph_o9xde_4 _paragraph_xtcu6_10 layout-component text-serif-m layout-normal text-serif-m layout-padded\">Jeg er et levende eksempel p\u00e5 noen som hverken trenger eller \u00f8nsker en slik skattefordel. <\/p>\n<p class=\"_paragraph_o9xde_4 _paragraph_xtcu6_10 layout-component text-serif-m layout-normal text-serif-m layout-padded\">Samtidig finnes det mange som faktisk hadde hatt nytte av 27.500 kroner mer i \u00e5ret. <\/p>\n<p class=\"_paragraph_o9xde_4 _paragraph_xtcu6_10 layout-component text-serif-m layout-normal text-serif-m layout-padded\">Og ikke minst: det finnes en rekke tiltak og prosjekter som hadde hatt langt st\u00f8rre behov for de 500 millionene staten n\u00e5 bruker p\u00e5 dette fors\u00f8ket.<\/p>\n<p class=\"_paragraph_o9xde_4 _paragraph_xtcu6_10 layout-component text-serif-m layout-normal text-serif-m layout-padded\">B\u00e5de MDG, SV, R\u00f8dt og Sp pr\u00f8vde flere ganger \u00e5 overtale Arbeiderpartiet til \u00e5 skrote ordningen under budsjettforhandlingene, skrev VG i starten av desember. <\/p>\n<p class=\"_paragraph_o9xde_4 _paragraph_xtcu6_10 layout-component text-serif-m layout-normal text-serif-m layout-padded\">Argumentet var at samarbeidspartiene mente det fantes bedre ting \u00e5 bruke pengene p\u00e5.<\/p>\n<p class=\"_paragraph_o9xde_4 _paragraph_xtcu6_10 layout-component text-serif-m layout-normal text-serif-m layout-padded\">Som en av de \u00abheldige\u00bb vinnerne, m\u00e5 jeg si meg enig.<\/p>\n<p>   Dette er en kronikk. Kronikken gir uttrykk for skribentens holdning. Du kan sende inn kronikker og debattinnlegg til <a class=\"_link_jv5ak_10\" href=\"https:\/\/www.vg.no\/nyheter\/i\/16klwe\/mailto:debatt@vg.no\" rel=\"nofollow noopener\" target=\"_blank\">debatt@vg.no<\/a>. Unge meninger-prosjektet er finansiert med st\u00f8tte av Stiftelsen Tinius. <a class=\"_link_jv5ak_10\" href=\"https:\/\/www.vg.no\/informasjon\/redaksjonelle-avgjorelser\/240\" rel=\"nofollow noopener\" target=\"_blank\">Les mer<\/a>. <\/p>\n","protected":false},"excerpt":{"rendered":"MeningerUnge meninger Jeg vant i Regjeringen sitt skattelotteri. Til absolutt ingen nytte. Amalie AndersenTirsdag 16. desember kl. 12:40&hellip;\n","protected":false},"author":2,"featured_media":114953,"comment_status":"","ping_status":"","sticky":false,"template":"","format":"standard","meta":{"footnotes":""},"categories":[5],"tags":[20,21,24,25,15,19,22,23,17,18,13,30,28,29,14,16,26,27,103],"class_list":{"0":"post-114952","1":"post","2":"type-post","3":"status-publish","4":"format-standard","5":"has-post-thumbnail","7":"category-overskrifter","8":"tag-breaking-news","9":"tag-breakingnews","10":"tag-featured-news","11":"tag-featurednews","12":"tag-headlines","13":"tag-hovedoppslag","14":"tag-latest-news","15":"tag-latestnews","16":"tag-main-news","17":"tag-mainnews","18":"tag-news","19":"tag-no","20":"tag-norge","21":"tag-norway","22":"tag-nyheter","23":"tag-overskrifter","24":"tag-top-stories","25":"tag-topstories","26":"tag-vgmeninger"},"share_on_mastodon":{"url":"https:\/\/pubeurope.com\/@no\/115731081817027108","error":""},"_links":{"self":[{"href":"https:\/\/www.europesays.com\/no\/wp-json\/wp\/v2\/posts\/114952","targetHints":{"allow":["GET"]}}],"collection":[{"href":"https:\/\/www.europesays.com\/no\/wp-json\/wp\/v2\/posts"}],"about":[{"href":"https:\/\/www.europesays.com\/no\/wp-json\/wp\/v2\/types\/post"}],"author":[{"embeddable":true,"href":"https:\/\/www.europesays.com\/no\/wp-json\/wp\/v2\/users\/2"}],"replies":[{"embeddable":true,"href":"https:\/\/www.europesays.com\/no\/wp-json\/wp\/v2\/comments?post=114952"}],"version-history":[{"count":0,"href":"https:\/\/www.europesays.com\/no\/wp-json\/wp\/v2\/posts\/114952\/revisions"}],"wp:featuredmedia":[{"embeddable":true,"href":"https:\/\/www.europesays.com\/no\/wp-json\/wp\/v2\/media\/114953"}],"wp:attachment":[{"href":"https:\/\/www.europesays.com\/no\/wp-json\/wp\/v2\/media?parent=114952"}],"wp:term":[{"taxonomy":"category","embeddable":true,"href":"https:\/\/www.europesays.com\/no\/wp-json\/wp\/v2\/categories?post=114952"},{"taxonomy":"post_tag","embeddable":true,"href":"https:\/\/www.europesays.com\/no\/wp-json\/wp\/v2\/tags?post=114952"}],"curies":[{"name":"wp","href":"https:\/\/api.w.org\/{rel}","templated":true}]}}