{"id":114956,"date":"2025-12-16T20:20:31","date_gmt":"2025-12-16T20:20:31","guid":{"rendered":"https:\/\/www.europesays.com\/no\/114956\/"},"modified":"2025-12-16T20:20:31","modified_gmt":"2025-12-16T20:20:31","slug":"storo-siktede-erkjenner-de-faktiske-forhold","status":"publish","type":"post","link":"https:\/\/www.europesays.com\/no\/114956\/","title":{"rendered":"Storo-siktede erkjenner de faktiske forhold"},"content":{"rendered":"\n<p class=\"_lead_o9xde_2 _lead_xtcu6_50 layout-component text-serif-m layout-normal text-serif-l layout-component layout-wide layout-padded _wide_17hqh_1 layout-padded\">19-\u00e5ringen som er siktet for \u00e5 ha l\u00f8snet skudd p\u00e5 Storo storsenter i Oslo, erkjenner de faktiske forhold.<\/p>\n<p><img alt=\" Foto: G\u00f8ran Bohlin \/ VG\" class=\"_image_qp4xg_65 layout-component layout-wide\" data-fullscreen- data-track-element-type=\"Article image fullscreen\" data-track-name=\"ImageFullscreen\" fetchpriority=\"high\" decoding=\"sync\" loading=\"eager\" height=\"4917\" itemprop=\"image\"  src=\"https:\/\/www.europesays.com\/no\/wp-content\/uploads\/2025\/12\/afdf6de7-0145-494b-9bc0-142239725b02\"  style=\"object-position:50.13848284351439% 56.81309741712426%\" width=\"6499\"\/> Foto: G\u00f8ran Bohlin \/ VG<\/p>\n<ul aria-hidden=\"true\" class=\"_images_ntbth_112\">\n<li><a class=\"_link_ntbth_117\" href=\"https:\/\/www.vg.no\/forfatter\/ntb\" style=\"z-index:1\" title=\"NTB\" rel=\"nofollow noopener\" target=\"_blank\"><img alt=\"Bilde av NTB\" class=\"_image_ntbth_93\" fetchpriority=\"low\" loading=\"lazy\" decoding=\"async\" itemprop=\"image\"  src=\"https:\/\/www.europesays.com\/no\/wp-content\/uploads\/2025\/12\/1765916429_546_c33980b0-5d07-4027-84a1-813f90a7c8d6\"  width=\"480\"\/><\/a><\/li>\n<\/ul>\n<p> Oppdatert tirsdag 16. desember kl. 18:15     <\/p>\n<p class=\"_paragraph_o9xde_4 _paragraph_xtcu6_10 layout-component text-serif-m layout-normal text-serif-m layout-padded\">Han er varetektsfengslet i fire uker.<\/p>\n<p class=\"_paragraph_o9xde_4 _paragraph_xtcu6_10 layout-component text-serif-m layout-normal text-serif-m layout-padded\">Retten mener det er fare for bevisforspillelse og har ogs\u00e5 besluttet brev- og bes\u00f8kskontroll, skriver\u00a0<a href=\"https:\/\/www.nrk.no\/stor-oslo\/storo-skytingen_-varetektsfengsles-i-fire-uker-1.17695088\" class=\"_link_o9xde_39\" rel=\"nofollow noopener\" target=\"_blank\">NRK.<\/a><\/p>\n<p class=\"_paragraph_o9xde_4 _paragraph_xtcu6_10 layout-component text-serif-m layout-normal text-serif-m layout-padded\">Mannens forsvarer, Dennis Nysted, opplyste tidligere tirsdag til\u00a0<a href=\"https:\/\/www.tv2.no\/nyheter\/innenriks\/storo-siktede-erkjenner-de-faktiske-forhold\/18390160\/\" class=\"_link_o9xde_39\" rel=\"nofollow noopener\" target=\"_blank\">TV 2<\/a>\u00a0at hans klient knytter seg til hendelsen.<\/p>\n<p class=\"_paragraph_o9xde_4 _paragraph_xtcu6_10 layout-component text-serif-m layout-normal text-serif-m layout-padded\">\u2013 Han har erkjent de faktiske forhold, men ikke tatt stilling til skyldsp\u00f8rsm\u00e5let, sier han til mediehuset.<\/p>\n<p class=\"_paragraph_o9xde_4 _paragraph_xtcu6_10 layout-component text-serif-m layout-normal text-serif-m layout-padded\">Forsvareren forteller at siktede har v\u00e6rt p\u00e5 sykehus for \u00e5 f\u00e5 oppf\u00f8lging for sin psykiske helse.<\/p>\n<p class=\"_paragraph_o9xde_4 _paragraph_xtcu6_10 layout-component text-serif-m layout-normal text-serif-m layout-padded\">\u2013 Vi ber p\u00e5talemyndigheten om at dette utredes n\u00e6rmere, sier han.<\/p>\n<p class=\"_paragraph_o9xde_4 _paragraph_xtcu6_10 layout-component text-serif-m layout-normal text-serif-m layout-padded\">Nysted sier ogs\u00e5 at hans klient har det tungt og vanskelig etter hendelsen.<\/p>\n<p class=\"_paragraph_o9xde_4 _paragraph_xtcu6_10 layout-component text-serif-m layout-normal text-serif-m layout-padded\">8. desember avfyrte 19-\u00e5ringen skudd inne p\u00e5 Storo Storsenter i Oslo. Skuddet ble avfyrt i et tak med en hagle. Ingen ble skadet.<\/p>\n","protected":false},"excerpt":{"rendered":"19-\u00e5ringen som er siktet for \u00e5 ha l\u00f8snet skudd p\u00e5 Storo storsenter i Oslo, erkjenner de faktiske forhold.&hellip;\n","protected":false},"author":2,"featured_media":114957,"comment_status":"","ping_status":"","sticky":false,"template":"","format":"standard","meta":{"footnotes":""},"categories":[10],"tags":[20,21,24,25,15,22,23,13,30,28,29,14,16,26,27],"class_list":{"0":"post-114956","1":"post","2":"type-post","3":"status-publish","4":"format-standard","5":"has-post-thumbnail","7":"category-norge","8":"tag-breaking-news","9":"tag-breakingnews","10":"tag-featured-news","11":"tag-featurednews","12":"tag-headlines","13":"tag-latest-news","14":"tag-latestnews","15":"tag-news","16":"tag-no","17":"tag-norge","18":"tag-norway","19":"tag-nyheter","20":"tag-overskrifter","21":"tag-top-stories","22":"tag-topstories"},"share_on_mastodon":{"url":"https:\/\/pubeurope.com\/@no\/115731105776998960","error":""},"_links":{"self":[{"href":"https:\/\/www.europesays.com\/no\/wp-json\/wp\/v2\/posts\/114956","targetHints":{"allow":["GET"]}}],"collection":[{"href":"https:\/\/www.europesays.com\/no\/wp-json\/wp\/v2\/posts"}],"about":[{"href":"https:\/\/www.europesays.com\/no\/wp-json\/wp\/v2\/types\/post"}],"author":[{"embeddable":true,"href":"https:\/\/www.europesays.com\/no\/wp-json\/wp\/v2\/users\/2"}],"replies":[{"embeddable":true,"href":"https:\/\/www.europesays.com\/no\/wp-json\/wp\/v2\/comments?post=114956"}],"version-history":[{"count":0,"href":"https:\/\/www.europesays.com\/no\/wp-json\/wp\/v2\/posts\/114956\/revisions"}],"wp:featuredmedia":[{"embeddable":true,"href":"https:\/\/www.europesays.com\/no\/wp-json\/wp\/v2\/media\/114957"}],"wp:attachment":[{"href":"https:\/\/www.europesays.com\/no\/wp-json\/wp\/v2\/media?parent=114956"}],"wp:term":[{"taxonomy":"category","embeddable":true,"href":"https:\/\/www.europesays.com\/no\/wp-json\/wp\/v2\/categories?post=114956"},{"taxonomy":"post_tag","embeddable":true,"href":"https:\/\/www.europesays.com\/no\/wp-json\/wp\/v2\/tags?post=114956"}],"curies":[{"name":"wp","href":"https:\/\/api.w.org\/{rel}","templated":true}]}}