{"id":11496,"date":"2025-08-18T15:27:10","date_gmt":"2025-08-18T15:27:10","guid":{"rendered":"https:\/\/www.europesays.com\/no\/11496\/"},"modified":"2025-08-18T15:27:10","modified_gmt":"2025-08-18T15:27:10","slug":"skulderskaden-plager-aaleksander-amodt-kilde-fortsatt-frustrerende","status":"publish","type":"post","link":"https:\/\/www.europesays.com\/no\/11496\/","title":{"rendered":"Skulderskaden plager Aaleksander Amodt Kilde fortsatt: \u2013 Frustrerende"},"content":{"rendered":"\n<p class=\"_lead_1bvmi_2 _lead_xtcu6_50 layout-component text-serif-m layout-normal text-serif-l layout-component layout-wide layout-padded _wide_17hqh_1 layout-padded\">Han har besluttet \u00e5 satse videre mot sesongen, men fremgangen i den opererte skulderen har stoppet opp.<\/p>\n<p><img alt=\" Foto: Henrik Davidsen Hellevik\" class=\"_image_qp4xg_65 layout-component layout-wide\" data-fullscreen- data-track-element-type=\"Article image fullscreen\" data-track-name=\"ImageFullscreen\" fetchpriority=\"high\" decoding=\"sync\" loading=\"eager\" height=\"680\" itemprop=\"image\"  src=\"https:\/\/www.europesays.com\/no\/wp-content\/uploads\/2025\/08\/a2d25c4a-6665-49c7-966f-620879ff3b34\"  style=\"object-position:0% 0%\" width=\"908\"\/> Foto: Henrik Davidsen Hellevik<\/p>\n<ul aria-hidden=\"true\" class=\"_images_1y6fe_106\">\n<li><a class=\"_link_1y6fe_111\" href=\"https:\/\/www.vg.no\/forfatter\/jostein-overvik\" style=\"z-index:1\" title=\"Jostein Overvik\" rel=\"nofollow noopener\" target=\"_blank\"><img alt=\"Bilde av Jostein Overvik\" class=\"_image_1y6fe_88\" fetchpriority=\"low\" loading=\"lazy\" decoding=\"async\" itemprop=\"image\"  src=\"https:\/\/www.europesays.com\/no\/wp-content\/uploads\/2025\/08\/1755530829_29_9167fa6a-7320-4d6f-b3c9-6c4ecb8beb8c\"  width=\"480\"\/><\/a><\/li>\n<\/ul>\n<p> Oppdatert mandag 18. august kl. 17:02    <\/p>\n<ul class=\"_list_1bvmi_3 _list_1flq1_85 _unordered_1bvmi_99 text-sans-m\">\n<li class=\"_item_1bvmi_30\">Aleksander Aamodt Kilde sliter fortsatt med venstre skulder, og utelukker verdenscup\u00e5pningen i S\u00f6lden.<\/li>\n<li class=\"_item_1bvmi_30\">Han h\u00e5per \u00e5 bli klar til utforstarten i Beaver Creek i desember.<\/li>\n<li class=\"_item_1bvmi_30\">Kilde drar til Chile for \u00e5 fortsette treningen med landslaget.<\/li>\n<li class=\"_item_1bvmi_30\">Dr\u00f8mmen er \u00e5 konkurrere i OL-utforen i Bormio i februar.<\/li>\n<\/ul>\n<p>Vis mer <\/p>\n<p class=\"_paragraph_1bvmi_4 _paragraph_xtcu6_10 layout-component text-serif-m layout-normal text-serif-m layout-padded\">\u2013 N\u00e5r ting g\u00e5r tregere enn man hadde h\u00e5pet, s\u00e5 blir man jo litt frustrert selvf\u00f8lgelig, sier <a href=\"https:\/\/www.vg.no\/tag\/aleksander-aamodt-kilde?utm_source=vg-article&amp;utm_medium=auto-tagger&amp;utm_campaign=GydWMl\" class=\"_link_1bvmi_39\" rel=\"nofollow noopener\" target=\"_blank\">Aleksander Aamodt Kilde<\/a> til VG.<\/p>\n<p class=\"_paragraph_1bvmi_4 _paragraph_xtcu6_10 layout-component text-serif-m layout-normal text-serif-m layout-padded\"><strong class=\"_strong_1bvmi_25\">Alpinstjernen utelukker verdenscup\u00e5pningen i S\u00f6lden 26. oktober, men h\u00e5per \u00e5 bli klar til utforstarten i Beaver Creek 5. desember.<\/strong><\/p>\n<p class=\"_paragraph_1bvmi_4 _paragraph_xtcu6_10 layout-component text-serif-m layout-normal text-serif-m layout-padded\">Det har g\u00e5tt 19 m\u00e5neder siden skrekkfallet i Wengen. Den tidligere verdenscupvinneren kan fortsatt ikke satse for fullt ned en utforl\u00f8ype. Men samlingen p\u00e5 Juvassbreen i begynnelsen av august ga ham likevel en god f\u00f8lelse p\u00e5 skiene. Det var avgj\u00f8rende.<\/p>\n<p class=\"_paragraph_1bvmi_4 _paragraph_xtcu6_10 layout-component text-serif-m layout-normal text-serif-m layout-padded\">\u2013 Det var en test p\u00e5 om dette g\u00e5r i det hele tatt. Beina og resten av kroppen kjentes veldig, veldig lovende ut, beskriver han.<\/p>\n<p><img alt=\"Foto: Privat\" class=\"_image_qp4xg_65 layout-component layout-normal\" data-fullscreen- data-track-element-type=\"Article image fullscreen\" data-track-name=\"ImageFullscreen\" decoding=\"async\" loading=\"lazy\" height=\"1544\" itemprop=\"image\"  src=\"https:\/\/www.europesays.com\/no\/wp-content\/uploads\/2025\/08\/7572b2e2-8c56-46f4-a3bf-903ad0da00cb\"  style=\"object-position:0% 0%\" width=\"2278\"\/>Foto: Privat<\/p>\n<p class=\"_paragraph_1bvmi_4 _paragraph_xtcu6_10 layout-component text-serif-m layout-normal text-serif-m layout-padded\"><strong class=\"_strong_1bvmi_25\">Dermed drar Kilde kommende torsdag p\u00e5 en fire uker lang samling i Chile sammen med resten av det norske fartslaget.<\/strong><\/p>\n<p class=\"_paragraph_1bvmi_4 _paragraph_xtcu6_10 layout-component text-serif-m layout-normal text-serif-m layout-padded\">\u2013 Det gikk s\u00e5pass bra p\u00e5 Juvass at jeg kan f\u00e5 utnyttet en del fine dager i Chile. Jeg er motivert, understreker han.<\/p>\n<p class=\"_paragraph_1bvmi_4 _paragraph_xtcu6_10 layout-component text-serif-m layout-normal text-serif-m layout-padded\">\u2013 Vi kjenner igjen skikj\u00f8reren Aleks og ser hvor god fysisk form han er i. Vi er positive og holder oss til planen, men vet jo ikke hvor lang tid dette tar, sier landslagets sportssjef Claus Ryste til VG.<\/p>\n<p class=\"_paragraph_1bvmi_4 _paragraph_xtcu6_10 layout-component text-serif-m layout-normal text-serif-m layout-padded\">Kilde m\u00e5 fortsatt kj\u00f8re med begrensninger i Andesfjellene.<\/p>\n<p class=\"_paragraph_1bvmi_4 _paragraph_xtcu6_10 layout-component text-serif-m layout-normal text-serif-m layout-padded\">\u2013 Det blir ikke full gass med fartsdress de f\u00f8rste dagene. Men kanskje jeg p\u00e5 slutten kan kaste meg litt med de andre gutta. Det blir \u00e5 legge stein p\u00e5 stein, beskriver Kilde.<\/p>\n<p class=\"_paragraph_1bvmi_4 _paragraph_xtcu6_10 layout-component text-serif-m layout-normal text-serif-m layout-padded\"><strong class=\"_strong_1bvmi_25\">Etter flere operasjoner kan venstre skulder fortsatt ikke l\u00f8ftes til mer enn \u00ablitt under 90 grader fra kroppen\u00bb. <\/strong><\/p>\n<p class=\"_paragraph_1bvmi_4 _paragraph_xtcu6_10 layout-component text-serif-m layout-normal text-serif-m layout-padded\">\u2013 Det er definitivt ikke nok. Jeg trenger 120 grader for \u00e5 kunne holde balansen og s\u00e5 videre. Jeg m\u00e5 ogs\u00e5 kunne st\u00e5 imot om jeg faller p\u00e5 innerski. Armen m\u00e5 kunne t\u00e5le trykket, beskriver Kilde.<\/p>\n<p class=\"_paragraph_1bvmi_4 _paragraph_xtcu6_10 layout-component text-serif-m layout-normal text-serif-m layout-padded\">\u2013 Jeg vet ikke helt hva jeg kan forvente. Den usikkerheten har jeg kjent lenge p\u00e5, erkjenner han.<\/p>\n<p class=\"_paragraph_1bvmi_4 _paragraph_xtcu6_10 layout-component text-serif-m layout-normal text-serif-m layout-padded\">Han jobber tett med fysioterapeut for \u00e5 f\u00e5 kropp og hode til \u00e5 jobbe sammen.<\/p>\n<p class=\"_paragraph_1bvmi_4 _paragraph_xtcu6_10 layout-component text-serif-m layout-normal text-serif-m layout-padded\">\u2013 Det har v\u00e6rt en sjonglering n\u00e5. Det er en kobling mellom hjerne og muskler som man trenger. Det tar tid. I starten var det grei fremgang, men n\u00e5 er det p\u00e5 et plat\u00e5 hvor ting g\u00e5r litt tregt, beskriver han.<\/p>\n<ul class=\"_list_1bvmi_3 _list_xtcu6_9 _unordered_1bvmi_99 layout-component text-serif-m layout-normal text-serif-m layout-padded\">\n<li class=\"_item_1bvmi_30\">Aamodt Kilde har v\u00e6rt satt ut av spill siden det dramatiske fallet i Wengen-utforen 13. januar 2024. Han ble hardt skadet i b\u00e5de h\u00f8yre legg og venstre skulder.<\/li>\n<\/ul>\n<ul class=\"_list_1bvmi_3 _list_xtcu6_9 _unordered_1bvmi_99 layout-component text-serif-m layout-normal text-serif-m layout-padded\">\n<li class=\"_item_1bvmi_30\">I juli 2024 ble han hasteoperert i USA etter at det hadde g\u00e5tt betennelse i den opererte skulderen. Ankerfestet til to muskler m\u00e5tte l\u00f8ses.<\/li>\n<li class=\"_item_1bvmi_30\">I september 2024 ble det gjort et nytt inngrep i \u00d8sterrike. Skulderen ble skrapt, spylt og renset.<\/li>\n<li class=\"_item_1bvmi_30\">I februar 2025 ble Kilde igjen operert for \u00e5 f\u00e5 satt p\u00e5 plass de l\u00f8snede musklene. Han m\u00e5tte transplantere inn sener fra egen rygg og l\u00e5r.<\/li>\n<\/ul>\n<p><img alt=\"Foto: Privat\" class=\"_image_qp4xg_65 layout-component layout-normal\" data-fullscreen- data-track-element-type=\"Article image fullscreen\" data-track-name=\"ImageFullscreen\" decoding=\"async\" loading=\"lazy\" height=\"2892\" itemprop=\"image\"  src=\"https:\/\/www.europesays.com\/no\/wp-content\/uploads\/2025\/08\/0beed8da-dbc1-463a-92ae-7daa0561f949\"  style=\"object-position:0% 0%\" width=\"3024\"\/>Foto: Privat<\/p>\n<p class=\"_paragraph_1bvmi_4 _paragraph_xtcu6_10 layout-component text-serif-m layout-normal text-serif-m layout-padded\">\u2013 Skulderen f\u00e5r bare ta den tiden den trenger. S\u00e5 f\u00e5r jeg heller nyte de tingene jeg f\u00e5r til. N\u00e5 skal jeg p\u00e5 tur med gutta. Det er fantastisk. Det har jeg ikke tatt for gitt, sier han.<\/p>\n<p class=\"_paragraph_1bvmi_4 _paragraph_xtcu6_10 layout-component text-serif-m layout-normal text-serif-m layout-padded\"><strong class=\"_strong_1bvmi_25\">Sammen med Fredrik M\u00f8ller, Adrian Smiseth Sejersted og Simen Sell\u00e6g skal han trene og kj\u00f8re p\u00e5 ski i den s\u00f8ramerikanske v\u00e5ren.<\/strong><\/p>\n<p class=\"_paragraph_1bvmi_4 _paragraph_xtcu6_10 layout-component text-serif-m layout-normal text-serif-m layout-padded\">Siden skisamlingen i Norge har han bes\u00f8kt AJ Ginnis AJ Ginnis Gresk alpinist med VM-s\u00f8lv i slal\u00e5m.i Hellas i tre dager. VG snakker med Aamodt Kilde p\u00e5 telefon fra Innsbruck i \u00d8sterrike. Han har nettopp v\u00e6rt gjennom dagens trenings\u00f8kt nummer to sammen med fysioterapeut i sin \u00f8sterrikske hjemby.<\/p>\n<p class=\"_paragraph_1bvmi_4 _paragraph_xtcu6_10 layout-component text-serif-m layout-normal text-serif-m layout-padded\">Skulderen er tema hver eneste treningsdag.<\/p>\n<p class=\"_paragraph_1bvmi_4 _paragraph_xtcu6_10 layout-component text-serif-m layout-normal text-serif-m layout-padded\">\u2013 Den begrenser meg i hverdagen. Det er veldig mye jeg ikke kan gj\u00f8re. Jeg kunne for eksempel ikke stupe i Hellas. S\u00e5nne sm\u00e5ting blir veldig tydelig n\u00e5r man tidligere har hatt noen begrensninger, sier han.<\/p>\n<p class=\"_paragraph_1bvmi_4 _paragraph_xtcu6_10 layout-component text-serif-m layout-normal text-serif-m layout-padded\"><strong class=\"_strong_1bvmi_25\">Aleksander Aamodt Kildes dr\u00f8m er 7. februar \u00e5 st\u00e5 p\u00e5 startstreken med en skulder som fungerer godt nok. Da g\u00e5r OL-utforen i Bormio.<\/strong><\/p>\n","protected":false},"excerpt":{"rendered":"Han har besluttet \u00e5 satse videre mot sesongen, men fremgangen i den opererte skulderen har stoppet opp. Foto:&hellip;\n","protected":false},"author":2,"featured_media":11497,"comment_status":"","ping_status":"","sticky":false,"template":"","format":"standard","meta":{"footnotes":""},"categories":[59],"tags":[2347,249,30,28,29,83,82],"class_list":{"0":"post-11496","1":"post","2":"type-post","3":"status-publish","4":"format-standard","5":"has-post-thumbnail","7":"category-sport","8":"tag-aleksander-aamodt-kilde","9":"tag-alpint","10":"tag-no","11":"tag-norge","12":"tag-norway","13":"tag-sport","14":"tag-sports"},"share_on_mastodon":{"url":"","error":""},"_links":{"self":[{"href":"https:\/\/www.europesays.com\/no\/wp-json\/wp\/v2\/posts\/11496","targetHints":{"allow":["GET"]}}],"collection":[{"href":"https:\/\/www.europesays.com\/no\/wp-json\/wp\/v2\/posts"}],"about":[{"href":"https:\/\/www.europesays.com\/no\/wp-json\/wp\/v2\/types\/post"}],"author":[{"embeddable":true,"href":"https:\/\/www.europesays.com\/no\/wp-json\/wp\/v2\/users\/2"}],"replies":[{"embeddable":true,"href":"https:\/\/www.europesays.com\/no\/wp-json\/wp\/v2\/comments?post=11496"}],"version-history":[{"count":0,"href":"https:\/\/www.europesays.com\/no\/wp-json\/wp\/v2\/posts\/11496\/revisions"}],"wp:featuredmedia":[{"embeddable":true,"href":"https:\/\/www.europesays.com\/no\/wp-json\/wp\/v2\/media\/11497"}],"wp:attachment":[{"href":"https:\/\/www.europesays.com\/no\/wp-json\/wp\/v2\/media?parent=11496"}],"wp:term":[{"taxonomy":"category","embeddable":true,"href":"https:\/\/www.europesays.com\/no\/wp-json\/wp\/v2\/categories?post=11496"},{"taxonomy":"post_tag","embeddable":true,"href":"https:\/\/www.europesays.com\/no\/wp-json\/wp\/v2\/tags?post=11496"}],"curies":[{"name":"wp","href":"https:\/\/api.w.org\/{rel}","templated":true}]}}