{"id":114960,"date":"2025-12-16T20:27:28","date_gmt":"2025-12-16T20:27:28","guid":{"rendered":"https:\/\/www.europesays.com\/no\/114960\/"},"modified":"2025-12-16T20:27:28","modified_gmt":"2025-12-16T20:27:28","slug":"eiker-trafikk-omkom-etter-frontkollisjon-i-krokstadelva-2","status":"publish","type":"post","link":"https:\/\/www.europesays.com\/no\/114960\/","title":{"rendered":"Eiker, Trafikk | Omkom etter frontkollisjon i Krokstadelva"},"content":{"rendered":"<p> (<a href=\"https:\/\/www.dt.no\" rel=\"nofollow noopener\" target=\"_blank\">Drammens Tidende<\/a>) <\/p>\n<p><b>KROKSTADELVA: <\/b>\u00c9n person er bekreftet omkommet etter at en varebil og lastebil frontkolliderte p\u00e5 fylkesvei 283 i Krokstadelva tirsdag formiddag.<\/p>\n<p>Ulykken skjedde mellom Price og Vipo i 11-tiden.<\/p>\n<p>Operasjonsleder Tom Richard Skuggedal i politiet opplyste tidlig at det dreide seg om en sv\u00e6rt alvorlig ulykke.<\/p>\n<p>Personen i varebilen satt fastklemt, og det ble lenge jobbet med b\u00e5de hurtigfrigj\u00f8ring og hjerte- og lungeredning. Personen ble imidlertid erkl\u00e6rt d\u00f8d p\u00e5 stedet.<\/p>\n<p>P\u00e5r\u00f8rende er varslet.<\/p>\n<p>Politiet opplyser til Drammens Tidende at den omkomne er en lokal mann i 60-\u00e5rene.<\/p>\n<p>   <img decoding=\"async\" width=\"786\" height=\"1080\" fetchpriority=\"low\"  loading=\"lazy\"  src=\"https:\/\/www.europesays.com\/no\/wp-content\/uploads\/2025\/12\/597146774_1351143749492823_1408020086666033815_n+kopi.jpg\" alt=\"\" class=\"brick-c-cFOWSL\" style=\"--brick-image-ratio: 786 \/ 1080;\"\/><\/p>\n<p>      Innsatsleder Helene Sandquist i politiet.<br \/>\n      Foto: Rune Folkedal\n    <\/p>\n<p>  Stengt vei i flere timer<\/p>\n<p>Fylkesveien ble stengt i fem timer som f\u00f8lge av ulykken, og omkj\u00f8ring var via Gamle Riksvei og E134.<\/p>\n<p><b>Drammens Tidendes reporter p\u00e5 stedet kunne melde om lange k\u00f8er.<\/b><\/p>\n<p>B\u00e5de ulykkesgruppa til Statens vegvesen, politiets krimteknikere og Havarikommisjonen for transport var p\u00e5 stedet for unders\u00f8kelser.<\/p>\n<p>   <img decoding=\"async\" width=\"1620\" height=\"1080\" fetchpriority=\"low\"  loading=\"lazy\"  src=\"https:\/\/www.europesays.com\/no\/wp-content\/uploads\/2025\/12\/597226649_1399676291771975_8695422484132630039_n+kopi.jpg\" alt=\"\" class=\"brick-c-cFOWSL\" style=\"--brick-image-ratio: 1620 \/ 1080;\"\/><\/p>\n<p>Innsatsleder Helene Sandquist i politiet sier de har jobbet med avh\u00f8r av b\u00e5de lastebilsj\u00e5f\u00f8ren, samt vitner. If\u00f8lge politiet fremst\u00e5r det som at varebilen kom over i motg\u00e5ende kj\u00f8reretning.<\/p>\n<p>\u2013 Lastebilsj\u00e5f\u00f8ren fremst\u00e5r fysisk uskadet, sier Sandquist.<\/p>\n<p>Klokken 16.21 melder Vegtrafikksentralen at veien er gjen\u00e5pnet etter ulykken. <\/p>\n<p>   <img decoding=\"async\" width=\"1700\" height=\"1212\" fetchpriority=\"low\"  loading=\"lazy\"  src=\"https:\/\/www.europesays.com\/no\/wp-content\/uploads\/2025\/12\/598644512_1398018115164444_564924948294312864_n+kopi.jpg\" alt=\"\" class=\"brick-c-cFOWSL\" style=\"--brick-image-ratio: 1700 \/ 1212;\"\/><\/p>\n","protected":false},"excerpt":{"rendered":"(Drammens Tidende) KROKSTADELVA: \u00c9n person er bekreftet omkommet etter at en varebil og lastebil frontkolliderte p\u00e5 fylkesvei 283&hellip;\n","protected":false},"author":2,"featured_media":114961,"comment_status":"","ping_status":"","sticky":false,"template":"","format":"standard","meta":{"footnotes":""},"categories":[10],"tags":[36,20,21,454,24,25,15,13930,22,23,13,30,28,29,14,16,1510,26,27,224],"class_list":{"0":"post-114960","1":"post","2":"type-post","3":"status-publish","4":"format-standard","5":"has-post-thumbnail","7":"category-norge","8":"tag-art","9":"tag-breaking-news","10":"tag-breakingnews","11":"tag-eiker","12":"tag-featured-news","13":"tag-featurednews","14":"tag-headlines","15":"tag-krokstadelva","16":"tag-latest-news","17":"tag-latestnews","18":"tag-news","19":"tag-no","20":"tag-norge","21":"tag-norway","22":"tag-nyheter","23":"tag-overskrifter","24":"tag-story","25":"tag-top-stories","26":"tag-topstories","27":"tag-trafikk"},"share_on_mastodon":{"url":"https:\/\/pubeurope.com\/@no\/115731133242923600","error":""},"_links":{"self":[{"href":"https:\/\/www.europesays.com\/no\/wp-json\/wp\/v2\/posts\/114960","targetHints":{"allow":["GET"]}}],"collection":[{"href":"https:\/\/www.europesays.com\/no\/wp-json\/wp\/v2\/posts"}],"about":[{"href":"https:\/\/www.europesays.com\/no\/wp-json\/wp\/v2\/types\/post"}],"author":[{"embeddable":true,"href":"https:\/\/www.europesays.com\/no\/wp-json\/wp\/v2\/users\/2"}],"replies":[{"embeddable":true,"href":"https:\/\/www.europesays.com\/no\/wp-json\/wp\/v2\/comments?post=114960"}],"version-history":[{"count":0,"href":"https:\/\/www.europesays.com\/no\/wp-json\/wp\/v2\/posts\/114960\/revisions"}],"wp:featuredmedia":[{"embeddable":true,"href":"https:\/\/www.europesays.com\/no\/wp-json\/wp\/v2\/media\/114961"}],"wp:attachment":[{"href":"https:\/\/www.europesays.com\/no\/wp-json\/wp\/v2\/media?parent=114960"}],"wp:term":[{"taxonomy":"category","embeddable":true,"href":"https:\/\/www.europesays.com\/no\/wp-json\/wp\/v2\/categories?post=114960"},{"taxonomy":"post_tag","embeddable":true,"href":"https:\/\/www.europesays.com\/no\/wp-json\/wp\/v2\/tags?post=114960"}],"curies":[{"name":"wp","href":"https:\/\/api.w.org\/{rel}","templated":true}]}}