{"id":114962,"date":"2025-12-16T20:28:16","date_gmt":"2025-12-16T20:28:16","guid":{"rendered":"https:\/\/www.europesays.com\/no\/114962\/"},"modified":"2025-12-16T20:28:16","modified_gmt":"2025-12-16T20:28:16","slug":"statens-skattelotteri-skaper-full-forvirring","status":"publish","type":"post","link":"https:\/\/www.europesays.com\/no\/114962\/","title":{"rendered":"Statens skattelotteri skaper full forvirring"},"content":{"rendered":"\n<p class=\"_prefix_nfjwc_1 layout-padded\">Meninger<br \/>Kommentar<\/p>\n<p class=\"_lead_o9xde_2 _lead_xtcu6_50 layout-component text-serif-m layout-normal text-serif-l _lead_1k67c_21 layout-component layout-normal layout-padded layout-padded\">Men m\u00e5let er godt: \u00c5 f\u00e5 unge til \u00e5 jobbe mer. <\/p>\n<p>Er fra Nordm\u00f8re, bor i Surnadal. Pendler til Oslo. Skriver om alt fra norsk politikk til kj\u00f8nn, kongehus, energi, sosiale medier og krim. <\/p>\n<p><a href=\"https:\/\/www.vg.no\/nyheter\/i\/K8vJE4\/mailto:astrid.meland@vg.no\" class=\"_button_6bkpv_2 button-label-large _filled_6bkpv_106 _button_1xhag_75\" rel=\"nofollow noopener\" target=\"_blank\">E-post<\/a><img alt=\"JENS STOLTENBERG: Skattelotteriet er hjertebarnet til finansminister Jens Stoltenberg, tidligere forsker ved SSB.  Foto: Helge Mikalsen \/ VG\" class=\"_image_qp4xg_65 layout-component layout-wide\" data-fullscreen- data-track-element-type=\"Article image fullscreen\" data-track-name=\"ImageFullscreen\" fetchpriority=\"high\" decoding=\"sync\" loading=\"eager\" height=\"5031\" itemprop=\"image\"  src=\"https:\/\/www.europesays.com\/no\/wp-content\/uploads\/2025\/12\/7803e973-de3c-4b68-a2c5-e0900d333450\"  style=\"object-position:0% 0%\" width=\"6786\"\/>JENS STOLTENBERG: Skattelotteriet er hjertebarnet til finansminister Jens Stoltenberg, tidligere forsker ved SSB.  Foto: Helge Mikalsen \/ VGTirsdag 16. desember kl. 21:01    <\/p>\n<ul class=\"_list_o9xde_3 _list_64s2r_85 _unordered_o9xde_106 text-sans-m\">\n<li class=\"_item_o9xde_30\">100.000 nordmenn er trukket ut til et nytt skattelotteri som gir skattekutt.<\/li>\n<li class=\"_item_o9xde_30\">Regjeringen pr\u00f8ver \u00e5 se om lavere skatt vil f\u00e5 flere til \u00e5 jobbe mer.<\/li>\n<li class=\"_item_o9xde_30\">Mange er forvirret og sp\u00f8ker om eksperimentet i sosiale medier.<\/li>\n<li class=\"_item_o9xde_30\">Fors\u00f8ket koster staten rundt 500 millioner kroner i tapte skatteinntekter i 2026. <\/li>\n<\/ul>\n<p>Vis mer <\/p>\n<p class=\"_paragraph_o9xde_4 _paragraph_xtcu6_10 layout-component text-serif-m layout-normal text-serif-m layout-padded\">Da skattekortene kom denne uken, fikk rundt 100.000 nordmenn en litt spesiell beskjed:<\/p>\n<p class=\"_paragraph_o9xde_4 _paragraph_xtcu6_10 layout-component text-serif-m layout-normal text-serif-m layout-padded\">\u00abDu er trukket ut.\u00bb<\/p>\n<p class=\"_paragraph_o9xde_4 _paragraph_xtcu6_10 layout-component text-serif-m layout-normal text-serif-m layout-padded\">Ikke alle hadde f\u00e5tt med seg hva regjeringen har kokt sammen. For dette er nytt. Og ganske crazy.<\/p>\n<p class=\"_paragraph_o9xde_4 _paragraph_xtcu6_10 layout-component text-serif-m layout-normal text-serif-m layout-padded\">Staten har innf\u00f8rt et fors\u00f8k med et skattelotteri der kun utvalgte f\u00e5r kutt i inntektsskatten.<\/p>\n<p class=\"_paragraph_o9xde_4 _paragraph_xtcu6_10 layout-component text-serif-m layout-normal text-serif-m layout-padded\">Noe slikt har vi ikke sett f\u00f8r. I sosiale medier r\u00e5der forvirringen. Folk lurer p\u00e5 hva dette egentlig betyr, om det er rettferdig og hva poenget er.<\/p>\n<p><img alt=\"F\u00c5R IKKE SKATTEKUTT:  Sebastian Saltr\u00f8 Ytrevik ble trukket ut i skattelotteri, men tjener for mye som fast vararepresentant p\u00e5 Stortinget til \u00e5 f\u00e5 noe skattefradrag.   Foto: Thomas Andreassen \/ VG\" class=\"_image_qp4xg_65 layout-component layout-normal\" data-fullscreen- data-track-element-type=\"Article image fullscreen\" data-track-name=\"ImageFullscreen\" decoding=\"async\" loading=\"lazy\" height=\"4128\" itemprop=\"image\"  src=\"https:\/\/www.europesays.com\/no\/wp-content\/uploads\/2025\/12\/8919d081-cde8-4728-972b-0400d6962be8\"  style=\"object-position:0% 0%\" width=\"6192\"\/>F\u00c5R IKKE SKATTEKUTT:  Sebastian Saltr\u00f8 Ytrevik ble trukket ut i skattelotteri, men tjener for mye som fast vararepresentant p\u00e5 Stortinget til \u00e5 f\u00e5 noe skattefradrag.   Foto: Thomas Andreassen \/ VG<\/p>\n<p class=\"_paragraph_o9xde_4 _paragraph_xtcu6_10 layout-component text-serif-m layout-normal text-serif-m layout-padded\">Mange lager ogs\u00e5 videoer.<\/p>\n<p class=\"_paragraph_o9xde_4 _paragraph_xtcu6_10 layout-component text-serif-m layout-normal text-serif-m layout-padded\">En del deler den gledelige beskjeden om at de er trukket ut. S\u00e5 kommer neste bilde:<\/p>\n<p class=\"_paragraph_o9xde_4 _paragraph_xtcu6_10 layout-component text-serif-m layout-normal text-serif-m layout-padded\">\u00abDette reduserer skatten du skal betale med null kroner.\u00bb<\/p>\n<p class=\"_paragraph_o9xde_4 _paragraph_xtcu6_10 layout-component text-serif-m layout-normal text-serif-m layout-padded\">Andre har lagt ut video av skattekortet sitt, akkompagnert av den virale stemmen til Cato fra \u00abNissene i skjul\u00bb, han som er s\u00e5 sleten.<\/p>\n<p class=\"_paragraph_o9xde_4 _paragraph_xtcu6_10 layout-component text-serif-m layout-normal text-serif-m layout-padded\">Og man kan bli litt sleten av \u00e5 pr\u00f8ve \u00e5 forst\u00e5 dette. Skattelotteriet er spesielle greier. Det koster dessuten rundt 500 millioner kroner i tapte skatteinntekter neste \u00e5r.<\/p>\n<p>SKATTELOTTERIET<\/p>\n<p class=\"_paragraph_o9xde_4 _paragraph_xtcu6_10 _paragraph_16v91_10 layout-component text-serif-m layout-normal text-sans-m layout-padded\">Omtrent 100 000 personer f\u00f8dt mellom 1991 og 2006 er tilfeldig trukket ut. Disse har rett p\u00e5 skattefradrag p\u00e5 inntekt. <\/p>\n<p class=\"_paragraph_o9xde_4 _paragraph_xtcu6_10 _paragraph_16v91_10 layout-component text-serif-m layout-normal text-sans-m layout-padded\">Hva du f\u00e5r i fradrag avhenger av hva du tjener neste \u00e5r. <\/p>\n<p class=\"_paragraph_o9xde_4 _paragraph_xtcu6_10 _paragraph_16v91_10 layout-component text-serif-m layout-normal text-sans-m layout-padded\">Du f\u00e5r ingenting om du tjener under 210 000 kroner.  <\/p>\n<p class=\"_paragraph_o9xde_4 _paragraph_xtcu6_10 _paragraph_16v91_10 layout-component text-serif-m layout-normal text-sans-m layout-padded\">Den som tjener over 657 500 kroner f\u00e5r heller ingenting. <\/p>\n<p class=\"_paragraph_o9xde_4 _paragraph_xtcu6_10 _paragraph_16v91_10 layout-component text-serif-m layout-normal text-sans-m layout-padded\">Skatten for de som er trukket ut og som har l\u00f8nn mellom disse to ytterpunktene, reduseres med maks 27 500 kroner per \u00e5r.<\/p>\n<p class=\"_paragraph_o9xde_4 _paragraph_xtcu6_10 _paragraph_16v91_10 layout-component text-serif-m layout-normal text-sans-m layout-padded\">Fors\u00f8ket er ment \u00e5 vare i fem \u00e5r.<\/p>\n<p class=\"_paragraph_o9xde_4 _paragraph_xtcu6_10 _paragraph_16v91_10 layout-component text-serif-m layout-normal text-sans-m layout-padded\">\u00c5rsaken til at ikke alle omfattes, er at dette er et forskningsprosjekt for \u00e5 m\u00e5le hvor effektfullt skattekutt er for \u00e5 f\u00e5 unge  i jobb. <\/p>\n<p>Vis mer<\/p>\n<p class=\"_paragraph_o9xde_4 _paragraph_xtcu6_10 layout-component text-serif-m layout-normal text-serif-m layout-padded\">At <a href=\"https:\/\/www.vg.no\/tag\/jens-stoltenberg?utm_source=vg-article&amp;utm_medium=auto-tagger&amp;utm_campaign=K8vJE4\" class=\"_link_o9xde_39\" rel=\"nofollow noopener\" target=\"_blank\">Jens Stoltenberg<\/a> fikk gjennom dette, er egentlig ganske utrolig.<\/p>\n<p class=\"_paragraph_o9xde_4 _paragraph_xtcu6_10 layout-component text-serif-m layout-normal text-serif-m layout-padded\">I en LO-video forklarer han hvorfor han g\u00e5r rundt og nynner for tiden. Han sier det er som katten som maler. Han er forn\u00f8yd.<\/p>\n<p class=\"_paragraph_o9xde_4 _paragraph_xtcu6_10 layout-component text-serif-m layout-normal text-serif-m layout-padded\">Han har f\u00e5tt staten med p\u00e5 \u00e5 forske p\u00e5 oss. <\/p>\n<p class=\"_paragraph_o9xde_4 _paragraph_xtcu6_10 layout-component text-serif-m layout-normal text-serif-m layout-padded\">Det er derfor ikke alle tas med. Forskerne trenger kontrollgrupper, alts\u00e5 folk som ikke f\u00e5r skattekutt, for \u00e5 kunne sammenligne.<\/p>\n<p class=\"_paragraph_o9xde_4 _paragraph_xtcu6_10 layout-component text-serif-m layout-normal text-serif-m layout-padded\">Det er forklaringen p\u00e5 at naboer som i \u00e5r tjente og skattet omtrent det samme, kan f\u00e5 helt ulik skatt neste \u00e5r.<\/p>\n<p><img alt=\"SLETEN: Cato fra \u00abNissene i skjul\u00bb helt til h\u00f8yre.   Foto: Seefood TV \/ NRK\" class=\"_image_qp4xg_65 layout-component layout-normal\" data-fullscreen- data-track-element-type=\"Article image fullscreen\" data-track-name=\"ImageFullscreen\" decoding=\"async\" loading=\"lazy\" height=\"2160\" itemprop=\"image\"  src=\"https:\/\/www.europesays.com\/no\/wp-content\/uploads\/2025\/12\/bc914173-5032-427e-8ecb-5103154d3542\"  style=\"object-position:0% 0%\" width=\"3840\"\/>SLETEN: Cato fra \u00abNissene i skjul\u00bb helt til h\u00f8yre.   Foto: Seefood TV \/ NRK<\/p>\n<p class=\"_paragraph_o9xde_4 _paragraph_xtcu6_10 layout-component text-serif-m layout-normal text-serif-m layout-padded\">Det blir interessant \u00e5 f\u00e5 svar p\u00e5 om naboen med mindre skatt jobber mer. <\/p>\n<p class=\"_paragraph_o9xde_4 _paragraph_xtcu6_10 layout-component text-serif-m layout-normal text-serif-m layout-padded\">Men klart det er kontroversielt. Samtidig: Dette er ganske friskt.<\/p>\n<p class=\"_paragraph_o9xde_4 _paragraph_xtcu6_10 layout-component text-serif-m layout-normal text-serif-m layout-padded\">Vi vet fra tidligere forskning at inntektsskatt regnes som den mest skadelige skatten. Den kan f\u00f8re til at folk jobber mindre, noe som gir tap for samfunnet.<\/p>\n<p class=\"_paragraph_o9xde_4 _paragraph_xtcu6_10 layout-component text-serif-m layout-normal text-serif-m layout-padded\">En viktig m\u00e5lgruppe for skattelotteriet er personer med lave og middels inntekter, for eksempel hjemmev\u00e6rende, deltidsjobbende, trygdede. <\/p>\n<p class=\"_paragraph_o9xde_4 _paragraph_xtcu6_10 layout-component text-serif-m layout-normal text-serif-m layout-padded\">Vil de jobbe mer dersom de f\u00e5r beholde mer av l\u00f8nnen selv?<\/p>\n<p class=\"_paragraph_o9xde_4 _paragraph_xtcu6_10 layout-component text-serif-m layout-normal text-serif-m layout-padded\">Kanskje sm\u00e5barnsmoren, den delvis uf\u00f8re eller avisbudet n\u00e5 velger \u00e5 ta noen ekstra vakter p\u00e5 Kiwi, fordi det blir mye mer l\u00f8nnsomt?<\/p>\n<p class=\"_paragraph_o9xde_4 _paragraph_xtcu6_10 layout-component text-serif-m layout-normal text-serif-m layout-padded\">Vil staten kunne tjene p\u00e5 lang sikt, fordi flere jobber og f\u00e6rre trygdes? <\/p>\n<p class=\"_paragraph_o9xde_4 _paragraph_xtcu6_10 layout-component text-serif-m layout-normal text-serif-m layout-padded\">En mulig bakside er at noen med h\u00f8yere inntekt kan velge \u00e5 slappe mer av, nettopp fordi skatten blir lavere og de sitter igjen med mer.<\/p>\n<p class=\"_paragraph_o9xde_4 _paragraph_xtcu6_10 layout-component text-serif-m layout-normal text-serif-m layout-padded\">Det er slike sp\u00f8rsm\u00e5l forskerne vil fors\u00f8ke \u00e5 finne svar p\u00e5.<\/p>\n<p class=\"_paragraph_o9xde_4 _paragraph_xtcu6_10 layout-component text-serif-m layout-normal text-serif-m layout-padded\">H\u00f8yresiden mener dette er helt un\u00f8dvendig. De vil bare kutte i skatten.<\/p>\n<p class=\"_paragraph_o9xde_4 _paragraph_xtcu6_10 layout-component text-serif-m layout-normal text-serif-m layout-padded\">Men brede skattekutt er sv\u00e6rt dyre og kan vise seg \u00e5 v\u00e6re bortkastet.<\/p>\n<p class=\"_paragraph_o9xde_4 _paragraph_xtcu6_10 layout-component text-serif-m layout-normal text-serif-m layout-padded\">Derfor er det ikke s\u00e5 dumt \u00e5 teste om dette faktisk virker, f\u00f8r man eventuelt ruller det ut til flere. <\/p>\n<p class=\"_paragraph_o9xde_4 _paragraph_xtcu6_10 layout-component text-serif-m layout-normal text-serif-m layout-padded\">Alle mulige tiltak er allerede fors\u00f8kt for \u00e5 f\u00e5 flere unge, deltidsarbeidende og trygdede til \u00e5 jobbe mer. <\/p>\n<p class=\"_paragraph_o9xde_4 _paragraph_xtcu6_10 layout-component text-serif-m layout-normal text-serif-m layout-padded\">Det har ikke virket. Utviklingen har g\u00e5tt feil vei.<\/p>\n<p class=\"_paragraph_o9xde_4 _paragraph_xtcu6_10 layout-component text-serif-m layout-normal text-serif-m layout-padded\">Kan mer penger motivere?<\/p>\n<p class=\"_paragraph_o9xde_4 _paragraph_xtcu6_10 layout-component text-serif-m layout-normal text-serif-m layout-padded\">Hvis svaret er ja, kan det komme alle oss andre til gode. Regjeringen skriver selv:<\/p>\n<p class=\"_paragraph_o9xde_4 _paragraph_xtcu6_10 layout-component text-serif-m layout-normal text-serif-m layout-padded\">\u00abFors\u00f8ket vil gi kunnskap om et arbeidsfradrag faktisk fungerer, f\u00f8r man eventuelt gj\u00f8r det til en fast ordning.\u00bb<\/p>\n<p class=\"_paragraph_o9xde_4 _paragraph_xtcu6_10 layout-component text-serif-m layout-normal text-serif-m layout-padded\">En fast ordning, alts\u00e5!<\/p>\n<p class=\"_paragraph_o9xde_4 _paragraph_xtcu6_10 layout-component text-serif-m layout-normal text-serif-m layout-padded\">\u00c5 v\u00e6re Jens Stoltenbergs utvalgte er ikke bare et privilegium. Det er ogs\u00e5 en plikt.<\/p>\n<p class=\"_paragraph_o9xde_4 _paragraph_xtcu6_10 layout-component text-serif-m layout-normal text-serif-m layout-padded\">Er du trukket ut?<\/p>\n<p class=\"_paragraph_o9xde_4 _paragraph_xtcu6_10 layout-component text-serif-m layout-normal text-serif-m layout-padded\">Ta alle ekstra vakter du klarer neste \u00e5r og vis Arbeiderpartiet at lavere skatt faktisk fungerer.<\/p>\n<p>Les ogs\u00e5<br \/>\n   Dette er en kommentar. Kommentaren gir uttrykk for skribentens holdning. <\/p>\n","protected":false},"excerpt":{"rendered":"MeningerKommentar Men m\u00e5let er godt: \u00c5 f\u00e5 unge til \u00e5 jobbe mer. Er fra Nordm\u00f8re, bor i Surnadal.&hellip;\n","protected":false},"author":2,"featured_media":114963,"comment_status":"","ping_status":"","sticky":false,"template":"","format":"standard","meta":{"footnotes":""},"categories":[5],"tags":[20,21,24,25,15,19,240,22,23,17,18,13,30,28,29,14,16,1289,8948,26,27,103],"class_list":{"0":"post-114962","1":"post","2":"type-post","3":"status-publish","4":"format-standard","5":"has-post-thumbnail","7":"category-overskrifter","8":"tag-breaking-news","9":"tag-breakingnews","10":"tag-featured-news","11":"tag-featurednews","12":"tag-headlines","13":"tag-hovedoppslag","14":"tag-jens-stoltenberg","15":"tag-latest-news","16":"tag-latestnews","17":"tag-main-news","18":"tag-mainnews","19":"tag-news","20":"tag-no","21":"tag-norge","22":"tag-norway","23":"tag-nyheter","24":"tag-overskrifter","25":"tag-skatt","26":"tag-skattekort","27":"tag-top-stories","28":"tag-topstories","29":"tag-vgmeninger"},"share_on_mastodon":{"url":"https:\/\/pubeurope.com\/@no\/115731136771664083","error":""},"_links":{"self":[{"href":"https:\/\/www.europesays.com\/no\/wp-json\/wp\/v2\/posts\/114962","targetHints":{"allow":["GET"]}}],"collection":[{"href":"https:\/\/www.europesays.com\/no\/wp-json\/wp\/v2\/posts"}],"about":[{"href":"https:\/\/www.europesays.com\/no\/wp-json\/wp\/v2\/types\/post"}],"author":[{"embeddable":true,"href":"https:\/\/www.europesays.com\/no\/wp-json\/wp\/v2\/users\/2"}],"replies":[{"embeddable":true,"href":"https:\/\/www.europesays.com\/no\/wp-json\/wp\/v2\/comments?post=114962"}],"version-history":[{"count":0,"href":"https:\/\/www.europesays.com\/no\/wp-json\/wp\/v2\/posts\/114962\/revisions"}],"wp:featuredmedia":[{"embeddable":true,"href":"https:\/\/www.europesays.com\/no\/wp-json\/wp\/v2\/media\/114963"}],"wp:attachment":[{"href":"https:\/\/www.europesays.com\/no\/wp-json\/wp\/v2\/media?parent=114962"}],"wp:term":[{"taxonomy":"category","embeddable":true,"href":"https:\/\/www.europesays.com\/no\/wp-json\/wp\/v2\/categories?post=114962"},{"taxonomy":"post_tag","embeddable":true,"href":"https:\/\/www.europesays.com\/no\/wp-json\/wp\/v2\/tags?post=114962"}],"curies":[{"name":"wp","href":"https:\/\/api.w.org\/{rel}","templated":true}]}}