{"id":114966,"date":"2025-12-16T20:34:23","date_gmt":"2025-12-16T20:34:23","guid":{"rendered":"https:\/\/www.europesays.com\/no\/114966\/"},"modified":"2025-12-16T20:34:23","modified_gmt":"2025-12-16T20:34:23","slug":"eu-fiskeri-og-havbruk-norge-far-enda-et-smekk-fra-eu-na-for-fisket","status":"publish","type":"post","link":"https:\/\/www.europesays.com\/no\/114966\/","title":{"rendered":"EU, Fiskeri og havbruk | Norge f\u00e5r enda et smekk fra EU, n\u00e5 for fisket"},"content":{"rendered":"\n<p><b>\u00abDet som<\/b> trengs, er et nytt flertall i folket\u00bb, sa nestleder i H\u00f8yre, Henrik Asheim, da TV2 presenterte sin EU-m\u00e5ling tidligere denne m\u00e5neden. <a href=\"https:\/\/www.tv2.no\/nyheter\/innenriks\/nei-boom-etter-tollsjokk\/18351865\/?fbclid=IwY2xjawOfj7VleHRuA2FlbQIxMABicmlkETBCSGRnbWFFOUU4MXZDRTJIc3J0YwZhcHBfaWQQMjIyMDM5MTc4ODIwMDg5MgABHsNnMByE6GZTAyBxk4CRR1Vp5JIM2xzijmus0bSnEVcvgLOq8T3kKdtIKT72_aem_vBiwfKo3bijOfbf1sLi9Aw\" rel=\"Follow nofollow noopener\" target=\"_blank\">Den viste <\/a>at hele 64,8 prosent av de som har gjort seg opp en mening, sier nei til norsk EU-medlemskap.<\/p>\n<p><b>Nei-sida har <\/b>dermed g\u00e5tt fram 6,2 prosentpoeng siden TV2s EU-m\u00e5ling i april. Kun 35,2 prosent av sier ja, mens rundt 18 prosent av de spurte ikke har bestemt seg.<\/p>\n<p><b>Overskriften TV2 <\/b>brukte da m\u00e5linga ble presentert, var \u00abNei-boom etter tollsjokk\u00bb. Tollsjokk refererer til EUs beskyttelsestiltak mot import av norske ferrolegeringer.<\/p>\n<p><b>Norge er <\/b>den st\u00f8rste leverand\u00f8ren av ferrolegeringer til EU. Smelteverkene der legeringene produseres, er hj\u00f8rnesteinsbedrifter i flere norske lokalsamfunn.<\/p>\n<p><b>E\u00d8S-avtalen \u00e5pner<\/b> for at Norge kan m\u00f8te dette smekket fra EU med mottiltak, dersom EU-tiltaket f\u00f8rer tap for bedrifter i Norge. Men Ap-regjeringa ville ikke besv\u00e6re EU med slike mottiltak som ivaretar norske interesser, og valgte \u00e5 vende det andre kinnet til.<\/p>\n<p>  <a href=\"https:\/\/www.nationen.no\/5-148-826211\" class=\"related-teaser has-image default-opinion-teaser article--c-eRUmMG article--c-eRUmMG-jKCPdD-design-default\" rel=\"nofollow noopener\" target=\"_blank\"><\/p>\n<p>    <img decoding=\"async\" loading=\"lazy\"  src=\"https:\/\/www.europesays.com\/no\/wp-content\/uploads\/2025\/11\/NTB_zVjy2UkPnw4.jpg\" alt=\"\" class=\"brick-c-cFOWSL\" style=\"\"\/><\/p>\n<p>\n            Les ogs\u00e5<\/p>\n<p>              Ny m\u00e5ling: E\u00d8S st\u00e5r rekordlavt i kurs, og vi vet hvorfor\n        <\/p>\n<p>  <\/a><\/p>\n<p><b>N\u00e5 kan <\/b>St\u00f8re-regjeringas \u00abandre kinn\u00bb ogs\u00e5 f\u00e5 et kraftig smekk: EU truer med sanksjoner mot norske fiskerier. Henrik Aasheims \u00f8nske om ja-flertall i folket kan det alts\u00e5 ta tid \u00e5 f\u00e5 oppfylt.<\/p>\n<p><b>Etter at <\/b>regjeringa la seg flat for EUs \u00abtollsjokk\u00bb, p\u00e5st\u00e5r EU-kommiss\u00e6ren for fiskeri, Costas Kadis, at Norge oppfattes som \u00abuvennlig og lite samarbeidsvillig\u00bb. Det g\u00e5r fram av et brev Kadis sendte til fiskeri\u00administer Marianne Sivertsen N\u00e6ss (Ap) 11. november. Brevet er unntatt offentlighet, men <a href=\"https:\/\/klassekampen.no\/artikkel\/2025-12-15\/eu-og-norge-i-fiskestrid?fbclid=IwY2xjawOsxdVleHRuA2FlbQIxMQBzcnRjBmFwcF9pZBAyMjIwMzkxNzg4MjAwODkyAAEeN6IarcqDcBrT5a4fSJSsdi7MX5VRv2Ve87-O1fc-75gLpOhhcK2g9GQ0Nh0_aem_Ij5Ct4WJ5lVINQU3y6PjLw\" rel=\"Follow nofollow noopener\" target=\"_blank\">Klassekampen har <\/a>f\u00e5tt tilgang til det.<\/p>\n<p><b>EU-kommiss\u00e6ren<\/b> uttrykker bekymring for Norges forvaltning av makrellbestanden i Nordsj\u00f8en. Kadis understreker hvor viktig EU-markedet er for Norge og varsler at de n\u00e5 vurderer ulike tiltak.<\/p>\n<p><b>Brevet til<\/b> den norske fiskeriministeren kommer i kj\u00f8lvannet av m\u00f8tet i EUs r\u00e5d for landbruk og fiskeri i oktober, der land etter land \u2013 fra Irland til Polen, Tyskland og Sverige \u2013 visstnok tok til orde for at EU m\u00e5 bruke \u00aballe tilgjengelige tiltak\u00bb mot Norge.<\/p>\n<p><b>Det har <\/b>i lengre tid v\u00e6rt strid mellom EU og Norge om fiske. Striden har tilspisset seg det siste \u00e5ret. Kjernen i krangelen er tilgangen p\u00e5 fiskekvoter og forvaltning av makrellbestanden.<\/p>\n<p><b>Norge, Storbritannia<\/b> og F\u00e6r\u00f8yene ble enige om en felles avtale om \u00e5 fiske makrell i hverandres havomr\u00e5der i fjor. EU nektet \u00e5 bli med p\u00e5 avtalen og begrunnet det blant annet med at de ikke fikk like stor kvoteandel som da Storbritannia var med i unionen, og at Norge f\u00e5r en uforholdsmessig stor andel.<\/p>\n<p><b>EU ble <\/b>mer desperate i kampen om fiskeressursene etter at Storbritannia forlot unionen og tok sine havomr\u00e5der og fiskekvoter med seg.<\/p>\n<p><b>Norge, EU <\/b>og Storbritannia er enige om en fiskeriavtale for neste \u00e5r, men avtalen er alts\u00e5 ikke tilstrekkelig for fiske-kommiss\u00e6r Costas Kadis og statsr\u00e5dene for fiske i flere av EU-landene.<\/p>\n<p><b>Fisk og jordbruk <\/b>er som kjent ikke en del av E\u00d8S-avtalen. Om fisk hadde v\u00e6rt en del av E\u00d8S, ville EU hatt en st\u00f8rre del av de norske kvotene allerede.<\/p>\n<p><b>Fisk og jordbruk<\/b> ble klokelig holdt utenom E\u00d8S av hensyn til norske interesser, og for \u00e5 sikre flertall for avtalen i Stortinget p\u00e5 begynnelsen av 1990-tallet.<\/p>\n<p><b>Det betyr<\/b> at EU ikke kan bruke paragraf 112 i E\u00d8S som grunnlag, slik de gjorde da \u00abtoll-sjokket\u00bb kom. Dersom Kadis f\u00e5r EU med p\u00e5 \u00e5 gi Norge et nytt smekk \u2013 fordi Norge er \u00abuvennlig og lite samarbeidsvillig\u00bb i fiskeripolitikken \u2013 m\u00e5 unionen bruke andre midler. Det er alts\u00e5 EUs kommiss\u00e6r for fiskeri helt klar til \u00e5 gj\u00f8re.<\/p>\n<p><b>Costas Kadis<\/b> kobler markedstilgang og fiskekvoter direkte, og mener EU-landene m\u00e5 f\u00e5 en st\u00f8rre kvoteandel i bytte mot at Norge f\u00e5r markedstilgang. EU vil ha en st\u00f8rre del av Norges fiskeri-kake til omfordeling blant EU-landene. Etter at EU ikke ble med p\u00e5 en felles avtale med Storbritannia og F\u00e6r\u00f8yene, presser EU Norge separat.<\/p>\n<p><b>EU-kommisjonen<\/b> <b>og <\/b>Kadis ser ut til \u00e5 blande EUs sterke posisjon overfor Norge i E\u00d8S, med fiskeriforhandlinger mellom EU, Norge og Storbritannia.<\/p>\n<p><b>Norge sitter<\/b> n\u00e5 i de \u00e5rlige fiskeriforhandlingene med Russland, der kvotene for neste \u00e5r skal fastsettes. Den norsk-russiske fiskeriforvaltningen er ogs\u00e5 ett av mange irritasjonsmomenter for EU.<\/p>\n<p><b>Det irriterer<\/b> med andre ord EU-kommisjonen at Norge er et selvstendig land med havomr\u00e5der og fiskeriressurser, og dermed forhandler med de aktuelle nabolandene p\u00e5 egne vegne.<\/p>\n<p><b>Det er ingen<\/b> hemmelighet at kampen om Europas og verdens naturressurser er beinhard, og stadig blir hardere.<\/p>\n<p><b>\u00c5 omtale <\/b>Norge som \u00abuvennlig og lite samarbeidsvillig\u00bb fordi norske myndigheter forsvarer norske fiskeriressurser, er uvanlig nedlatende og banaliserende.<\/p>\n<p><b>Ap-regjeringa har <\/b>f\u00e5tt et toll-smekk fra EU p\u00e5 det ene kinnet, og vendt det andre til. N\u00e5 b\u00f8r regjeringa klare \u00e5 hindre at EU gjengjelder med et fiskeri-smekk, ellers kan den norske nei-sida bli langt st\u00f8rre enn b\u00e5de H\u00f8yres Henrik Asheim og Aps Espen Barth Eide setter pris p\u00e5.<\/p>\n","protected":false},"excerpt":{"rendered":"\u00abDet som trengs, er et nytt flertall i folket\u00bb, sa nestleder i H\u00f8yre, Henrik Asheim, da TV2 presenterte&hellip;\n","protected":false},"author":2,"featured_media":114967,"comment_status":"","ping_status":"","sticky":false,"template":"","format":"standard","meta":{"footnotes":""},"categories":[10],"tags":[36,20,21,13964,279,24,25,6934,15,266,22,23,1581,1932,13963,13,30,28,29,14,1533,16,26,27],"class_list":{"0":"post-114966","1":"post","2":"type-post","3":"status-publish","4":"format-standard","5":"has-post-thumbnail","7":"category-norge","8":"tag-art","9":"tag-breaking-news","10":"tag-breakingnews","11":"tag-costas-kadis","12":"tag-eu","13":"tag-featured-news","14":"tag-featurednews","15":"tag-fiskeri-og-havbruk","16":"tag-headlines","17":"tag-kommentar","18":"tag-latest-news","19":"tag-latestnews","20":"tag-marianne-sivertsen-naess","21":"tag-motkultur","22":"tag-naturressurser","23":"tag-news","24":"tag-no","25":"tag-norge","26":"tag-norway","27":"tag-nyheter","28":"tag-opinion","29":"tag-overskrifter","30":"tag-top-stories","31":"tag-topstories"},"share_on_mastodon":{"url":"https:\/\/pubeurope.com\/@no\/115731160896811448","error":""},"_links":{"self":[{"href":"https:\/\/www.europesays.com\/no\/wp-json\/wp\/v2\/posts\/114966","targetHints":{"allow":["GET"]}}],"collection":[{"href":"https:\/\/www.europesays.com\/no\/wp-json\/wp\/v2\/posts"}],"about":[{"href":"https:\/\/www.europesays.com\/no\/wp-json\/wp\/v2\/types\/post"}],"author":[{"embeddable":true,"href":"https:\/\/www.europesays.com\/no\/wp-json\/wp\/v2\/users\/2"}],"replies":[{"embeddable":true,"href":"https:\/\/www.europesays.com\/no\/wp-json\/wp\/v2\/comments?post=114966"}],"version-history":[{"count":0,"href":"https:\/\/www.europesays.com\/no\/wp-json\/wp\/v2\/posts\/114966\/revisions"}],"wp:featuredmedia":[{"embeddable":true,"href":"https:\/\/www.europesays.com\/no\/wp-json\/wp\/v2\/media\/114967"}],"wp:attachment":[{"href":"https:\/\/www.europesays.com\/no\/wp-json\/wp\/v2\/media?parent=114966"}],"wp:term":[{"taxonomy":"category","embeddable":true,"href":"https:\/\/www.europesays.com\/no\/wp-json\/wp\/v2\/categories?post=114966"},{"taxonomy":"post_tag","embeddable":true,"href":"https:\/\/www.europesays.com\/no\/wp-json\/wp\/v2\/tags?post=114966"}],"curies":[{"name":"wp","href":"https:\/\/api.w.org\/{rel}","templated":true}]}}