{"id":114974,"date":"2025-12-16T20:44:21","date_gmt":"2025-12-16T20:44:21","guid":{"rendered":"https:\/\/www.europesays.com\/no\/114974\/"},"modified":"2025-12-16T20:44:21","modified_gmt":"2025-12-16T20:44:21","slug":"hva-narvik-kan-laere-oss-nrk-nordland","status":"publish","type":"post","link":"https:\/\/www.europesays.com\/no\/114974\/","title":{"rendered":"Hva Narvik kan l\u00e6re oss? \u2013 NRK Nordland"},"content":{"rendered":"<p>Saken oppsummert<\/p>\n<ul>\n<li>Narvik kommune st\u00e5r overfor store \u00f8konomiske utfordringer, med over 2 milliarder kroner i gjeld og risiko for \u00e5 havne p\u00e5 Robek-lista.<\/li>\n<li>Kommunestyret har klart \u00e5 samle seg om et b\u00e6rekraftig budsjett til tross for politiske uenigheter.<\/li>\n<li>KS peker p\u00e5 at norske kommuner generelt m\u00e5 forberede seg p\u00e5 t\u00f8ffere prioriteringer fremover, med flere lovp\u00e5lagte oppgaver og mindre ressurser.<\/li>\n<li>Lokaldemokrati og samarbeid mellom partiene blir viktigere enn noen gang for \u00e5 sikre innbyggernes interesser i \u00f8konomisk krevende tider, mener KS.<\/li>\n<\/ul>\n<p>Oppsummeringen er laget av en KI-tjeneste fra OpenAI. Innholdet er kvalitetssikret av NRKs journalister f\u00f8r publisering.<\/p>\n<p><strong>\u2013 Slik situasjonen er i Narvik, og i flere andre kommuner i Norge, s\u00e5 er det ikke rom for \u00e5 leke butikk akkurat n\u00e5, sier Ragne Johnsen Meg\u00e5rd.<\/strong><\/p>\n<p>Hun er gruppeleder for SV i Narvik kommune. En kommune som har hatt mange heftige diskusjoner om \u00f8konomi den siste tiden.<\/p>\n<p>I oktober var kommunen, <a href=\"https:\/\/www.nrk.no\/nordland\/narvik-kommune-har-bikket-to-milliarder-i-gjeld-1.17439365\" ec-id=\"pp:article:1.17439365\" ec-name=\"som har over 2 milliarder kroner i gjeld\" rel=\"nofollow noopener\" target=\"_blank\">som har over 2 milliarder kroner i gjeld<\/a>, p\u00e5 <a href=\"https:\/\/www.nrk.no\/nordland\/narvik-styrer-mot-robek-lista-1.17604085\" ec-id=\"pp:article:1.17604085\" ec-name=\"god vei mot Robek-lista.\" rel=\"nofollow noopener\" target=\"_blank\">god vei mot Robek-lista.<\/a> Kommunedirekt\u00f8ren gikk av i sommer <a href=\"https:\/\/www.nrk.no\/nordland\/radmannen-i-narvik-far-sparken-_-far-20-manader-med-etterlonn-1.17461350\" ec-id=\"pp:article:1.17461350\" ec-name=\"p\u00e5 grunn av \u00abmange t\u00f8ffe saker over tid\u00bb.\" rel=\"nofollow noopener\" target=\"_blank\">p\u00e5 grunn av \u00abmange t\u00f8ffe saker over tid\u00bb.<\/a> De har <a href=\"https:\/\/www.nrk.no\/nordland\/narvik-kommune-vedtar-mindre-sykehjemsplasser-_-debattklimaet-koker-over-1.17258812\" ec-id=\"pp:article:1.17258812\" ec-name=\"kuttet i sykehjemsplasser\" rel=\"nofollow noopener\" target=\"_blank\">kuttet i sykehjemsplasser<\/a> og snakket om \u00e5 legge ned skoler, samtidig som <a href=\"https:\/\/www.nrk.no\/nordland\/konsernsjef-i-nordkraft-fikk-full-bonus-_-narvik-kommune-reagerer-1.17547116\" ec-id=\"pp:article:1.17547116\" ec-name=\"inntekter fra kraftproduksjon har uteblitt.\" rel=\"nofollow noopener\" target=\"_blank\">inntekter fra kraftproduksjon har uteblitt.<\/a><\/p>\n<p><strong>Med andre ord: <a href=\"https:\/\/www.nrk.no\/mr\/statsbudsjettet-og-kommuneokonomi_-vil-gi-kommunane-4_2-milliardar-meir-_-ks-er-skuffa-1.17609007\" ec-id=\"pp:article:1.17609007\" ec-name=\"P\u00e5 lik linje med veldig mange andre kommuner i Norge\" rel=\"nofollow noopener\" target=\"_blank\">P\u00e5 lik linje med veldig mange andre kommuner i Norge<\/a>, er det krevende \u00e5 drive Narvik kommune i balanse.<\/strong><\/p>\n<p>\u2013 Med den \u00f8konomiske situasjonen som norske kommuner st\u00e5r i n\u00e5, s\u00e5 er det ikke plass til \u00e5 v\u00e6re populistisk og leke fra sak til sak. Et kommunebudsjett i dagens situasjon blir best med samhandling. Det har vi overraskende og heldigvis klart, sier Meg\u00e5rd.<\/p>\n<p>N\u00e5 i desember pr\u00f8ver de fleste norske kommuner \u00e5 lande et budsjett for 2026. Ogs\u00e5 i Narvik.<\/p>\n<p>Selv om partiene i kommunestyret er uenige om en del saker, var det viktigere for dem \u00e5 bli enige om et b\u00e6rekraftig budsjett.<\/p>\n<p>\u2013 Vi skulle \u00f8nske at vi kunne fremmet et eget budsjett og hatt penger til \u00e5 gj\u00f8re reelle partipolitiske prioriteringer. S\u00e5nn er ikke situasjonen i Kommune-Norge n\u00e5. Da m\u00e5 vi jobbe sammen for det beste for innbyggerne, sier Meg\u00e5rd i SV.<\/p>\n<p>Ogs\u00e5 i Fauske ble det <a href=\"https:\/\/www.an.no\/kom-til-historisk-enighet-det-setter-jeg-veldig-pris-pa\/s\/5-4-2293388\" ec-id=\"https:\/\/www.an.no\/kom-til-historisk-enighet-det-setter-jeg-veldig-pris-pa\/s\/5-4-2293388\" ec-name=\"enstemmig enighet om neste \u00e5rs budsjett.\" rel=\"nofollow noopener\" target=\"_blank\">enstemmig enighet om neste \u00e5rs budsjett. <\/a><\/p>\n<p>Ordf\u00f8rer i Narvik, Rune Edvardsen (Ap), uttrykte sin takknemlighet da han rundet av torsdagens m\u00f8te.<\/p>\n<p>Narvik kommune vedtok et nytt budsjett enstemmig. Det er uvanlig, og ordf\u00f8rer Rune Edvardsen var sv\u00e6rt takknemlig for hvordan forhandlingene hadde g\u00e5tt for seg.<\/p>\n<p>\u2013 Norske kommuner har veldig mange lovp\u00e5lagte oppgaver som koster penger. dermed er det lite penger igjen til \u00e5 drive politikk for. N\u00e5 de forskjellige grupperingene i kommunestyret klarer \u00e5 finne gode l\u00f8sninger, s\u00e5 er det noe b\u00e5de kommunen, politikere, administrasjonen og ikke minst byens innbyggere tjener p\u00e5, forklarer Edvardsen. <\/p>\n<p>\u2013 S\u00e5 politisk enighet er egentlig tegn p\u00e5 at det er d\u00e5rlige tider?<\/p>\n<p><strong>\u2013 Det beh\u00f8ver jo ikke \u00e5 v\u00e6re det. Jeg er inne i mitt 11. \u00e5r som ordf\u00f8rer. Vi har hatt flere \u00e5r hvor vi hadde enstemmig budsjett. Men det er klart, vi ser alle de utfordringene vi har og vi ser hva vi m\u00e5 prioritere. <\/strong><\/p>\n<p>Frode Lindtvedt, avdelingsdirekt\u00f8r for lokaldemokrati i KS, erkjenner at hverdagen er annerledes for en del kommuner n\u00e5 enn tidligere.<\/p>\n<p>    <img alt=\"Rune Edvardsen, ordf\u00f8rer i Narvik\"  loading=\"lazy\"\/><\/p>\n<blockquote class=\"dhspb__sitat-boks--fa5d2 | dhspb__standard--b7513 dhspb__light--dbdf0\">\n<p>\u00abDet er bestandig ting vi \u00f8nsker \u00e5 f\u00e5 inn, som vi ikke har penger til. Men her har alle parter klart \u00e5 enes om det minst d\u00e5rlige budsjettet.\u00bb<\/p>\n<p class=\"dhspb__sitert-person--b9a5f\">Rune Edvardsen<\/p>\n<p class=\"dhspb__rolle--bc408\">Ordf\u00f8rer (Ap)<\/p>\n<\/blockquote>\n<p>Foto: Lars-Bj\u00f8rn Martinsen<\/p>\n<p>Foto: Lars-Bj\u00f8rn Martinsen<\/p>\n<p>\u2013 Det blir en endring i Norsk politikk<\/p>\n<p>\u2013 Det er ikke noe hemmelighet at vi mener det er stramt for v\u00e5re medlemmer, alts\u00e5 for kommunene og fylkeskommunene, sier Lindtvedt.<\/p>\n<p>Han viser blant annet til flere lovp\u00e5lagte oppgaver fra staten, og d\u00e5rligere tilgang p\u00e5 folk som kan gj\u00f8re de oppgavene. <\/p>\n<p>\u2013 Det blir en endring i norsk politikk framover, b\u00e5de nasjonalt og lokalt. Etter andre verdenskrig, s\u00e5 har vi jo kunnet fordele en vekst. I tiden som kommer blir vi nok n\u00f8dt til \u00e5 prioritere enda t\u00f8ffere, sier han. <\/p>\n<p>\u2013 Da m\u00e5 man kanskje g\u00e5 enda mer til kjernen av det man st\u00e5r for og det man \u00f8nsker \u00e5 jobbe for p\u00e5 vegne av innbyggerne og sette en retning. Det kan bli krevende, men det fine med lokaldemokrati er at man ikke m\u00e5 v\u00e6re helt enige i alt for \u00e5 finne kompromisser.<strong> <\/strong><\/p>\n<p>Og akkurat der, tror Lindtvedt at kommunene har en fordel.<\/p>\n<p>\u2013 <strong>I de fleste kommuner beh\u00f8ver ikke \u00e5 v\u00e6re det samme flertallet hele tiden. Det gj\u00f8r at innbyggernes interesser kommer til \u00e5 bli godt ivaretatt gjennom sine valgte representanter.<\/strong><\/p>\n<p>Ragne Johnsen Meg\u00e5rd i Narvik SV har ogs\u00e5 merket en endring.<\/p>\n<ul class=\"dhpg__gallery__list\">\n<li class=\"dhpg__gallery__listItem\"><img alt=\"Mann som smiler til kamera\"  width=\"2400\" height=\"2400\" loading=\"lazy\"\/>Frode Lindtvedt\n<p>\u2013 Det er b\u00e5de store og sm\u00e5 kommuner som har en trang \u00f8konomi. Hva de sliter med er ganske nyansert, men utfordringen med \u00e5 f\u00e5 tak i nok folk g\u00e5r igjen. Det er\u00a0en utfordring man\u00a0finner over hele landet, men kanskje i st\u00f8rre grad i mindre og desentrale\u00a0kommuner.<\/p>\n<\/li>\n<\/ul>\n<p>Har pr\u00f8vd i flere \u00e5r<\/p>\n<p>I flere \u00e5r har hun pr\u00f8vd \u00e5 samle alle partiene til en felles samtale f\u00f8r hver budsjettforhandling.<\/p>\n<p>\u2013 De to siste \u00e5rene har ikke det gitt noe resultat. Men denne gangen m\u00f8tte de andre opp, og de har alle bidratt positivt, sier Meg\u00e5rd.<\/p>\n<p>\u2013 For \u00e5 f\u00e5 det til har det v\u00e6rt viktig \u00e5 samles rundt det vi er enige om, og s\u00e5 trekke ut de tingene vi er uenige om. Da s\u00e5 vi at vi var villige til \u00e5 prioritere de samme tingene \u00f8verst p\u00e5 lista, og s\u00e5 heller erkl\u00e6re at vi klarer ikke \u00e5 berge alle tiltak som blir foresl\u00e5tt kuttet.<\/p>\n<p><strong>\u2013 For SV sin del, hva har v\u00e6rt det viktigste i forhandlingene?<\/strong><\/p>\n<p>\u2013 Det har v\u00e6rt \u00e5 berge de lavterskeltilbudene som g\u00e5r p\u00e5 tidlig tilrettelegging til barn og unge og til eldre.<\/p>\n<p>Publisert<\/p>\n<p>16.12.2025, kl. 18.05<\/p>\n","protected":false},"excerpt":{"rendered":"Saken oppsummert Narvik kommune st\u00e5r overfor store \u00f8konomiske utfordringer, med over 2 milliarder kroner i gjeld og risiko&hellip;\n","protected":false},"author":2,"featured_media":114975,"comment_status":"","ping_status":"","sticky":false,"template":"","format":"standard","meta":{"footnotes":""},"categories":[10],"tags":[20,21,24,25,15,22,23,13,30,28,29,14,16,26,27],"class_list":{"0":"post-114974","1":"post","2":"type-post","3":"status-publish","4":"format-standard","5":"has-post-thumbnail","7":"category-norge","8":"tag-breaking-news","9":"tag-breakingnews","10":"tag-featured-news","11":"tag-featurednews","12":"tag-headlines","13":"tag-latest-news","14":"tag-latestnews","15":"tag-news","16":"tag-no","17":"tag-norge","18":"tag-norway","19":"tag-nyheter","20":"tag-overskrifter","21":"tag-top-stories","22":"tag-topstories"},"share_on_mastodon":{"url":"https:\/\/pubeurope.com\/@no\/115731199760846345","error":""},"_links":{"self":[{"href":"https:\/\/www.europesays.com\/no\/wp-json\/wp\/v2\/posts\/114974","targetHints":{"allow":["GET"]}}],"collection":[{"href":"https:\/\/www.europesays.com\/no\/wp-json\/wp\/v2\/posts"}],"about":[{"href":"https:\/\/www.europesays.com\/no\/wp-json\/wp\/v2\/types\/post"}],"author":[{"embeddable":true,"href":"https:\/\/www.europesays.com\/no\/wp-json\/wp\/v2\/users\/2"}],"replies":[{"embeddable":true,"href":"https:\/\/www.europesays.com\/no\/wp-json\/wp\/v2\/comments?post=114974"}],"version-history":[{"count":0,"href":"https:\/\/www.europesays.com\/no\/wp-json\/wp\/v2\/posts\/114974\/revisions"}],"wp:featuredmedia":[{"embeddable":true,"href":"https:\/\/www.europesays.com\/no\/wp-json\/wp\/v2\/media\/114975"}],"wp:attachment":[{"href":"https:\/\/www.europesays.com\/no\/wp-json\/wp\/v2\/media?parent=114974"}],"wp:term":[{"taxonomy":"category","embeddable":true,"href":"https:\/\/www.europesays.com\/no\/wp-json\/wp\/v2\/categories?post=114974"},{"taxonomy":"post_tag","embeddable":true,"href":"https:\/\/www.europesays.com\/no\/wp-json\/wp\/v2\/tags?post=114974"}],"curies":[{"name":"wp","href":"https:\/\/api.w.org\/{rel}","templated":true}]}}