{"id":114983,"date":"2025-12-16T20:53:21","date_gmt":"2025-12-16T20:53:21","guid":{"rendered":"https:\/\/www.europesays.com\/no\/114983\/"},"modified":"2025-12-16T20:53:21","modified_gmt":"2025-12-16T20:53:21","slug":"bente-lill-romoren-er-dod-2","status":"publish","type":"post","link":"https:\/\/www.europesays.com\/no\/114983\/","title":{"rendered":"Bente-Lill Rom\u00f8ren er d\u00f8d."},"content":{"rendered":"<p>  D\u00f8dsfallet til Bente-Lill Rom\u00f8ren (76) preger norsk hoppsport. &#8211; Hun var med p\u00e5 \u00e5 ta sporten ut fra det dypeste m\u00f8rket, sier Clas Brede Br\u00e5then.<\/p>\n<p>\n    HYLLER HOPP-MAMMA: Clas Brede Br\u00e5then og Bente-Lill Rom\u00f8ren jobbet tett sammen i flere \u00e5r. Foto: Terje Bendiksby \/ NTB\n  <\/p>\n<p>Tirsdag gikk tidligere skihopper Bj\u00f8rn Einar Rom\u00f8ren (44) ut p\u00e5 Instagram og fortalte den triste nyheten:<\/p>\n<p>Moren d\u00f8de s\u00f8ndag.<\/p>\n<p>&#8211; Mamma. Vi savner deg alle sammen, skriver Rom\u00f8ren i det hjerteskj\u00e6rende innlegget. Det avsluttes med emneknaggen \u00abfuckcancer\u00bb.<\/p>\n<p class=\"italic m-italic\" data-lab-italic=\"italic\">Se bildene eks-hopperen har lagt ut under:<\/p>\n<p>Bente-Lill Rom\u00f8ren bodde i B\u00e6rum og var sv\u00e6rt engasjert i hoppsporten.\u00a0<\/p>\n<p>En av dem som kjente henne godt, er tidligere hoppsjef Clas Brede Br\u00e5then (57). Hun satt i hoppkomiteen i 17 \u00e5r. De seks siste \u00e5ra var hun leder, f\u00f8r hun gikk av i 2020. Br\u00e5then var sportssjef fra 2004 til 2024. Sammen var de toppen av Hopp-Norge.<\/p>\n<p>&#8211; Jeg er i dyp sorg. Bente-Lill er en person som betydde veldig mye for mange. Jeg f\u00f8ler meg veldig privilegert som fikk kjenne henne i over 30 \u00e5r, sier Br\u00e5then til Dagbladet.<\/p>\n<p>        <img loading=\"lazy\" decoding=\"async\" src=\"https:\/\/www.europesays.com\/no\/wp-content\/uploads\/2025\/12\/1765918396_190_83994531.webp\" width=\"667\" height=\"447\" title=\"SAMARBEID: Clas Brede Br\u00e5then og Bente-Lill Rom\u00f8ren i Holmenkollen i 2018. De m\u00f8tte mediene sammen med renndirekt\u00f8rene Chika Yoshida og Walter Hofer. Foto: Berit Roald \/ NTB\" alt=\"\" class=\"\" style=\"--aspect-ratio-image: 1.49; \"\/><\/p>\n<p>\n        SAMARBEID: Clas Brede Br\u00e5then og Bente-Lill Rom\u00f8ren i Holmenkollen i 2018. De m\u00f8tte mediene sammen med renndirekt\u00f8rene Chika Yoshida og Walter Hofer. Foto: Berit Roald \/ NTB\n    <\/p>\n<p>Den tidligere hoppsjefen er en god venn av Bj\u00f8rn Einar Rom\u00f8ren. Han har gitt klarsignal til at Br\u00e5then uttaler seg om moren til Dagbladet.<\/p>\n<p>P\u00e5 samme m\u00e5te som Bj\u00f8rn Einar og Br\u00e5then var Bente-Lill Rom\u00f8ren langt over snittet interessert i hopp. Hun var stolt tilskuer i s\u00f8nnens glansdager. I 2005 satte han verdensrekord i Planica med 239 meter.<\/p>\n<p>        <img loading=\"lazy\" decoding=\"async\" src=\"https:\/\/www.europesays.com\/no\/wp-content\/uploads\/2025\/12\/1765918397_651_83993983.webp\" width=\"667\" height=\"427\" title=\"T\u00d8FFE \u00c5R: Bj\u00f8rn Einar Rom\u00f8ren fikk kreft og ble kreftfri. N\u00e5 har moren Bente-Lill g\u00e5tt bort. Foto: Geir Olsen \/ NTB\" alt=\"\" class=\"\" style=\"--aspect-ratio-image: 1.56; \"\/><\/p>\n<p>\n        T\u00d8FFE \u00c5R: Bj\u00f8rn Einar Rom\u00f8ren fikk kreft og ble kreftfri. N\u00e5 har moren Bente-Lill g\u00e5tt bort. Foto: Geir Olsen \/ NTB\n    <\/p>\n<p>&#8211; Bente-Lill var f\u00f8rst og fremst en veldig omtenksom og klok person som gladelig delte av det hun kunne. Hun har betydd mye for meg personlig, forteller Br\u00e5then.<\/p>\n<p>&#8211; Hun hjalp meg til \u00e5 bli en bedre utgave av meg selv. Hun var en ryddig og ordentlig person \u00e5 forholde seg til i alle sammenhenger. Hun s\u00e5 andre mennesker. Hun var en leder som jeg har brukt som forbilde i de lederrollene jeg selv har hatt.<\/p>\n<p>Br\u00e5then skj\u00f8nte hvilken vei det bar for et \u00e5r siden.<\/p>\n<p>&#8211; Jeg forsto at det gikk i den retningen som det dessverre n\u00e5 har gjort. Det har v\u00e6rt en t\u00f8ff tid, spesielt for familien.<\/p>\n<p>        <img loading=\"lazy\" decoding=\"async\" src=\"https:\/\/www.europesays.com\/no\/wp-content\/uploads\/2025\/12\/1765918399_76_83993981.webp\" width=\"667\" height=\"407\" title=\"STORTRIVDES I HOPPBAKKEN: Bente-Lill Rom\u00f8ren d\u00f8de s\u00f8ndag 14. desember. Hun ble f\u00f8dt 17. juli 1949. Bildet er fra Innsbruck i 2017. Foto: Terje Bendiksby \/ NTB\" alt=\"\" class=\"\" style=\"--aspect-ratio-image: 1.64; \"\/><\/p>\n<p>\n        STORTRIVDES I HOPPBAKKEN: Bente-Lill Rom\u00f8ren d\u00f8de s\u00f8ndag 14. desember. Hun ble f\u00f8dt 17. juli 1949. Bildet er fra Innsbruck i 2017. Foto: Terje Bendiksby \/ NTB\n    <\/p>\n<p>Bj\u00f8rn Einar Rom\u00f8ren har selv v\u00e6rt rammet av kreft. Han hadde Ewing sarkom, men ble erkl\u00e6rt kreftfri for fem \u00e5r siden.<\/p>\n<p>P\u00e5 Instagram skriver han om moren:<\/p>\n<p>&#8211; Du satte sterke og fine spor i s\u00e5 mange hjerter, og jeg vil takke alle som var med p\u00e5 \u00e5 gj\u00f8re den siste tida s\u00e5 fin for mamma. En spesiell takk til alle ansatte og frivillige ved Hospice Stab\u00e6k.<\/p>\n<p>Clas Brede Br\u00e5then f\u00e5r ikke fullrost Bente-Lill Rom\u00f8ren godt nok.<\/p>\n<p>&#8211; Hoppsporten hadde ikke v\u00e6rt der den er i dag &#8211; p\u00e5 den m\u00e5ten vi kom dit &#8211; uten henne. Bente-Lill og jeg hadde et samarbeid jeg mener var veldig bra, sier Br\u00e5then.<\/p>\n<p>        <img loading=\"lazy\" decoding=\"async\" src=\"https:\/\/www.europesays.com\/no\/wp-content\/uploads\/2025\/12\/1765918400_774_83993986.webp\" width=\"667\" height=\"381\" title=\"F\u00d8LELSER: Clas Brede Br\u00e5then sier Bente-Lill Rom\u00f8ren var et forbilde for ham i lederrollen. Foto: Stian Lysberg Solum \/ NTB\" alt=\"\" class=\"\" style=\"--aspect-ratio-image: 1.75; \"\/><\/p>\n<p>\n        F\u00d8LELSER: Clas Brede Br\u00e5then sier Bente-Lill Rom\u00f8ren var et forbilde for ham i lederrollen. Foto: Stian Lysberg Solum \/ NTB\n    <\/p>\n<p>&#8211; Det er bare \u00e5 se p\u00e5 CV-en hennes. Hun var sentral da vi startet jenteprosjektet i 2002. Hun bidro til \u00e5 l\u00f8fte sporten ut av det dypeste m\u00f8rket p\u00e5 slutten av 90-tallet og begynnelsen av 2000-tallet, til en av de mest gylne periodene. Hun var sentral i forskjellige funksjoner hele veien, sier han.<\/p>\n<p>Reaksjonene er mange under Instagram-innlegget til Rom\u00f8ren:<\/p>\n<p>&#8211; Kondolerer, skriver hopplandslaget.<\/p>\n<p>&#8211; Vi har mye \u00e5 takke Bente-Lill for etter stor innsats for hoppsporten i mange \u00e5r. Varme tanker til familien!<\/p>\n<p>        KREFTFRI: Tidligere skihopper, Bj\u00f8rn Einar Rom\u00f8ren, var tydelig ber\u00f8rt da han gjestet \u00abLindmo\u00bb. Video: NRK<\/p>\n<p>Br\u00e5then sier det er \u00abet stort hopphjerte som har sluttet \u00e5 banke for godt\u00bb.<\/p>\n<p>&#8211; Det er en betydelig person som har g\u00e5tt ut av tida, b\u00e5de i hoppsporten og skisporten. Jeg tror det blir vanskelig \u00e5 finne den type mennesker i framtida, p\u00e5peker han.<\/p>\n<p>&#8211; Det er ikke s\u00e5 mange som er s\u00e5 villige til \u00e5 legge ned s\u00e5 mye arbeid og hvor betalingen er at du f\u00e5r gode opplevelser igjen. Hun har satt dype spor hos meg.<\/p>\n<p>        <img loading=\"lazy\" decoding=\"async\" src=\"https:\/\/www.europesays.com\/no\/wp-content\/uploads\/2025\/12\/1765918401_565_83994255.webp\" width=\"667\" height=\"667\" title=\"HYLLES: Clas Brede Br\u00e5then er full av beundring over det Bente-Lill Rom\u00f8ren sto for. Foto: Privat\" alt=\"\" class=\"\" style=\"--aspect-ratio-image: 1.00; \"\/><\/p>\n<p>\n        HYLLES: Clas Brede Br\u00e5then er full av beundring over det Bente-Lill Rom\u00f8ren sto for. Foto: Privat\n    <\/p>\n<p>P\u00e5 <a href=\"https:\/\/www.facebook.com\/clabban\" rel=\"nofollow noopener\" target=\"_blank\">Facebook <\/a>skriver Br\u00e5then tirsdag kveld:\u00a0<\/p>\n<p>&#8211; Bente-Lill la ned et enormt arbeid for fellesskapet, ofte i det stille, drevet av kj\u00e6rlighet til sporten og menneskene rundt den.<\/p>\n<p>Bj\u00f8rn Einar Rom\u00f8ren og kona Martine har tre barn. De har n\u00e5 mistet en kj\u00e6r farmor.<\/p>\n","protected":false},"excerpt":{"rendered":"D\u00f8dsfallet til Bente-Lill Rom\u00f8ren (76) preger norsk hoppsport. &#8211; Hun var med p\u00e5 \u00e5 ta sporten ut fra&hellip;\n","protected":false},"author":2,"featured_media":114984,"comment_status":"","ping_status":"","sticky":false,"template":"","format":"standard","meta":{"footnotes":""},"categories":[59],"tags":[13959,13960,770,30,28,29,83,82,399],"class_list":{"0":"post-114983","1":"post","2":"type-post","3":"status-publish","4":"format-standard","5":"has-post-thumbnail","7":"category-sport","8":"tag-bente-lill-romoren","9":"tag-clas-brede-brathen","10":"tag-hopp","11":"tag-no","12":"tag-norge","13":"tag-norway","14":"tag-sport","15":"tag-sports","16":"tag-vintersport"},"share_on_mastodon":{"url":"https:\/\/pubeurope.com\/@no\/115731235944492342","error":""},"_links":{"self":[{"href":"https:\/\/www.europesays.com\/no\/wp-json\/wp\/v2\/posts\/114983","targetHints":{"allow":["GET"]}}],"collection":[{"href":"https:\/\/www.europesays.com\/no\/wp-json\/wp\/v2\/posts"}],"about":[{"href":"https:\/\/www.europesays.com\/no\/wp-json\/wp\/v2\/types\/post"}],"author":[{"embeddable":true,"href":"https:\/\/www.europesays.com\/no\/wp-json\/wp\/v2\/users\/2"}],"replies":[{"embeddable":true,"href":"https:\/\/www.europesays.com\/no\/wp-json\/wp\/v2\/comments?post=114983"}],"version-history":[{"count":0,"href":"https:\/\/www.europesays.com\/no\/wp-json\/wp\/v2\/posts\/114983\/revisions"}],"wp:featuredmedia":[{"embeddable":true,"href":"https:\/\/www.europesays.com\/no\/wp-json\/wp\/v2\/media\/114984"}],"wp:attachment":[{"href":"https:\/\/www.europesays.com\/no\/wp-json\/wp\/v2\/media?parent=114983"}],"wp:term":[{"taxonomy":"category","embeddable":true,"href":"https:\/\/www.europesays.com\/no\/wp-json\/wp\/v2\/categories?post=114983"},{"taxonomy":"post_tag","embeddable":true,"href":"https:\/\/www.europesays.com\/no\/wp-json\/wp\/v2\/tags?post=114983"}],"curies":[{"name":"wp","href":"https:\/\/api.w.org\/{rel}","templated":true}]}}