{"id":114985,"date":"2025-12-16T20:54:13","date_gmt":"2025-12-16T20:54:13","guid":{"rendered":"https:\/\/www.europesays.com\/no\/114985\/"},"modified":"2025-12-16T20:54:13","modified_gmt":"2025-12-16T20:54:13","slug":"kristiansund-kultur-45-millioner-til-operaen-i-kristiansund-det-betyr-enormt-mye-for-oss","status":"publish","type":"post","link":"https:\/\/www.europesays.com\/no\/114985\/","title":{"rendered":"Kristiansund, Kultur | 4,5 millioner til Operaen i Kristiansund: \u2013 Det betyr enormt mye for oss"},"content":{"rendered":"\n<p>\u2013 Dette er det st\u00f8rste kultursponsoratet p\u00e5 Nordm\u00f8re og betyr enormt mye for oss, sier operasjef Line L\u00f8nning Andresen entusiastisk.<\/p>\n<p>Entusiasmen skyldes at Operaen har inng\u00e5tt en sponsoravtale med Sparebank 1 Nordm\u00f8re verdt 4,5 millioner kroner over tre \u00e5r.<\/p>\n<p>Stolt generalsponsor<\/p>\n<p>Avtalen er en betydelig \u00f8kning fra tidligere og gir, if\u00f8lge operasjefen, et solid grunnlag for \u00e5 videreutvikle kunsten, skape nyskapende produksjoner og tilby publikum i hele regionen opplevelser av h\u00f8y kvalitet.<\/p>\n<p>\u2013 Helt grunnlaget, hensikten med det vi driver med, er \u00e5 skape verdier og b\u00e6rekraftig utvikling for kundene, eierne og ikke minst samfunnet rundt oss, bekrefter Allan Troelsen, administrerende direkt\u00f8r i Sparebank 1 Nordm\u00f8re.<\/p>\n<p>\u2013 Operaen er absolutt utrolig viktig for attraktiviteten p\u00e5 hele Nordm\u00f8re, fordi det gir et s\u00e5 godt kulturtilbud. Det er et fyrt\u00e5rn. Vi er veldig stolte av \u00e5 v\u00e6re generalsponsor, legger Hans Mellems\u00e6ther fra Sparebank 1 Nordm\u00f8re til.<\/p>\n<p>   <img decoding=\"async\" width=\"6000\" height=\"4000\" fetchpriority=\"low\"  loading=\"lazy\"  src=\"https:\/\/www.europesays.com\/no\/wp-content\/uploads\/2025\/12\/DSC00397+%281%29.jpg\" alt=\"\" class=\"brick-c-cFOWSL\" style=\"--brick-image-ratio: 6000 \/ 4000;\"\/><\/p>\n<p>      Sparebank 1 Nordm\u00f8re har v\u00e6rt en trofast generalsponsor for Operaen i Kristiansund i rundt 18 \u00e5r. P\u00e5 bildet er det Hans Mellems\u00e6ther, operasjef Line L\u00f8nning Andresen, Helene Backer fra Operaen i Kristiansund og Allan Troelsen, administrerende direkt\u00f8r i Sparebank 1 Nordm\u00f8re.<br \/>\n      Foto: Elina Liubytska\n    <\/p>\n<p>  Satsing p\u00e5 barn og unge<\/p>\n<p>\u2013 Men er opera for alle?<\/p>\n<p>B\u00e5de Operaen og Sparebank 1 Nordm\u00f8re er samstemte i at tilbudet er bredt og inkluderende.<\/p>\n<p>\u2013 N\u00e5r jeg tenker p\u00e5 operaen i Kristiansund, s\u00e5 tenker jeg ikke bare opera. Jeg tenker alt de har av arrangement, om det er Kardemomme by, dansefestival, balettsenter, Operaens Sinfonietta&#8230; Det er hele spekteret, fra unger til voksne, sier Mellems\u00e6ther.<\/p>\n<p>Allan Troelsen understreker ogs\u00e5 at \u00abdet er ikke bare for dem som er inne i den tunge operaen\u00bb.<\/p>\n<p>Den nye avtalen vil nettopp bidra til \u00e5 sikre to spennende nysatsinger: &#8216;Operaperler&#8217; og &#8216;Scene Ung&#8217;.<\/p>\n<p>   <img decoding=\"async\" width=\"6000\" height=\"4000\" fetchpriority=\"low\"  loading=\"lazy\"  src=\"https:\/\/www.europesays.com\/no\/wp-content\/uploads\/2025\/12\/DSC00432+%281%29.jpg\" alt=\"\" class=\"brick-c-cFOWSL\" style=\"--brick-image-ratio: 6000 \/ 4000;\"\/><\/p>\n<p>      Helene Backer forteller at Operaen stadig jakter nye publikumsgrupper.<br \/>\n\u2013 N\u00e5 skal vi ogs\u00e5 ha yoga med klassisk musikk, og vinterbadeopera. Men barn og unge er en av de viktigste satsingsomr\u00e5dene for generalsponsoren.<br \/>\n      Foto: Elina Liubytska\n    <\/p>\n<p>  Lavterskel<\/p>\n<p>Operaperler er et nytt lavterskeltilbud som arrangeres flere ganger \u00e5rlig og erstatter den tidligere operapuben.<\/p>\n<p>\u2013 Dette er Sparebank 1 Nordm\u00f8res gave til publikum for \u00e5 sikre gode artister og opplevelser, sier operasjefen.<\/p>\n<p>\u2013 Og det er et veldig flott lavterskeltilbud der vi stadig f\u00e5r presentert flotte, b\u00e5de nye og etablerte operasangere fra hele Norge, legger Helene Backer, informasjons- og markedssjef i Operaen i Kristiansund, til.<\/p>\n<p>Scene Ung er ogs\u00e5 en helt ny satsing rettet mot barn og unge som \u00f8nsker \u00e5 st\u00e5 p\u00e5 en scene. Tilbudet inkluderer ukentlig undervisning i sang og teater, med Nils Arne Halle Erstad som sangansvarlig.<\/p>\n<p>  <a href=\"https:\/\/www.tk.no\/5-51-1778702\" class=\"related-teaser has-image default-story-teaser article--c-eRUmMG article--c-eRUmMG-jKCPdD-design-default\" rel=\"nofollow noopener\" target=\"_blank\"><\/p>\n<p>    <img decoding=\"async\" loading=\"lazy\"  src=\"https:\/\/www.europesays.com\/no\/wp-content\/uploads\/2025\/12\/1765918450_201_ka5OEw.jpeg\" alt=\"\" class=\"brick-c-cFOWSL\" style=\"\"\/><\/p>\n<p>\n            Les ogs\u00e5<\/p>\n<p>              Nils Arne (23) solgte leiligheten, vendte hjem, kj\u00f8pte hus og fikk ny jobb: \u2013 \u00abN\u00e5 eller aldri\u00bb, tenkte jeg\n        <\/p>\n<p>  <\/a><br \/>\n  I full gang<\/p>\n<p>Sparebank 1 Nordm\u00f8re er ikke en passiv sponsor, men en aktiv partner.<\/p>\n<p>\u2013 Vi bryr oss, sier Hans Mellems\u00e6ther.<\/p>\n<p>\u2013 Det er et privilegium \u00e5 ha en generalsponsor som ogs\u00e5 er engasjert. Noen vi kan kaste ball med \u00e5 finne p\u00e5 nye, artige ting, sier Line L\u00f8nning Andresen.<\/p>\n<p>   <img decoding=\"async\" width=\"6000\" height=\"4000\" fetchpriority=\"low\"  loading=\"lazy\"  src=\"https:\/\/www.europesays.com\/no\/wp-content\/uploads\/2025\/12\/DSC00417+%281%29.jpg\" alt=\"\" class=\"brick-c-cFOWSL\" style=\"--brick-image-ratio: 6000 \/ 4000;\"\/><\/p>\n<p>      \u2013 Det er ingen tvil om at med operaen f\u00f8lger ringvirkninger til Kristiansund: \u00d8kt bes\u00f8k, flere hotellovernatting, flere bes\u00f8kende p\u00e5 restauranter og \u00f8kt handel, sier  administrerende direkt\u00f8r Allan Troelsen.<br \/>\n      Foto: Elina Liubytska\n    <\/p>\n<p>Banken etablerte ogs\u00e5 et operafond i 2018, i tillegg til den ordin\u00e6re avtalen, for \u00e5 gi et ekstra l\u00f8ft frem mot 100-\u00e5rsjubileet i 2028.<\/p>\n<p>St\u00f8tten skaper spenning og stolthet i operahuset. Forberedelsene til Operafestukene 2026 er allerede i full gang, og hovedproduksjonen er den anerkjente \u00abAnne Pedersdatter\u00bb av Kristiansunds egen Edvard Fliflet Br\u00e6in.<\/p>\n<p>\u2013 Det er jo Norges beste opera, og det har ikke blitt satt opp scenisk siden \u00e5r 2000, forteller Helene Backer.<\/p>\n<p>\u2013 N\u00e5 begynner virkelig oppbyggingen. Vi er veldig spent p\u00e5 \u00e5 ta imot publikum p\u00e5 den f\u00f8rste operaforestillingen i Br\u00e6in operasal, legger operasjefen til.<\/p>\n<p>Hun nevner den nylige suksessen med \u00abN\u00f8tteknekkeren\u00bb som en god test av den nye scenen.<\/p>\n<p>   <img decoding=\"async\" width=\"6000\" height=\"4000\" fetchpriority=\"low\"  loading=\"lazy\"  src=\"https:\/\/www.europesays.com\/no\/wp-content\/uploads\/2025\/12\/DSC_6211.JPG\" alt=\"\" class=\"brick-c-cFOWSL\" style=\"--brick-image-ratio: 6000 \/ 4000;\"\/><\/p>\n<p>      \u2013 Reaksjonene fra publikum har v\u00e6rt utelukkende positive. Virkelig. Man ser forskjellen p\u00e5 hva man kan f\u00e5 til i Festiviteten, og hva man kan f\u00e5 til i Nordmoria, understreker Helene Backer.<br \/>\n      Foto: Oda Wiik\n    <\/p>\n<p>  <a href=\"https:\/\/www.tk.no\/5-51-1781004\" class=\"related-teaser has-image default-story-teaser article--c-eRUmMG article--c-eRUmMG-jKCPdD-design-default\" rel=\"nofollow noopener\" target=\"_blank\"><\/p>\n<p>    <img decoding=\"async\" loading=\"lazy\"  src=\"https:\/\/www.europesays.com\/no\/wp-content\/uploads\/2025\/12\/DSC_6193.JPG\" alt=\"\" class=\"brick-c-cFOWSL\" style=\"\"\/><\/p>\n<p>\n            Les ogs\u00e5<\/p>\n<p>              Den folkekj\u00e6re teaterforestillingen kommer til Kristiansund: \u2013 St\u00f8rre enn det noen gang har v\u00e6rt\n        <\/p>\n<p>  <\/a><\/p>\n<p>  <a href=\"https:\/\/www.tk.no\/5-51-1781175\" class=\"related-teaser has-image default-opinion-teaser article--c-eRUmMG article--c-eRUmMG-jKCPdD-design-default\" rel=\"nofollow noopener\" target=\"_blank\"><\/p>\n<p>    <img decoding=\"async\" loading=\"lazy\"  src=\"https:\/\/www.europesays.com\/no\/wp-content\/uploads\/2025\/12\/KommentarLedermal+%2810%29.png\" alt=\"\" class=\"brick-c-cFOWSL\" style=\"\"\/><\/p>\n<p>\n            Les ogs\u00e5<\/p>\n<p>              De nye t\u00f8flene sitter godt p\u00e5 foten\n        <\/p>\n<p>  <\/a><\/p>\n<p>  <a href=\"https:\/\/www.tk.no\/5-51-1787340\" class=\"related-teaser has-image default-story-teaser article--c-eRUmMG article--c-eRUmMG-jKCPdD-design-default\" rel=\"nofollow noopener\" target=\"_blank\"><\/p>\n<p>    <img decoding=\"async\" loading=\"lazy\"  src=\"https:\/\/www.europesays.com\/no\/wp-content\/uploads\/2025\/12\/DSC_2239.jpg\" alt=\"\" class=\"brick-c-cFOWSL\" style=\"\"\/><\/p>\n<p>\n            Les ogs\u00e5<\/p>\n<p>              Flere millioner til nytt samarbeid: \u2013 \u00c5rets mest gledelige julegave\n        <\/p>\n<p>  <\/a><\/p>\n<p>  <a href=\"https:\/\/www.tk.no\/5-51-1787175\" class=\"related-teaser has-image default-story-teaser article--c-eRUmMG article--c-eRUmMG-jKCPdD-design-default\" rel=\"nofollow noopener\" target=\"_blank\"><\/p>\n<p>    <img decoding=\"async\" loading=\"lazy\"  src=\"https:\/\/www.europesays.com\/no\/wp-content\/uploads\/2025\/12\/596287947_10164057131060428_6314662229133265229_n.jpg\" alt=\"\" class=\"brick-c-cFOWSL\" style=\"\"\/><\/p>\n<p>\n            Les ogs\u00e5<\/p>\n<p>              Er fullbooket p\u00e5 julaften: \u2013 M\u00e5 dusje, f\u00f8ne, t\u00f8rke og sminke\n        <\/p>\n<p>  <\/a><\/p>\n","protected":false},"excerpt":{"rendered":"\u2013 Dette er det st\u00f8rste kultursponsoratet p\u00e5 Nordm\u00f8re og betyr enormt mye for oss, sier operasjef Line L\u00f8nning&hellip;\n","protected":false},"author":2,"featured_media":114986,"comment_status":"","ping_status":"","sticky":false,"template":"","format":"standard","meta":{"footnotes":""},"categories":[58],"tags":[36,71,298,410,30,28,29,6985,1510,72],"class_list":{"0":"post-114985","1":"post","2":"type-post","3":"status-publish","4":"format-standard","5":"has-post-thumbnail","7":"category-underholdning","8":"tag-art","9":"tag-entertainment","10":"tag-kristiansund","11":"tag-kultur","12":"tag-no","13":"tag-norge","14":"tag-norway","15":"tag-opera","16":"tag-story","17":"tag-underholdning"},"share_on_mastodon":{"url":"https:\/\/pubeurope.com\/@no\/115731239184736295","error":""},"_links":{"self":[{"href":"https:\/\/www.europesays.com\/no\/wp-json\/wp\/v2\/posts\/114985","targetHints":{"allow":["GET"]}}],"collection":[{"href":"https:\/\/www.europesays.com\/no\/wp-json\/wp\/v2\/posts"}],"about":[{"href":"https:\/\/www.europesays.com\/no\/wp-json\/wp\/v2\/types\/post"}],"author":[{"embeddable":true,"href":"https:\/\/www.europesays.com\/no\/wp-json\/wp\/v2\/users\/2"}],"replies":[{"embeddable":true,"href":"https:\/\/www.europesays.com\/no\/wp-json\/wp\/v2\/comments?post=114985"}],"version-history":[{"count":0,"href":"https:\/\/www.europesays.com\/no\/wp-json\/wp\/v2\/posts\/114985\/revisions"}],"wp:featuredmedia":[{"embeddable":true,"href":"https:\/\/www.europesays.com\/no\/wp-json\/wp\/v2\/media\/114986"}],"wp:attachment":[{"href":"https:\/\/www.europesays.com\/no\/wp-json\/wp\/v2\/media?parent=114985"}],"wp:term":[{"taxonomy":"category","embeddable":true,"href":"https:\/\/www.europesays.com\/no\/wp-json\/wp\/v2\/categories?post=114985"},{"taxonomy":"post_tag","embeddable":true,"href":"https:\/\/www.europesays.com\/no\/wp-json\/wp\/v2\/tags?post=114985"}],"curies":[{"name":"wp","href":"https:\/\/api.w.org\/{rel}","templated":true}]}}