{"id":114989,"date":"2025-12-16T21:00:21","date_gmt":"2025-12-16T21:00:21","guid":{"rendered":"https:\/\/www.europesays.com\/no\/114989\/"},"modified":"2025-12-16T21:00:21","modified_gmt":"2025-12-16T21:00:21","slug":"dembele-til-topps-i-fifa-karing-slo-mbappe-og-yamal-nrk","status":"publish","type":"post","link":"https:\/\/www.europesays.com\/no\/114989\/","title":{"rendered":"Demb\u00e9l\u00e9 til topps i Fifa-k\u00e5ring \u2013 slo Mbapp\u00e9 og Yamal &#8211; NRK"},"content":{"rendered":"<ol>\n<li><a href=\"https:\/\/news.google.com\/rss\/articles\/CBMikwFBVV95cUxNTGlsVU1zZE83bjJGMDNXdWE1Z0sxekJ2NWFLclZ1MzZNMUlzZThtSnJTUm82a0VVRDBRVzNCUHRSUmlJd2xsRjd4RjVSMnpvQ1JXbDEtdThJS2pLdmxDbGRpWWlBTkZKRDJTN00yTjdaNHVOeHZ1Ql9GU1RfcVNMZlNoQWtKQVE5RXpwWGFpcjIxTFU?oc=5\" target=\"_blank\" rel=\"nofollow noopener\">Demb\u00e9l\u00e9 til topps i Fifa-k\u00e5ring \u2013 slo Mbapp\u00e9 og Yamal<\/a>&nbsp;&nbsp;NRK<\/li>\n<li><a href=\"https:\/\/news.google.com\/rss\/articles\/CBMilgFBVV95cUxQd1h4N2huOXdwTkFNMkZOck9HV0lFODhfUWtfMWNNLUpiMm9IZnBId1lScW9EQkhRVkZiSDVEZk1oWjlRZkVhRU1haXhTU3hmX0ExbVNCX2RhZVlxNUM2cm9tWWx1OVJTUjFzb0xFX0lSMnUzNUJtLTdRRmh0b2QxcG1CbXRsdHRfN0dWT2ZCdHpnRU52dEE?oc=5\" target=\"_blank\" rel=\"nofollow noopener\">PSG-stjernen Ousmane Demb\u00e9l\u00e9 k\u00e5ret til \u00e5rets spiller i verden av Fifa \u2013 Erling Braut Haaland ikke med p\u00e5 \u00e5rets lag<\/a>&nbsp;&nbsp;VG<\/li>\n<li><a href=\"https:\/\/news.google.com\/rss\/articles\/CBMifkFVX3lxTE5vTjl5WTZqbzNxSlJQcnprN3NLMFFHQVItVHVOc20zVTFFY1dIRFhEajR5Yll5c3NYVmd1a0h0TlRxMHBaMmY4OVY2RGF0MVpuTkpZdUhETVQ3cTZ0UmFGMHBwWkV4SmFFQ3JEd1JIakk1aDBmQkNBOEk4dm96Zw?oc=5\" target=\"_blank\" rel=\"nofollow noopener\">Bonmat\u00ed k\u00e5ret til \u00e5rets beste spiller<\/a>&nbsp;&nbsp;NRK<\/li>\n<li><a href=\"https:\/\/news.google.com\/rss\/articles\/CBMi3wFBVV95cUxOcnRMTFZVRHJtX3VKbGlwSjF6cmEzZFk5UWxuMjNBY1hjeWhWdzcyWmJ2bEc4WDdjNVhUTzBXcF81V2NjckYwZUp4LU9xdE5ZdUZTQzQzN3c2ZWlCMkRoR0hncFdPMjlKYjBzUmtpTTF4VHNqVUdncF93UUdhQTdfUE1MR0xLWUUtalp5M25jRjBYVFYwV2dSdWYwbkpPdDRZTkJKRlBkMmZVd3pKbHNOUVRXWWh3OFJOSWFJMDdJRFR1WVNJREZkdVd5N0w2REtOYzJXc21DMi1NRGRQelVJ?oc=5\" target=\"_blank\" rel=\"nofollow noopener\">Dembel\u00e9 k\u00e5ret til \u00e5rets spiller p\u00e5 Fifa-galla \u2013 danket ut Mbapp\u00e9 og Yamal<\/a>&nbsp;&nbsp;TV2.no<\/li>\n<li><a href=\"https:\/\/news.google.com\/rss\/articles\/CBMitwFBVV95cUxQVngtLW5Dd3pJajd6UGVuVkpCVTkzU2xSZkpYd3VadDNUSzhCcmRJZkIyWTVnSDhhOWZaUjZ0Y2VIMG0xaGZoRWtkOHEwQzdPcG9WSENpbGhBNnpaQlJiMVBYS0VrTnZBbW9pVmFnSHZEd01OYkdnenp4T18wZFAwQVRtcGJoUnlzNzd0dHFULUhVekZ6bmk5WklxSk9Cd0tYV3ZJZFU4Y1VWS3czLXpnR1hGX2xoRHM?oc=5\" target=\"_blank\" rel=\"nofollow noopener\">Demb\u00e9l\u00e9 og Bonmat\u00ed vinner FIFA The Best-prisene, men det er uenighet om \u00e5rets lag<\/a>&nbsp;&nbsp;Gamereactor<\/li>\n<\/ol>\n","protected":false},"excerpt":{"rendered":"Demb\u00e9l\u00e9 til topps i Fifa-k\u00e5ring \u2013 slo Mbapp\u00e9 og Yamal&nbsp;&nbsp;NRK PSG-stjernen Ousmane Demb\u00e9l\u00e9 k\u00e5ret til \u00e5rets spiller i&hellip;\n","protected":false},"author":2,"featured_media":114990,"comment_status":"","ping_status":"","sticky":false,"template":"","format":"standard","meta":{"footnotes":""},"categories":[59],"tags":[30,28,29,83,82],"class_list":{"0":"post-114989","1":"post","2":"type-post","3":"status-publish","4":"format-standard","5":"has-post-thumbnail","7":"category-sport","8":"tag-no","9":"tag-norge","10":"tag-norway","11":"tag-sport","12":"tag-sports"},"share_on_mastodon":{"url":"https:\/\/pubeurope.com\/@no\/115731262575677682","error":""},"_links":{"self":[{"href":"https:\/\/www.europesays.com\/no\/wp-json\/wp\/v2\/posts\/114989","targetHints":{"allow":["GET"]}}],"collection":[{"href":"https:\/\/www.europesays.com\/no\/wp-json\/wp\/v2\/posts"}],"about":[{"href":"https:\/\/www.europesays.com\/no\/wp-json\/wp\/v2\/types\/post"}],"author":[{"embeddable":true,"href":"https:\/\/www.europesays.com\/no\/wp-json\/wp\/v2\/users\/2"}],"replies":[{"embeddable":true,"href":"https:\/\/www.europesays.com\/no\/wp-json\/wp\/v2\/comments?post=114989"}],"version-history":[{"count":0,"href":"https:\/\/www.europesays.com\/no\/wp-json\/wp\/v2\/posts\/114989\/revisions"}],"wp:featuredmedia":[{"embeddable":true,"href":"https:\/\/www.europesays.com\/no\/wp-json\/wp\/v2\/media\/114990"}],"wp:attachment":[{"href":"https:\/\/www.europesays.com\/no\/wp-json\/wp\/v2\/media?parent=114989"}],"wp:term":[{"taxonomy":"category","embeddable":true,"href":"https:\/\/www.europesays.com\/no\/wp-json\/wp\/v2\/categories?post=114989"},{"taxonomy":"post_tag","embeddable":true,"href":"https:\/\/www.europesays.com\/no\/wp-json\/wp\/v2\/tags?post=114989"}],"curies":[{"name":"wp","href":"https:\/\/api.w.org\/{rel}","templated":true}]}}